{"id":79983,"date":"2018-10-07T22:50:43","date_gmt":"2018-10-07T19:50:43","guid":{"rendered":"https:\/\/www.enerjigazetesi.ist\/?p=79983"},"modified":"2018-10-07T22:50:43","modified_gmt":"2018-10-07T19:50:43","slug":"turkiye-de-gunluk-elektrik-talebi-1-twh-sinirini-ne-zaman-gecti","status":"publish","type":"post","link":"https:\/\/www.enerjigazetesi.ist\/en\/turkiye-de-gunluk-elektrik-talebi-1-twh-sinirini-ne-zaman-gecti\/","title":{"rendered":"(Turkish) T\u00fcrkiye\u2019de G\u00fcnl\u00fck Elektrik Talebi 1 TWH S\u0131n\u0131r\u0131n\u0131 Ne Zaman Ge\u00e7ti?"},"content":{"rendered":"<p class=\"qtranxs-available-languages-message qtranxs-available-languages-message-en\">Sorry, this entry is only available in <a href=\"https:\/\/www.enerjigazetesi.ist\/tr\/wp-json\/wp\/v2\/posts\/79983\" class=\"qtranxs-available-language-link qtranxs-available-language-link-tr\" title=\"Turkish\">Turkish<\/a>. For the sake of viewer convenience, the content is shown below in the alternative language. You may click the link to switch the active language.<\/p><p><strong>T\u00fcrkiye\u2019nin elektrik \u00fcretiminde do\u011frudan izlenen santraller daha \u00e7ok iletime ba\u011fl\u0131 santrallerdir. Lisanss\u0131z g\u00fcne\u015f santralleri gibi daha \u00e7ok da\u011f\u0131t\u0131m\u0131n alt\u0131ndaki santrallerin verisi ancak daha sonra kesinle\u015fmektedir. <\/strong><\/p>\n<p>Gerek k\u00fc\u00e7\u00fck \u00fcretimleri gerekse de elektrik sisteminin al\u0131\u015f\u0131k olmad\u0131\u011f\u0131 \u201cda\u011f\u0131t\u0131k\u201d yap\u0131lar\u0131 t\u00fcm elektrik istatistiklerinde bir sapmaya yol a\u00e7maktad\u0131r. Elektrik \u00fcretim rakamlar\u0131 ayn\u0131 zamanda ekonomik <img loading=\"lazy\" class=\"alignright size-medium wp-image-79984\" src=\"https:\/\/www.enerjigazetesi.ist\/wp-content\/uploads\/2018\/10\/turkiye-de-gunluk-elektrik-talebi-1-twh-sinirini-ne-zaman-gecti-300x150.jpg\" alt=\"\" width=\"300\" height=\"150\" srcset=\"https:\/\/www.enerjigazetesi.ist\/wp-content\/uploads\/2018\/10\/turkiye-de-gunluk-elektrik-talebi-1-twh-sinirini-ne-zaman-gecti-300x150.jpg 300w, https:\/\/www.enerjigazetesi.ist\/wp-content\/uploads\/2018\/10\/turkiye-de-gunluk-elektrik-talebi-1-twh-sinirini-ne-zaman-gecti-768x384.jpg 768w, https:\/\/www.enerjigazetesi.ist\/wp-content\/uploads\/2018\/10\/turkiye-de-gunluk-elektrik-talebi-1-twh-sinirini-ne-zaman-gecti-500x250.jpg 500w, https:\/\/www.enerjigazetesi.ist\/wp-content\/uploads\/2018\/10\/turkiye-de-gunluk-elektrik-talebi-1-twh-sinirini-ne-zaman-gecti-80x40.jpg 80w, https:\/\/www.enerjigazetesi.ist\/wp-content\/uploads\/2018\/10\/turkiye-de-gunluk-elektrik-talebi-1-twh-sinirini-ne-zaman-gecti.jpg 880w\" sizes=\"(max-width: 300px) 100vw, 300px\" \/>b\u00fcy\u00fcmenin de \u00f6nc\u00fc g\u00f6stergelerinden oldu\u011fundan, bu etki ba\u015fka istatistikleri de sapt\u0131rabilmektedir.<\/p>\n<p>T\u00fcrkiye tarihinde ilk defa 2 A\u011fustos 2018\u2019de g\u00fcnl\u00fck elektrik \u00fcretimi 1 TWh, yani 1 milyar kWh\/g\u00fcn\u00fc a\u015fm\u0131\u015ft\u0131r.<\/p>\n<p>G\u00fcne\u015f verileri t\u00fcm elektrik verileri i\u00e7inde art\u0131k \u00f6nemli bir yer tutmaya ba\u015flam\u0131\u015ft\u0131r. Fakat da\u011f\u0131t\u0131m sisteminin alt\u0131nda olmalar\u0131 bu verilere di\u011fer elektrik verileri kadar h\u0131zl\u0131 eri\u015fimi engellemektedir. Yaz aylar\u0131nda g\u00fcne\u015fin toplam \u00fcretimdeki pay\u0131 %3,3\u2019e denk gelmektedir. G\u00fcne\u015flenme zaman\u0131ndan dolay\u0131 k\u0131\u015f\u0131n \u00e7ok daha d\u00fc\u015f\u00fck olacakt\u0131r. Ayn\u0131 \u015fekilde ekonomik b\u00fcy\u00fcmenin \u00f6nc\u00fc g\u00f6stergelerinden elektrik talebindeki b\u00fcy\u00fcmede ise g\u00fcne\u015f \u00fcretim rakamlar\u0131 (EP\u0130A\u015e ve TE\u0130A\u015e veri taban\u0131na hemen girmedi\u011finden) g\u00f6r\u00fclmemektedir. Oysa %3,3\u2019l\u00fck rakam \u00e7ok b\u00fcy\u00fck bir rakamd\u0131r.<\/p>\n<p>Kesin olarak s\u00f6ylenemese de lisansl\u0131 g\u00fcne\u015f \u00fcretimi baz al\u0131n\u0131rsa:<\/p>\n<p>&#8211; T\u00fcrkiye g\u00fcnl\u00fck elektrik \u00fcretiminin 2 A\u011fustos 2018\u2019de 1 milyar kWh\/g\u00fcn rakam\u0131n\u0131,<\/p>\n<p>&#8211; Talebin ise 49500 MW\u2019\u0131 ge\u00e7ti\u011fi s\u00f6ylenebilir.<\/p>\n<p>E\u011fer g\u00fcne\u015f dikkate al\u0131nmaz ise, sadece TE\u0130A\u015e\u2019\u0131n iletimden g\u00f6rd\u00fc\u011f\u00fc elektrik \u00fcretim art\u0131\u015f\u0131 %2\u2019lerin alt\u0131nda olacakt\u0131r.<\/p>\n<p><a href=\"https:\/\/www.dunyaenerji.org.tr\/turkiyenin-gunluk-elektrik-talebi-1-twhi-ne-zaman-gecti\/\" target=\"_blank\" rel=\"noopener\">Yaz\u0131n\u0131n Devam\u0131 \u0130\u00e7in TIKLAYINIZ &gt;&gt;&gt;<\/a><\/p>","protected":false},"excerpt":{"rendered":"<p>Sorry, this entry is only available in Turkish. For the sake of viewer convenience, the content is shown below in the alternative language. You may click the link to switch the active language.T\u00fcrkiye\u2019nin elektrik \u00fcretiminde do\u011frudan izlenen santraller daha \u00e7ok iletime ba\u011fl\u0131 santrallerdir. Lisanss\u0131z g\u00fcne\u015f santralleri gibi daha \u00e7ok da\u011f\u0131t\u0131m\u0131n alt\u0131ndaki santrallerin verisi ancak daha [&hellip;]<\/p>\n","protected":false},"author":1,"featured_media":79984,"comment_status":"open","ping_status":"open","sticky":false,"template":"","format":"standard","meta":[],"categories":[51,53],"tags":[34979,19638,26353,67,1009,1010,39912,1582,846],"views":833,"_links":{"self":[{"href":"https:\/\/www.enerjigazetesi.ist\/en\/wp-json\/wp\/v2\/posts\/79983"}],"collection":[{"href":"https:\/\/www.enerjigazetesi.ist\/en\/wp-json\/wp\/v2\/posts"}],"about":[{"href":"https:\/\/www.enerjigazetesi.ist\/en\/wp-json\/wp\/v2\/types\/post"}],"author":[{"embeddable":true,"href":"https:\/\/www.enerjigazetesi.ist\/en\/wp-json\/wp\/v2\/users\/1"}],"replies":[{"embeddable":true,"href":"https:\/\/www.enerjigazetesi.ist\/en\/wp-json\/wp\/v2\/comments?post=79983"}],"version-history":[{"count":1,"href":"https:\/\/www.enerjigazetesi.ist\/en\/wp-json\/wp\/v2\/posts\/79983\/revisions"}],"predecessor-version":[{"id":79985,"href":"https:\/\/www.enerjigazetesi.ist\/en\/wp-json\/wp\/v2\/posts\/79983\/revisions\/79985"}],"wp:featuredmedia":[{"embeddable":true,"href":"https:\/\/www.enerjigazetesi.ist\/en\/wp-json\/wp\/v2\/media\/79984"}],"wp:attachment":[{"href":"https:\/\/www.enerjigazetesi.ist\/en\/wp-json\/wp\/v2\/media?parent=79983"}],"wp:term":[{"taxonomy":"category","embeddable":true,"href":"https:\/\/www.enerjigazetesi.ist\/en\/wp-json\/wp\/v2\/categories?post=79983"},{"taxonomy":"post_tag","embeddable":true,"href":"https:\/\/www.enerjigazetesi.ist\/en\/wp-json\/wp\/v2\/tags?post=79983"}],"curies":[{"name":"wp","href":"https:\/\/api.w.org\/{rel}","templated":true}]}}