{"id":79929,"date":"2018-10-06T21:33:58","date_gmt":"2018-10-06T18:33:58","guid":{"rendered":"https:\/\/www.enerjigazetesi.ist\/?p=79929"},"modified":"2018-10-06T21:41:12","modified_gmt":"2018-10-06T18:41:12","slug":"almanyadan-fildisi-sahilindeki-gunes-santrali-ne-40-milyon-euro-finansman","status":"publish","type":"post","link":"https:\/\/www.enerjigazetesi.ist\/en\/almanyadan-fildisi-sahilindeki-gunes-santrali-ne-40-milyon-euro-finansman\/","title":{"rendered":"(Turkish) Almanya&#8217;dan Fildi\u015fi Sahili\u2019ndeki GES&#8217;e 40 Milyon Euro&#8217;luk Finansman!"},"content":{"rendered":"<p class=\"qtranxs-available-languages-message qtranxs-available-languages-message-en\">Sorry, this entry is only available in <a href=\"https:\/\/www.enerjigazetesi.ist\/tr\/wp-json\/wp\/v2\/posts\/79929\" class=\"qtranxs-available-language-link qtranxs-available-language-link-tr\" title=\"Turkish\">Turkish<\/a>. For the sake of viewer convenience, the content is shown below in the alternative language. You may click the link to switch the active language.<\/p><p><strong>Bat\u0131 Afrika \u00fclkesi konumundaki Fildi\u015fi Sahili, yenilenebilir enerjinin enerji \u00e7e\u015fitlili\u011findeki pay\u0131n\u0131 2020&#8217;ye kadar % 11\u2019e y\u00fckseltecek olup \u00e7al\u0131\u015fmayla Fildi\u015fi Sahili\u2019ndeki g\u00fcne\u015f enerjisi santrali Almanya taraf\u0131ndan finanse edilecek.<img loading=\"lazy\" class=\"alignright size-medium wp-image-79930\" src=\"https:\/\/www.enerjigazetesi.ist\/wp-content\/uploads\/2018\/10\/almanyadan-fildisi-sahilindeki-gunes-santrali-ne-40-milyon-euro-finansman-300x200.jpg\" alt=\"\" width=\"300\" height=\"200\" srcset=\"https:\/\/www.enerjigazetesi.ist\/wp-content\/uploads\/2018\/10\/almanyadan-fildisi-sahilindeki-gunes-santrali-ne-40-milyon-euro-finansman-300x200.jpg 300w, https:\/\/www.enerjigazetesi.ist\/wp-content\/uploads\/2018\/10\/almanyadan-fildisi-sahilindeki-gunes-santrali-ne-40-milyon-euro-finansman-500x333.jpg 500w, https:\/\/www.enerjigazetesi.ist\/wp-content\/uploads\/2018\/10\/almanyadan-fildisi-sahilindeki-gunes-santrali-ne-40-milyon-euro-finansman-75x50.jpg 75w, https:\/\/www.enerjigazetesi.ist\/wp-content\/uploads\/2018\/10\/almanyadan-fildisi-sahilindeki-gunes-santrali-ne-40-milyon-euro-finansman.jpg 600w\" sizes=\"(max-width: 300px) 100vw, 300px\" \/><\/strong><span id=\"more-102219\"><\/span><\/p>\n<p>Le Monde\u2019un Afrika b\u00f6lgesine y\u00f6nelik haberine g\u00f6re; Almanya, Fildi\u015fi Sahili\u2019ndeki ilk g\u00fcne\u015f enerjisi santraline y\u00f6nelik yakla\u015f\u0131k 40 milyon euroluk finansman sa\u011flayacak. Afrika&#8217;da kurulacak santralin maksimum elektrik g\u00fcc\u00fcn\u00fcn 37.5 mwp olaca\u011f\u0131 ve 2020&#8217;ye kadar Afrika&#8217;n\u0131n \u00fclke hedefleri \u00e7er\u00e7evesinde enerji \u00e7e\u015fitlili\u011findeki pay\u0131n\u0131 %11&#8217;lere ula\u015ft\u0131rmas\u0131 planlanmaktad\u0131r.<\/p>\n<p>AB Almanya B\u00fcy\u00fckel\u00e7ili\u011fi, finansma i\u00e7in \u00f6denecek tutar\u0131n Alman kalk\u0131nma bankas\u0131nca kar\u015f\u0131lanaca\u011f\u0131n\u0131 ve ilk ba\u015fta 9.700.000 euroluk bir katk\u0131yla ba\u015flayarak sonras\u0131nda bu finansman ile toplamda 27 milyon euroluk \u00f6deme yap\u0131laca\u011f\u0131 a\u00e7\u0131kland\u0131.<\/p>","protected":false},"excerpt":{"rendered":"<p>Sorry, this entry is only available in Turkish. For the sake of viewer convenience, the content is shown below in the alternative language. You may click the link to switch the active language.Bat\u0131 Afrika \u00fclkesi konumundaki Fildi\u015fi Sahili, yenilenebilir enerjinin enerji \u00e7e\u015fitlili\u011findeki pay\u0131n\u0131 2020&#8217;ye kadar % 11\u2019e y\u00fckseltecek olup \u00e7al\u0131\u015fmayla Fildi\u015fi Sahili\u2019ndeki g\u00fcne\u015f enerjisi santrali [&hellip;]<\/p>\n","protected":false},"author":1,"featured_media":79930,"comment_status":"open","ping_status":"open","sticky":false,"template":"","format":"standard","meta":[],"categories":[51,53,49],"tags":[929,67,1009,39897,1265,28351,35038,13,23416,2569,23133,2401,39896,35037,23131,26829],"views":1725,"_links":{"self":[{"href":"https:\/\/www.enerjigazetesi.ist\/en\/wp-json\/wp\/v2\/posts\/79929"}],"collection":[{"href":"https:\/\/www.enerjigazetesi.ist\/en\/wp-json\/wp\/v2\/posts"}],"about":[{"href":"https:\/\/www.enerjigazetesi.ist\/en\/wp-json\/wp\/v2\/types\/post"}],"author":[{"embeddable":true,"href":"https:\/\/www.enerjigazetesi.ist\/en\/wp-json\/wp\/v2\/users\/1"}],"replies":[{"embeddable":true,"href":"https:\/\/www.enerjigazetesi.ist\/en\/wp-json\/wp\/v2\/comments?post=79929"}],"version-history":[{"count":6,"href":"https:\/\/www.enerjigazetesi.ist\/en\/wp-json\/wp\/v2\/posts\/79929\/revisions"}],"predecessor-version":[{"id":79933,"href":"https:\/\/www.enerjigazetesi.ist\/en\/wp-json\/wp\/v2\/posts\/79929\/revisions\/79933"}],"wp:featuredmedia":[{"embeddable":true,"href":"https:\/\/www.enerjigazetesi.ist\/en\/wp-json\/wp\/v2\/media\/79930"}],"wp:attachment":[{"href":"https:\/\/www.enerjigazetesi.ist\/en\/wp-json\/wp\/v2\/media?parent=79929"}],"wp:term":[{"taxonomy":"category","embeddable":true,"href":"https:\/\/www.enerjigazetesi.ist\/en\/wp-json\/wp\/v2\/categories?post=79929"},{"taxonomy":"post_tag","embeddable":true,"href":"https:\/\/www.enerjigazetesi.ist\/en\/wp-json\/wp\/v2\/tags?post=79929"}],"curies":[{"name":"wp","href":"https:\/\/api.w.org\/{rel}","templated":true}]}}