{"id":79917,"date":"2018-10-06T20:40:43","date_gmt":"2018-10-06T17:40:43","guid":{"rendered":"https:\/\/www.enerjigazetesi.ist\/?p=79917"},"modified":"2018-10-06T20:40:43","modified_gmt":"2018-10-06T17:40:43","slug":"elektrik-zamlari-vatandasin-butcesini-daraltirken-sirketlere-kazanc-sagliyor","status":"publish","type":"post","link":"https:\/\/www.enerjigazetesi.ist\/en\/elektrik-zamlari-vatandasin-butcesini-daraltirken-sirketlere-kazanc-sagliyor\/","title":{"rendered":"(Turkish) Elektrik Zamlar\u0131 Vatanda\u015f\u0131n B\u00fct\u00e7esini Daralt\u0131rken \u015eirketlere Kazan\u00e7 Sa\u011fl\u0131yor"},"content":{"rendered":"<p class=\"qtranxs-available-languages-message qtranxs-available-languages-message-en\">Sorry, this entry is only available in <a href=\"https:\/\/www.enerjigazetesi.ist\/tr\/wp-json\/wp\/v2\/posts\/79917\" class=\"qtranxs-available-language-link qtranxs-available-language-link-tr\" title=\"Turkish\">Turkish<\/a>. For the sake of viewer convenience, the content is shown below in the alternative language. You may click the link to switch the active language.<\/p><p><strong>T\u00fcrkiye, elektri\u011finin yakla\u015f\u0131k 4\u2019te 1\u2019ini kamu, yani Elektrik \u00dcretim A\u015e taraf\u0131ndan \u00fcretmektedir. Kalan 4\u2019te 3\u2019l\u00fck k\u0131s\u0131m ise \u00f6zel \u015firketlerin \u00f6zelle\u015ftirme \u00e7er\u00e7evesinde devletten ald\u0131\u011f\u0131 ya da yurtd\u0131\u015f\u0131ndan getirdikleri krediyle kendilerince yap\u0131lan santrallerde \u00fcretilmektedir.<\/strong><\/p>\n<p>Zamlardan \u00f6t\u00fcr\u00fc vatanda\u015f\u0131n cebinden \u00e7\u0131kmakta olan paran\u0131n yakla\u015f\u0131k y\u00fczde 25\u2019i kamuya, geriye kalan as\u0131l b\u00fcy\u00fck k\u0131sm\u0131 ise y\u00fczde 75\u2019lik payla say\u0131lar\u0131 300\u2019\u00fc bulan \u00f6zel sekt\u00f6re ait elektrik \u015firketlerinin kasas\u0131na <img loading=\"lazy\" class=\"alignright size-medium wp-image-79918\" src=\"https:\/\/www.enerjigazetesi.ist\/wp-content\/uploads\/2018\/10\/elektrik-zamlari-vatandasin-butcesini-daraltirken-sirketlere-kazanc-sagliyor-300x169.jpg\" alt=\"\" width=\"300\" height=\"169\" srcset=\"https:\/\/www.enerjigazetesi.ist\/wp-content\/uploads\/2018\/10\/elektrik-zamlari-vatandasin-butcesini-daraltirken-sirketlere-kazanc-sagliyor-300x169.jpg 300w, https:\/\/www.enerjigazetesi.ist\/wp-content\/uploads\/2018\/10\/elektrik-zamlari-vatandasin-butcesini-daraltirken-sirketlere-kazanc-sagliyor-768x432.jpg 768w, https:\/\/www.enerjigazetesi.ist\/wp-content\/uploads\/2018\/10\/elektrik-zamlari-vatandasin-butcesini-daraltirken-sirketlere-kazanc-sagliyor-500x281.jpg 500w, https:\/\/www.enerjigazetesi.ist\/wp-content\/uploads\/2018\/10\/elektrik-zamlari-vatandasin-butcesini-daraltirken-sirketlere-kazanc-sagliyor-80x45.jpg 80w, https:\/\/www.enerjigazetesi.ist\/wp-content\/uploads\/2018\/10\/elektrik-zamlari-vatandasin-butcesini-daraltirken-sirketlere-kazanc-sagliyor.jpg 879w\" sizes=\"(max-width: 300px) 100vw, 300px\" \/>girmi\u015f olacak.<\/p>\n<p>Zamm\u0131 savunan elektrik \u015firketleri, elektrik fiyatlar\u0131na y\u0131llard\u0131r yeterli zam yap\u0131lmad\u0131\u011f\u0131 i\u00e7in zarar etmeye ba\u015flad\u0131klar\u0131n\u0131, yap\u0131lan bu zamlarla ancak maliyet ve sat\u0131\u015f fiyat\u0131 y\u00f6n\u00fcnden ba\u015faba\u015f noktas\u0131na geldiklerini savundular. Ancak yap\u0131lan zamlar tamamen ithal girdiyle elektrik \u00fcreten \u015firketlere daha d\u00fc\u015f\u00fck kazan\u00e7 sa\u011flarken, girdisi ithal olmayan \u015firketler i\u00e7in ola\u011fan\u00fcst\u00fc k\u00e2r anlam\u0131na geliyor.<\/p>\n<p>2017 y\u0131l\u0131 sonu itibari ile elektri\u011fin y\u00fczde 37.7\u2019si ithal edilen do\u011falgazdan, y\u00fczde 17.3\u2019\u00fc de ithal k\u00f6m\u00fcrden olmak \u00fczere y\u00fczde 55\u2019i h\u00e2l\u00e2 ithal kaynaklardan \u00fcretilmektedir. Buna kar\u015f\u0131l\u0131k barajlardan \u00fcretilen elektri\u011fin pay\u0131 y\u00fczde 14.2\u2019lere kadar d\u00fc\u015fm\u00fc\u015ft\u00fcr.B\u00f6ylece enerjinin ithal kaynaklarla \u00fcretilmesi d\u00f6vize ve do\u011falgaza gelen her zamm\u0131n elektrik fiyatlar\u0131na yans\u0131mas\u0131na yol a\u00e7maktad\u0131r. Zamlara sebep bir di\u011fer neden ise elektrik da\u011f\u0131t\u0131m\u0131n\u0131n \u00f6zelle\u015ftirilmesinden meydana gelmektedir. \u00d6zelle\u015ftirme elektrikte meydana gelen kay\u0131p ka\u00e7a\u011f\u0131n azalt\u0131laca\u011f\u0131 iddias\u0131yla yap\u0131lm\u0131\u015f iken g\u00fcn\u00fcm\u00fczde ortalama kay\u0131p-ka\u00e7ak oran\u0131 y\u00fczde 15-16 gibi \u00e7ok y\u00fcksek seviyelerdedir.<\/p>","protected":false},"excerpt":{"rendered":"<p>Sorry, this entry is only available in Turkish. For the sake of viewer convenience, the content is shown below in the alternative language. You may click the link to switch the active language.T\u00fcrkiye, elektri\u011finin yakla\u015f\u0131k 4\u2019te 1\u2019ini kamu, yani Elektrik \u00dcretim A\u015e taraf\u0131ndan \u00fcretmektedir. Kalan 4\u2019te 3\u2019l\u00fck k\u0131s\u0131m ise \u00f6zel \u015firketlerin \u00f6zelle\u015ftirme \u00e7er\u00e7evesinde devletten ald\u0131\u011f\u0131 [&hellip;]<\/p>\n","protected":false},"author":1,"featured_media":79918,"comment_status":"open","ping_status":"open","sticky":false,"template":"","format":"standard","meta":[],"categories":[51,53],"tags":[92,68,34979,1229,343,19638,2465,26353,657,63,67,1009,1033,2326,10164,474,846],"views":755,"_links":{"self":[{"href":"https:\/\/www.enerjigazetesi.ist\/en\/wp-json\/wp\/v2\/posts\/79917"}],"collection":[{"href":"https:\/\/www.enerjigazetesi.ist\/en\/wp-json\/wp\/v2\/posts"}],"about":[{"href":"https:\/\/www.enerjigazetesi.ist\/en\/wp-json\/wp\/v2\/types\/post"}],"author":[{"embeddable":true,"href":"https:\/\/www.enerjigazetesi.ist\/en\/wp-json\/wp\/v2\/users\/1"}],"replies":[{"embeddable":true,"href":"https:\/\/www.enerjigazetesi.ist\/en\/wp-json\/wp\/v2\/comments?post=79917"}],"version-history":[{"count":1,"href":"https:\/\/www.enerjigazetesi.ist\/en\/wp-json\/wp\/v2\/posts\/79917\/revisions"}],"predecessor-version":[{"id":79919,"href":"https:\/\/www.enerjigazetesi.ist\/en\/wp-json\/wp\/v2\/posts\/79917\/revisions\/79919"}],"wp:featuredmedia":[{"embeddable":true,"href":"https:\/\/www.enerjigazetesi.ist\/en\/wp-json\/wp\/v2\/media\/79918"}],"wp:attachment":[{"href":"https:\/\/www.enerjigazetesi.ist\/en\/wp-json\/wp\/v2\/media?parent=79917"}],"wp:term":[{"taxonomy":"category","embeddable":true,"href":"https:\/\/www.enerjigazetesi.ist\/en\/wp-json\/wp\/v2\/categories?post=79917"},{"taxonomy":"post_tag","embeddable":true,"href":"https:\/\/www.enerjigazetesi.ist\/en\/wp-json\/wp\/v2\/tags?post=79917"}],"curies":[{"name":"wp","href":"https:\/\/api.w.org\/{rel}","templated":true}]}}