{"id":79904,"date":"2018-10-05T16:39:52","date_gmt":"2018-10-05T13:39:52","guid":{"rendered":"https:\/\/www.enerjigazetesi.ist\/?p=79904"},"modified":"2018-10-05T16:39:52","modified_gmt":"2018-10-05T13:39:52","slug":"enerjide-300u-askin-firma-gucunu-paylasacak","status":"publish","type":"post","link":"https:\/\/www.enerjigazetesi.ist\/en\/enerjide-300u-askin-firma-gucunu-paylasacak\/","title":{"rendered":"(Turkish) Enerjide 300\u2019\u00fc A\u015fk\u0131n Firma G\u00fcc\u00fcn\u00fc Payla\u015facak"},"content":{"rendered":"<p class=\"qtranxs-available-languages-message qtranxs-available-languages-message-en\">Sorry, this entry is only available in <a href=\"https:\/\/www.enerjigazetesi.ist\/tr\/wp-json\/wp\/v2\/posts\/79904\" class=\"qtranxs-available-language-link qtranxs-available-language-link-tr\" title=\"Turkish\">Turkish<\/a>. For the sake of viewer convenience, the content is shown below in the alternative language. You may click the link to switch the active language.<\/p><p><strong>\u00c7evre ve \u015eehircilik Bakanl\u0131\u011f\u0131, Orman ve Su i\u015fleri Bakanl\u0131\u011f\u0131, OST\u0130M Yenilenebilir Enerji ve \u00c7evre Teknolojileri K\u00fcmelenmesi\u2019nin destekleri, \u00e7ok say\u0131da b\u00fcy\u00fck kurum ve kurulu\u015fun proje orta\u011f\u0131 oldu\u011fu 11. E\u0130F Uluslararas\u0131 Enerji Kongresi ve Fuar\u0131\u2019nda 300\u2019\u00fc a\u015fk\u0131n firma g\u00fcc\u00fcn\u00fc payla\u015farak, \u00fclkenin en \u00f6nemli sorunlar\u0131ndan biri olan enerji sekt\u00f6r\u00fcn\u00fcn geli\u015fimine katk\u0131 sa\u011flayacak.<\/strong><\/p>\n<p>Ankara Ticaret Odas\u0131 Ba\u015fkan\u0131 G\u00fcrsel Baran\u2019\u0131n onursal ba\u015fkanl\u0131\u011f\u0131n\u0131 yapt\u0131\u011f\u0131 kongre ve fuara ba\u015fkanl\u0131k eden Avukat \u00c7i\u011fdem Dilek, ya\u015fanan son ekonomik geli\u015fmelerin her sekt\u00f6rde birliktelik duygusunu <img loading=\"lazy\" class=\"alignleft size-medium wp-image-79905\" src=\"https:\/\/www.enerjigazetesi.ist\/wp-content\/uploads\/2018\/10\/enerjide-300u-askin-firma-gucunu-paylasacak2-300x200.jpg\" alt=\"\" width=\"300\" height=\"200\" srcset=\"https:\/\/www.enerjigazetesi.ist\/wp-content\/uploads\/2018\/10\/enerjide-300u-askin-firma-gucunu-paylasacak2-300x200.jpg 300w, https:\/\/www.enerjigazetesi.ist\/wp-content\/uploads\/2018\/10\/enerjide-300u-askin-firma-gucunu-paylasacak2-500x333.jpg 500w, https:\/\/www.enerjigazetesi.ist\/wp-content\/uploads\/2018\/10\/enerjide-300u-askin-firma-gucunu-paylasacak2-75x50.jpg 75w, https:\/\/www.enerjigazetesi.ist\/wp-content\/uploads\/2018\/10\/enerjide-300u-askin-firma-gucunu-paylasacak2.jpg 732w\" sizes=\"(max-width: 300px) 100vw, 300px\" \/>art\u0131rd\u0131\u011f\u0131n\u0131 ancak, en fazla enerji sekt\u00f6r\u00fcn\u00fcn kenetlenme, \u00fclke i\u00e7in art\u0131 de\u011fer olu\u015fturma gayreti i\u00e7ine girdi\u011fini kaydetti.<\/p>\n<p>Dilek, bu y\u0131l 8-9 Kas\u0131m tarihlerinde Ankara\u2019da 11\u2019ncisini ger\u00e7ekle\u015ftirecekleri kongre ve fuara ilginin \u00f6nceki y\u0131llara g\u00f6re daha fazla olmas\u0131, yerli firmalar kadar yabanc\u0131 firmalar\u0131n da bu dev bulu\u015fmay\u0131 g\u00fcndemlerine almalar\u0131n\u0131n bunun en \u00f6nemli kan\u0131t\u0131 oldu\u011funu ifade ederek, \u015funlar\u0131 s\u00f6yledi:<\/p>\n<p>\u201c#enerjinipayla\u015f ve #enerjinifarket slogan\u0131yla y\u00fcr\u00fctt\u00fc\u011f\u00fcm\u00fcz b\u00fcy\u00fck bulu\u015fma, bu y\u0131l \u00f6nceki y\u0131llara g\u00f6re \u00e7ok daha fazla \u00f6nem ta\u015f\u0131yor. \u015eu an uluslararas\u0131 ekonomik sava\u015fta ciddi bir s\u0131nav veren \u00fclkemize enerji sa\u011flayanlar k\u0131sa, orta ve uzun vadede bu t\u00fcr ekonomik sorunlar\u0131n \u00fcstesinden gelmede kilit rol oynayacaklar\u0131n\u0131n fark\u0131ndalar. \u00c7\u00fcnk\u00fc ekonominin, hatta hayat\u0131n temelini enerji olu\u015fturuyor. Bu a\u015famada g\u00fc\u00e7 birli\u011fine gitmek, yeni teknolojileri bir arada g\u00f6rmek, fuar alan\u0131nda d\u00fczenlenecek ekonomik forumlarda g\u00f6r\u00fc\u015f bildirmek, sorunlar\u0131n \u00e7\u00f6z\u00fcm\u00fcne katk\u0131 sa\u011flamak isteyenlerin say\u0131s\u0131 h\u0131zla art\u0131yor. \u00d6ng\u00f6r\u00fcm\u00fcz 300\u2019\u00fc a\u015fk\u0131n firman\u0131n enerjide g\u00fcc\u00fcn\u00fc payla\u015faca\u011f\u0131 yolunda.\u201d<\/p>\n<p>\u00c7i\u011fdem Dilek, ge\u00e7en hafta Hong-Kong\u2019ta d\u00fczenlenen PV\u00a0 Guangzhou ve APBE China Fuarlar\u0131nda stand a\u00e7t\u0131klar\u0131n\u0131, burada da g\u00f6zlerin kendilerinin \u00fczerinde olmas\u0131n\u0131n, d\u00fcnya g\u00fcndeminde de T\u00fcrkiye\u2019nin bulundu\u011funu g\u00f6sterdi\u011fini belirterek, \u201cUzak do\u011fu dillerinin baz\u0131lar\u0131nda kriz ve f\u0131rsat ayn\u0131 anlama gelmekte. Kriz durumunda izlenen yolun \u00f6nemini bilen bu bak\u0131\u015f a\u00e7\u0131s\u0131yla tan\u0131\u015fmak \u00f6zellikle \u00c7in, Japonya, G\u00fcney Kore\u2019deki firma temsilcileri ve \u00fcst d\u00fczey kamu kurum ve kurulu\u015f temsilcileri ile g\u00f6r\u00fc\u015fmek \u00e7ok verimli oldu\u201d dedi.<\/p>","protected":false},"excerpt":{"rendered":"<p>Sorry, this entry is only available in Turkish. For the sake of viewer convenience, the content is shown below in the alternative language. You may click the link to switch the active language.\u00c7evre ve \u015eehircilik Bakanl\u0131\u011f\u0131, Orman ve Su i\u015fleri Bakanl\u0131\u011f\u0131, OST\u0130M Yenilenebilir Enerji ve \u00c7evre Teknolojileri K\u00fcmelenmesi\u2019nin destekleri, \u00e7ok say\u0131da b\u00fcy\u00fck kurum ve kurulu\u015fun [&hellip;]<\/p>\n","protected":false},"author":1,"featured_media":79906,"comment_status":"open","ping_status":"open","sticky":false,"template":"","format":"standard","meta":[],"categories":[53],"tags":[39887,2199,18693,39888,67,1009,23311,3447,39886],"views":753,"_links":{"self":[{"href":"https:\/\/www.enerjigazetesi.ist\/en\/wp-json\/wp\/v2\/posts\/79904"}],"collection":[{"href":"https:\/\/www.enerjigazetesi.ist\/en\/wp-json\/wp\/v2\/posts"}],"about":[{"href":"https:\/\/www.enerjigazetesi.ist\/en\/wp-json\/wp\/v2\/types\/post"}],"author":[{"embeddable":true,"href":"https:\/\/www.enerjigazetesi.ist\/en\/wp-json\/wp\/v2\/users\/1"}],"replies":[{"embeddable":true,"href":"https:\/\/www.enerjigazetesi.ist\/en\/wp-json\/wp\/v2\/comments?post=79904"}],"version-history":[{"count":1,"href":"https:\/\/www.enerjigazetesi.ist\/en\/wp-json\/wp\/v2\/posts\/79904\/revisions"}],"predecessor-version":[{"id":79907,"href":"https:\/\/www.enerjigazetesi.ist\/en\/wp-json\/wp\/v2\/posts\/79904\/revisions\/79907"}],"wp:featuredmedia":[{"embeddable":true,"href":"https:\/\/www.enerjigazetesi.ist\/en\/wp-json\/wp\/v2\/media\/79906"}],"wp:attachment":[{"href":"https:\/\/www.enerjigazetesi.ist\/en\/wp-json\/wp\/v2\/media?parent=79904"}],"wp:term":[{"taxonomy":"category","embeddable":true,"href":"https:\/\/www.enerjigazetesi.ist\/en\/wp-json\/wp\/v2\/categories?post=79904"},{"taxonomy":"post_tag","embeddable":true,"href":"https:\/\/www.enerjigazetesi.ist\/en\/wp-json\/wp\/v2\/tags?post=79904"}],"curies":[{"name":"wp","href":"https:\/\/api.w.org\/{rel}","templated":true}]}}