{"id":79802,"date":"2020-04-28T01:33:25","date_gmt":"2020-04-27T22:33:25","guid":{"rendered":"https:\/\/www.enerjigazetesi.ist\/?p=79802"},"modified":"2020-05-02T18:45:34","modified_gmt":"2020-05-02T15:45:34","slug":"isletmeler-de-kompanzasyon-sistemi-uygulamalari-ile-reaktif-guc-tuketimini-dusurerek-verimli-enerji-elde-ederek-ceza-bedelinden-kurtulmak","status":"publish","type":"post","link":"https:\/\/www.enerjigazetesi.ist\/en\/isletmeler-de-kompanzasyon-sistemi-uygulamalari-ile-reaktif-guc-tuketimini-dusurerek-verimli-enerji-elde-ederek-ceza-bedelinden-kurtulmak\/","title":{"rendered":"(Turkish) Kompanzasyon Sistemi Uygulamas\u0131yla Reaktif G\u00fc\u00e7 T\u00fcketiminizi D\u00fc\u015f\u00fcr\u00fcn!"},"content":{"rendered":"<p class=\"qtranxs-available-languages-message qtranxs-available-languages-message-en\">Sorry, this entry is only available in <a href=\"https:\/\/www.enerjigazetesi.ist\/tr\/wp-json\/wp\/v2\/posts\/79802\" class=\"qtranxs-available-language-link qtranxs-available-language-link-tr\" title=\"Turkish\">Turkish<\/a>. For the sake of viewer convenience, the content is shown below in the alternative language. You may click the link to switch the active language.<\/p><p><\/p>\n<h1><strong>Kompanzasyon Sistemi Uygulamas\u0131yla<\/strong>\u00a0 \u0130\u015fletmelerde Reaktif G\u00fc\u00e7 T\u00fcketimini D\u00fc\u015f\u00fcrerek Ceza Bedelinden Kurtulup Verimli Enerji Kullan\u0131m\u0131 Elde Etmek M\u00fcmk\u00fcn!<\/h1>\n<p>&nbsp;<\/p>\n<h2><strong>K\u00fcresel d\u00fcnyam\u0131zda elektrik enerjisinde kalitenin yakalanabilmesine y\u00f6nelik reaktif g\u00fc\u00e7 kompanzasyonu uygulamalar\u0131 yap\u0131lmaktad\u0131r. Reaktif g\u00fc\u00e7 kompanzasyonu sistemi uygulamalar\u0131 yap\u0131larak daha kaliteli ve daha verimli enerji ( elektrik ) kullanabilmektedir.<\/strong><\/h2>\n<p>&nbsp;<br \/>\nD\u00fcnyam\u0131zda s\u00fcrekli kullan\u0131lmakta olan b\u00f6yle bir enerjinin <strong>ekonomik<\/strong> ve <strong>maksimum verimle<\/strong> \u00fcretilmesi, enerji nakil hatlar\u0131nda minimum kay\u0131pla iletilmesi, da\u011f\u0131t\u0131lmas\u0131 ve t\u00fcketilmesi i\u00e7in reaktif g\u00fc\u00e7 kompanzasyonu sistemi uygulamalar\u0131n\u0131n \u00f6nemi \u00f6n plana \u00e7\u0131kmaktad\u0131r.<\/p>\n<p>Elektrikli cihazlar ve elektronik devreler as\u0131l i\u015flerini ger\u00e7ekle\u015ftirmek \u00fczere aktif enerji <img loading=\"lazy\" class=\"alignright wp-image-79806\" src=\"https:\/\/www.enerjigazetesi.ist\/wp-content\/uploads\/2018\/10\/artan-elektrik-enerji-faturalarini-dusurmek-icin-cozum-reaktif-guc-kompazyonu-uygulamalari-1.jpg\" alt=\"\" width=\"320\" height=\"164\" srcset=\"https:\/\/www.enerjigazetesi.ist\/wp-content\/uploads\/2018\/10\/artan-elektrik-enerji-faturalarini-dusurmek-icin-cozum-reaktif-guc-kompazyonu-uygulamalari-1.jpg 682w, https:\/\/www.enerjigazetesi.ist\/wp-content\/uploads\/2018\/10\/artan-elektrik-enerji-faturalarini-dusurmek-icin-cozum-reaktif-guc-kompazyonu-uygulamalari-1-300x154.jpg 300w, https:\/\/www.enerjigazetesi.ist\/wp-content\/uploads\/2018\/10\/artan-elektrik-enerji-faturalarini-dusurmek-icin-cozum-reaktif-guc-kompazyonu-uygulamalari-1-500x257.jpg 500w, https:\/\/www.enerjigazetesi.ist\/wp-content\/uploads\/2018\/10\/artan-elektrik-enerji-faturalarini-dusurmek-icin-cozum-reaktif-guc-kompazyonu-uygulamalari-1-80x41.jpg 80w\" sizes=\"(max-width: 320px) 100vw, 320px\" \/>t\u00fcketirler.\u00a0Fakat;\u00a0kapasit\u00f6r ve bobin (end\u00fcktans) i\u00e7eren elektrikli cihazlar ve\u00a0elektronik devreler, \u015febeke \u00fczerinde reaktif enerji\u00a0d\u00f6ng\u00fcs\u00fcne neden olurlar.<\/p>\n<p>As\u0131l i\u015fin ger\u00e7ekle\u015fmesini m\u00fcmk\u00fcn k\u0131lan aktif enerjiyle birlikte \u015febekede dola\u015fan reaktif enerji, hatlar\u0131n yo\u011fun olarak\u00a0y\u00fcklenmesine sebep olmas\u0131d\u0131r.\u00a0Bu nedenle;\u00a0hatlar\u0131n ak\u0131m ta\u015f\u0131ma kapasitesi\u00a0d\u00fc\u015fer,\u00a0hatlarda enerji kay\u0131plar\u0131\u00a0artar. <strong>\u00d6zetle;<\/strong>\u00a0cihazlar\u0131n\u0131z\u0131n ve devrelerinizin neden oldu\u011fu\u00a0reaktif enerji d\u00f6ng\u00fcs\u00fc,\u00a0enerji iletiminde verimin d\u00fc\u015fmesine yol a\u00e7ar.<\/p>\n<p>Reaktif g\u00fc\u00e7 kompanzasyonu sistemi uygulamalar\u0131nda <strong>ama\u00e7<\/strong> g\u00f6r\u00fcn\u00fcr g\u00fcc\u00fcn, aktif g\u00fcce vekt\u00f6rel olarak yak\u0131n de\u011ferlerde olmas\u0131d\u0131r. Sistemlerde end\u00fcktif reaktif g\u00fc\u00e7 (QL) bulundu\u011fundan, devreye kapasitif reaktif g\u00fc\u00e7 (QC) eklenerek toplam reaktif g\u00fc\u00e7 azalt\u0131lmaktad\u0131r. Bu ama\u00e7la paralel <strong>kondansat\u00f6r gruplar\u0131<\/strong> ba\u011flan\u0131r. B\u00f6ylece end\u00fcktif y\u00fck i\u00e7in gereken reaktif g\u00fc\u00e7, hatlardan de\u011filde y\u00fcke paralel ba\u011flanan kondansat\u00f6rlerden sa\u011flan\u0131r. Burada temel prensip bobin ve kondansat\u00f6rlerin farkl\u0131 zamanlarda\u00a0<strong>\u015farj ve de\u015farj\u00a0<\/strong>olmalar\u0131n\u0131n sa\u011flanmas\u0131d\u0131r.<\/p>\n<p><img loading=\"lazy\" class=\"wp-image-79805 aligncenter\" src=\"https:\/\/www.enerjigazetesi.ist\/wp-content\/uploads\/2018\/10\/artan-elektrik-enerji-faturalarini-dusurmek-icin-cozum-reaktif-guc-kompazyonu-uygulamalari.jpg\" alt=\"\" width=\"390\" height=\"272\" \/><\/p>\n<h2><strong>Reaktif\u00a0 G\u00fc\u00e7 Kompanzasyonu Sistemi Uygulamalar\u0131nda Gerekli Kondansat\u00f6r De\u011ferinin Belirlenmesi<\/strong><\/h2>\n<p>Reaktif g\u00fc\u00e7 kompanzasyonu sistemi uygulamalar\u0131nda, end\u00fcktif y\u00fck\u00fcn g\u00fc\u00e7 katsay\u0131s\u0131 ve aktif g\u00fcc\u00fc (P, cos\u03b8) parametreleri bilindi\u011finde, <strong>sistemin\u00a0kompanzasyonu<\/strong>\u00a0i\u00e7in ba\u011flanmas\u0131 gereken kondansat\u00f6r grubunun belirlenmesi \u00e7ok \u00f6nemlidir. \u00c7\u00fcnk\u00fc sistemin stabil \u00e7al\u0131\u015fabilmesi i\u00e7in bu de\u011ferler \u00e7ok \u00f6nem arz etmektedir.<\/p>\n<p>\u25ba P = aktif g\u00fc\u00e7<\/p>\n<p>\u25ba\u00a0\u03b81 = end\u00fcktif y\u00fck\u00fcn a\u00e7\u0131s\u0131<\/p>\n<p>\u25ba\u00a0\u03b82 = kompanzasyon sonras\u0131 y\u00fck\u00fcn a\u00e7\u0131s\u0131<\/p>\n<p><img loading=\"lazy\" class=\"alignleft size-full wp-image-79804\" src=\"https:\/\/www.enerjigazetesi.ist\/wp-content\/uploads\/2018\/10\/sekil4.jpg\" alt=\"\" width=\"259\" height=\"338\" srcset=\"https:\/\/www.enerjigazetesi.ist\/wp-content\/uploads\/2018\/10\/sekil4.jpg 259w, https:\/\/www.enerjigazetesi.ist\/wp-content\/uploads\/2018\/10\/sekil4-230x300.jpg 230w, https:\/\/www.enerjigazetesi.ist\/wp-content\/uploads\/2018\/10\/sekil4-38x50.jpg 38w\" sizes=\"(max-width: 259px) 100vw, 259px\" \/><\/p>\n<p>&nbsp;<\/p>\n<p>&nbsp;<\/p>\n<p><img loading=\"lazy\" class=\"alignright wp-image-79809\" src=\"https:\/\/www.enerjigazetesi.ist\/wp-content\/uploads\/2018\/10\/artan-elektrik-enerji-faturalarini-dusurmek-icin-cozum-reaktif-guc-kompazyonu-uygulamalari-2.jpg\" alt=\"\" width=\"332\" height=\"245\" \/><\/p>\n<p>&nbsp;<\/p>\n<p>&nbsp;<\/p>\n<p>&nbsp;<\/p>\n<p>&nbsp;<\/p>\n<p>&nbsp;<\/p>\n<p>&nbsp;<\/p>\n<p>&nbsp;<\/p>\n<p>Reaktif enerjinin\u00a0olumsuz etkilerinin\u00a0\u00f6n\u00fcne ge\u00e7ilmesi\u00a0amac\u0131yla,\u00a0Elektrik Piyasas\u0131 M\u00fc\u015fteri Y\u00f6netmeli\u011fi\u00a0ile\u00a0elektrik t\u00fcketicilerine kompanzasyon\u00a0y\u00fck\u00fcml\u00fcl\u00fc\u011f\u00fc getirilmi\u015ftir.<\/p>\n<h2>Reaktif\u00a0 G\u00fc\u00e7 Kompanzasyonu Sistemi Uygulamalar\u0131 \u0130\u00e7in Elektrik Piyasas\u0131 <span style=\"text-decoration: underline;\">M\u00fc\u015fteri Y\u00f6netmeli\u011fi&#8217;ne g\u00f6re:<\/span><\/h2>\n<p>Kurulu g\u00fcc\u00fc <strong>50 kVA&#8217;n\u0131n alt\u0131nda<\/strong> olan kullan\u0131c\u0131lar;<\/p>\n<p>\u00c7ektikleri aktif enerji miktar\u0131n\u0131n <strong>%33&#8217;\u00fcn\u00fc<\/strong> a\u015fan miktarda <strong>end\u00fcktif reaktif enerjiye<\/strong> neden olmalar\u0131 halinde, veya \u00e7ektikleri\u00a0aktif enerji miktar\u0131n\u0131n <strong>%20&#8217;sini<\/strong> a\u015fan miktarda\u00a0kapasitif reaktif enerjiye neden olmalar\u0131 halinde, <strong>reaktif enerji t\u00fcketim bedeli \u00f6demekle<\/strong> y\u00fck\u00fcml\u00fcd\u00fcr.<\/p>\n<p>Kurulu g\u00fcc\u00fc <strong>50 kVA ve \u00fcst\u00fcnde<\/strong> olan kullan\u0131c\u0131lar ise;\u00a0\u00e7ektikleri aktif enerji miktar\u0131n\u0131n <strong>%20&#8217;sini<\/strong> a\u015fan miktarda\u00a0<strong>end\u00fcktif reaktif enerjiye<\/strong> neden olmalar\u0131 halinde, veya \u00e7ektikleri <strong>aktif enerji miktar\u0131n\u0131n<\/strong> <strong>%15&#8217;ini<\/strong> a\u015fan miktarda kapasitif\u00a0<strong>reaktif enerjiye<\/strong> neden olmalar\u0131 halinde, <strong>reaktif enerji t\u00fcketim bedeli<\/strong> \u00f6demekle y\u00fck\u00fcml\u00fcd\u00fcr.<\/p>\n<h2>Reaktif enerjiye neden olan cihazlara <span style=\"text-decoration: underline;\">\u00f6rnek vermek gerekirse;<\/span><\/h2>\n<p>&#8211; Standart asenkron motorlar,<\/p>\n<p>&#8211; Floresan lambalar,<\/p>\n<p>&#8211; Ark f\u0131r\u0131nlar\u0131,<\/p>\n<p>&#8211; Civa ve sodyum buharl\u0131 de\u015farj lambalar\u0131,<\/p>\n<p>&#8211; Transformat\u00f6rler,<\/p>\n<p>&#8211; Bobinler,<\/p>\n<p>&#8211; Hava hatlar\u0131,<\/p>\n<p>&#8211; Do\u011frultucular,<\/p>\n<p>&#8211; Kaynak makinalar\u0131, vb.<\/p>\n<p>Bu ve benzer cihazlar\u0131 kullanan i\u015fletmelerin elektrik t\u00fcketim maliyetleri, kompanzasyon sistemi uygulamalar\u0131 ile azalt\u0131lmaktad\u0131r.<\/p>\n<p><em>Sizde <strong>Reaktif g\u00fc\u00e7 kompanzasyonu sistemi uygulamas\u0131<\/strong> yapt\u0131rarak\u00a0reaktif g\u00fc\u00e7 t\u00fcketimini d\u00fc\u015f\u00fcr\u00fcp daha kaliteli ve verimli enerji kullan\u0131m\u0131 elde etmek i\u00e7in\u00a0ileti\u015fime ge\u00e7ebilirsiniz.<\/em><\/p>\n<p><span style=\"color: #993300;\"><strong>Detayl\u0131 Bilgi \u0130\u00e7in<\/strong>&#8212;&gt;<\/span> \u0130leti\u015fim Formunu Doldurabilir ve(ya)\u00a0<a href=\"mailto:EnerjiYatirimDanismanligi@gmail.com\" target=\"_blank\" rel=\"noopener\">EnerjiYatirimDanismanligi@gmail.com<\/a> adresine mail atabilirsiniz.<\/p>\n<p><strong><span style=\"color: #993300;\">Detayl\u0131 Bilgi Almak \u0130\u00e7in \u0130leti\u015fim Formunu Doldurun Biz Sizi Arayal\u0131m!<\/span><\/strong><\/p>\n<div role=\"form\" class=\"wpcf7\" id=\"wpcf7-f112046-o1\" lang=\"tr-TR\" dir=\"ltr\">\n<div class=\"screen-reader-response\"><p role=\"status\" aria-live=\"polite\" aria-atomic=\"true\"><\/p> <ul><\/ul><\/div>\n<form action=\"\/en\/wp-json\/wp\/v2\/posts\/79802#wpcf7-f112046-o1\" method=\"post\" class=\"wpcf7-form init\" novalidate=\"novalidate\" data-status=\"init\">\n<div style=\"display: none;\">\n<input type=\"hidden\" name=\"_wpcf7\" value=\"112046\" \/>\n<input type=\"hidden\" name=\"_wpcf7_version\" value=\"5.5.6.1\" \/>\n<input type=\"hidden\" name=\"_wpcf7_locale\" value=\"tr_TR\" \/>\n<input type=\"hidden\" name=\"_wpcf7_unit_tag\" value=\"wpcf7-f112046-o1\" \/>\n<input type=\"hidden\" name=\"_wpcf7_container_post\" value=\"0\" \/>\n<input type=\"hidden\" name=\"_wpcf7_posted_data_hash\" value=\"\" \/>\n<\/div>\n<p><label> Ad\u0131n\u0131z (gerekli)<br \/>\n    <span class=\"wpcf7-form-control-wrap your-name\"><input type=\"text\" name=\"your-name\" value=\"\" size=\"40\" class=\"wpcf7-form-control wpcf7-text wpcf7-validates-as-required\" aria-required=\"true\" aria-invalid=\"false\" \/><\/span> <\/label><\/p>\n<p><label> E-posta adresiniz (gerekli)<br \/>\n    <span class=\"wpcf7-form-control-wrap your-email\"><input type=\"email\" name=\"your-email\" value=\"\" size=\"40\" class=\"wpcf7-form-control wpcf7-text wpcf7-email wpcf7-validates-as-required wpcf7-validates-as-email\" aria-required=\"true\" aria-invalid=\"false\" \/><\/span> <\/label><\/p>\n<p><label> Konu<br \/>\n    <span class=\"wpcf7-form-control-wrap your-subject\"><input type=\"text\" name=\"your-subject\" value=\"\" size=\"40\" class=\"wpcf7-form-control wpcf7-text\" aria-invalid=\"false\" \/><\/span> <\/label><\/p>\n<p><label> \u0130letiniz<br \/>\n    <span class=\"wpcf7-form-control-wrap your-message\"><textarea name=\"your-message\" cols=\"40\" rows=\"10\" class=\"wpcf7-form-control wpcf7-textarea\" aria-invalid=\"false\"><\/textarea><\/span> <\/label><\/p>\n<p><input type=\"submit\" value=\"G\u00f6nder\" class=\"wpcf7-form-control has-spinner wpcf7-submit\" \/><\/p>\n<p style=\"display: none !important;\" class=\"akismet-fields-container\" data-prefix=\"_wpcf7_ak_\"><label>&#916;<textarea name=\"_wpcf7_ak_hp_textarea\" cols=\"45\" rows=\"8\" maxlength=\"100\"><\/textarea><\/label><input type=\"hidden\" id=\"ak_js_1\" name=\"_wpcf7_ak_js\" value=\"199\"\/><script>document.getElementById( \"ak_js_1\" ).setAttribute( \"value\", ( new Date() ).getTime() );<\/script><\/p><div class=\"wpcf7-response-output\" aria-hidden=\"true\"><\/div><\/form><\/div>\n<p><em>Etkin M\u00fc\u015fteri Memnuniyeti Politikalar\u0131 Kapsam\u0131nda Taraf\u0131n\u0131za 24 Saat \u0130\u00e7erisinde Geri D\u00f6n\u00fc\u015f Yap\u0131lmaktad\u0131r.<\/em><\/p>","protected":false},"excerpt":{"rendered":"<p>Sorry, this entry is only available in Turkish. For the sake of viewer convenience, the content is shown below in the alternative language. You may click the link to switch the active language. Kompanzasyon Sistemi Uygulamas\u0131yla\u00a0 \u0130\u015fletmelerde Reaktif G\u00fc\u00e7 T\u00fcketimini D\u00fc\u015f\u00fcrerek Ceza Bedelinden Kurtulup Verimli Enerji Kullan\u0131m\u0131 Elde Etmek M\u00fcmk\u00fcn! &nbsp; K\u00fcresel d\u00fcnyam\u0131zda elektrik enerjisinde [&hellip;]<\/p>\n","protected":false},"author":1,"featured_media":79806,"comment_status":"open","ping_status":"open","sticky":false,"template":"","format":"standard","meta":[],"categories":[51,53,52,4],"tags":[44017,71043,39859,44021,44013,44014,44024,44025,44022,44010,44016,42581,44018,42701,42484,42489,39154,13236,19638,26353,39860,42491,42573,44020,41345,67,1009,12,486,44019,1099,43104,43105,39825,39826,39828,44012,44011,44023,44015,71042,2239,71041,71044,3689,39824,39827,27349,793],"views":4532,"_links":{"self":[{"href":"https:\/\/www.enerjigazetesi.ist\/en\/wp-json\/wp\/v2\/posts\/79802"}],"collection":[{"href":"https:\/\/www.enerjigazetesi.ist\/en\/wp-json\/wp\/v2\/posts"}],"about":[{"href":"https:\/\/www.enerjigazetesi.ist\/en\/wp-json\/wp\/v2\/types\/post"}],"author":[{"embeddable":true,"href":"https:\/\/www.enerjigazetesi.ist\/en\/wp-json\/wp\/v2\/users\/1"}],"replies":[{"embeddable":true,"href":"https:\/\/www.enerjigazetesi.ist\/en\/wp-json\/wp\/v2\/comments?post=79802"}],"version-history":[{"count":29,"href":"https:\/\/www.enerjigazetesi.ist\/en\/wp-json\/wp\/v2\/posts\/79802\/revisions"}],"predecessor-version":[{"id":81525,"href":"https:\/\/www.enerjigazetesi.ist\/en\/wp-json\/wp\/v2\/posts\/79802\/revisions\/81525"}],"wp:featuredmedia":[{"embeddable":true,"href":"https:\/\/www.enerjigazetesi.ist\/en\/wp-json\/wp\/v2\/media\/79806"}],"wp:attachment":[{"href":"https:\/\/www.enerjigazetesi.ist\/en\/wp-json\/wp\/v2\/media?parent=79802"}],"wp:term":[{"taxonomy":"category","embeddable":true,"href":"https:\/\/www.enerjigazetesi.ist\/en\/wp-json\/wp\/v2\/categories?post=79802"},{"taxonomy":"post_tag","embeddable":true,"href":"https:\/\/www.enerjigazetesi.ist\/en\/wp-json\/wp\/v2\/tags?post=79802"}],"curies":[{"name":"wp","href":"https:\/\/api.w.org\/{rel}","templated":true}]}}