{"id":79799,"date":"2018-10-03T15:10:11","date_gmt":"2018-10-03T12:10:11","guid":{"rendered":"https:\/\/www.enerjigazetesi.ist\/?p=79799"},"modified":"2018-10-03T15:10:11","modified_gmt":"2018-10-03T12:10:11","slug":"dicle-elektrike-enerji-kokenli-kurumsal-iletisim-yoneticisi-transferi-yapildi","status":"publish","type":"post","link":"https:\/\/www.enerjigazetesi.ist\/en\/dicle-elektrike-enerji-kokenli-kurumsal-iletisim-yoneticisi-transferi-yapildi\/","title":{"rendered":"(Turkish) Dicle Elektrik\u2019e &#8216;Enerji&#8217; K\u00f6kenli Kurumsal \u0130leti\u015fim Y\u00f6neticisi Transferi Yap\u0131ld\u0131"},"content":{"rendered":"<p class=\"qtranxs-available-languages-message qtranxs-available-languages-message-en\">Sorry, this entry is only available in <a href=\"https:\/\/www.enerjigazetesi.ist\/tr\/wp-json\/wp\/v2\/posts\/79799\" class=\"qtranxs-available-language-link qtranxs-available-language-link-tr\" title=\"Turkish\">Turkish<\/a>. For the sake of viewer convenience, the content is shown below in the alternative language. You may click the link to switch the active language.<\/p><p><strong>Medya d\u00fcnyas\u0131n\u0131n ve ekonomi bas\u0131n\u0131n\u0131n deneyimli isimlerinden olan Erkan K\u0131z\u0131locak, Eksim Holding b\u00fcnyesinde yer alan Dicle Elektrik Da\u011f\u0131t\u0131m A.\u015e\u2019ye Kurumsal \u0130leti\u015fim Y\u00f6neticisi olarak transfer oldu. K\u0131z\u0131locak, Dicle Elektrik Da\u011f\u0131t\u0131m A.\u015e\u2019nin ulusal medya ili\u015fkilerinin yan\u0131s\u0131ra ELDER ve EPDK gibi sekt\u00f6rel kurulu\u015flardaki temsil g\u00f6revini y\u00fcr\u00fctecektir.<img loading=\"lazy\" class=\"alignright size-medium wp-image-79800\" src=\"https:\/\/www.enerjigazetesi.ist\/wp-content\/uploads\/2018\/10\/dicle-elektrike-enerji-kokenli-kurumsal-iletisim-yoneticisi-atamasi-yapildi-300x286.jpg\" alt=\"\" width=\"300\" height=\"286\" srcset=\"https:\/\/www.enerjigazetesi.ist\/wp-content\/uploads\/2018\/10\/dicle-elektrike-enerji-kokenli-kurumsal-iletisim-yoneticisi-atamasi-yapildi-300x286.jpg 300w, https:\/\/www.enerjigazetesi.ist\/wp-content\/uploads\/2018\/10\/dicle-elektrike-enerji-kokenli-kurumsal-iletisim-yoneticisi-atamasi-yapildi-768x732.jpg 768w, https:\/\/www.enerjigazetesi.ist\/wp-content\/uploads\/2018\/10\/dicle-elektrike-enerji-kokenli-kurumsal-iletisim-yoneticisi-atamasi-yapildi-1024x977.jpg 1024w, https:\/\/www.enerjigazetesi.ist\/wp-content\/uploads\/2018\/10\/dicle-elektrike-enerji-kokenli-kurumsal-iletisim-yoneticisi-atamasi-yapildi-419x400.jpg 419w, https:\/\/www.enerjigazetesi.ist\/wp-content\/uploads\/2018\/10\/dicle-elektrike-enerji-kokenli-kurumsal-iletisim-yoneticisi-atamasi-yapildi-52x50.jpg 52w\" sizes=\"(max-width: 300px) 100vw, 300px\" \/><\/strong><\/p>\n<p>Ayr\u0131ca <strong>Eksim Holding<\/strong>\u2019in yenilenebilir enerji \u015firketi <strong>\u0130ltek Enerji<\/strong> ve <strong>Eksim Holding<\/strong> i\u015ftiraklerinden <strong>Bat\u0131 Hatt\u0131 Do\u011falgaz Ticaret A.\u015e.<\/strong>\u2019nin kurumsal ileti\u015fim \u00e7al\u0131\u015fmalar\u0131n\u0131 da s\u00fcrd\u00fcrecektir.<\/p>\n<p><strong>Ekonomi gazetecili\u011fine<\/strong> ilk olarak <strong>1993<\/strong> y\u0131l\u0131nda <strong>\u0130ntermedya Yay\u0131n Grubu<\/strong>\u2019nda ba\u015flayan K\u0131z\u0131locak, <strong>CNBC-E,<\/strong> <strong>Kent TV<\/strong>, <strong>D\u00fcnya Gazetesi<\/strong>, <strong>Foreks<\/strong> gibi bir\u00e7ok kurulu\u015fta muhabir, edit\u00f6r, d\u0131\u015f haberler edit\u00f6r\u00fc ve haber m\u00fcd\u00fcr\u00fc olarak g\u00f6rev yapm\u0131\u015ft\u0131r. Son olarak ise\u00a0<strong>Turkuvaz Grubu<\/strong> taraf\u0131ndan yay\u0131nlanan <strong>Para dergisinde<\/strong> uzun y\u0131llar ba\u015far\u0131l\u0131 enerji haberleriyle tan\u0131nan <strong>K\u0131z\u0131locak<\/strong> 2016 y\u0131l\u0131 sonunda <strong>PR sekt\u00f6r\u00fcne<\/strong> ge\u00e7mi\u015ftir.<\/p>\n<h2>Erkan K\u0131z\u0131locak Kimdir?<\/h2>\n<p><strong>Marmara \u00dcniversitesi \u0130leti\u015fim Fak\u00fcltesi<\/strong> mezunu olan Sn.\u00a0<strong>Erkan K\u0131z\u0131locak<\/strong>, Ankara \u00dcniversitesi\u2019nin \u0130ngilizce E\u011fitim Sertifika program\u0131n\u0131 tamamlam\u0131\u015f olup Yurti\u00e7i ve yurtd\u0131\u015f\u0131nda medya stratejileri ve ileti\u015fim alan\u0131nda bir\u00e7ok workshop ve sertifika program\u0131na kat\u0131l\u0131m g\u00f6stermi\u015ftir. K\u0131z\u0131locak ayn\u0131 zamanda <strong>Enerji Gazetecileri Derne\u011fi<\/strong> (EGAD) y\u00f6netim kurulu \u00fcyesi ve <strong>Ekonomi Gazetecileri Derne\u011fi<\/strong> (EGD) \u00fcyesidir.<\/p>\n<p>Sarp ALTINEL \/ Enerji Gazetesi &#8211; Genel Yay\u0131n Y\u00f6netmeni<\/p>","protected":false},"excerpt":{"rendered":"<p>Sorry, this entry is only available in Turkish. For the sake of viewer convenience, the content is shown below in the alternative language. You may click the link to switch the active language.Medya d\u00fcnyas\u0131n\u0131n ve ekonomi bas\u0131n\u0131n\u0131n deneyimli isimlerinden olan Erkan K\u0131z\u0131locak, Eksim Holding b\u00fcnyesinde yer alan Dicle Elektrik Da\u011f\u0131t\u0131m A.\u015e\u2019ye Kurumsal \u0130leti\u015fim Y\u00f6neticisi olarak [&hellip;]<\/p>\n","protected":false},"author":1,"featured_media":79800,"comment_status":"open","ping_status":"open","sticky":false,"template":"","format":"standard","meta":[],"categories":[51,53],"tags":[12240,3002,1824,34979,19638,26353,67,1009,750,39821,39822,39823],"views":1494,"_links":{"self":[{"href":"https:\/\/www.enerjigazetesi.ist\/en\/wp-json\/wp\/v2\/posts\/79799"}],"collection":[{"href":"https:\/\/www.enerjigazetesi.ist\/en\/wp-json\/wp\/v2\/posts"}],"about":[{"href":"https:\/\/www.enerjigazetesi.ist\/en\/wp-json\/wp\/v2\/types\/post"}],"author":[{"embeddable":true,"href":"https:\/\/www.enerjigazetesi.ist\/en\/wp-json\/wp\/v2\/users\/1"}],"replies":[{"embeddable":true,"href":"https:\/\/www.enerjigazetesi.ist\/en\/wp-json\/wp\/v2\/comments?post=79799"}],"version-history":[{"count":1,"href":"https:\/\/www.enerjigazetesi.ist\/en\/wp-json\/wp\/v2\/posts\/79799\/revisions"}],"predecessor-version":[{"id":79801,"href":"https:\/\/www.enerjigazetesi.ist\/en\/wp-json\/wp\/v2\/posts\/79799\/revisions\/79801"}],"wp:featuredmedia":[{"embeddable":true,"href":"https:\/\/www.enerjigazetesi.ist\/en\/wp-json\/wp\/v2\/media\/79800"}],"wp:attachment":[{"href":"https:\/\/www.enerjigazetesi.ist\/en\/wp-json\/wp\/v2\/media?parent=79799"}],"wp:term":[{"taxonomy":"category","embeddable":true,"href":"https:\/\/www.enerjigazetesi.ist\/en\/wp-json\/wp\/v2\/categories?post=79799"},{"taxonomy":"post_tag","embeddable":true,"href":"https:\/\/www.enerjigazetesi.ist\/en\/wp-json\/wp\/v2\/tags?post=79799"}],"curies":[{"name":"wp","href":"https:\/\/api.w.org\/{rel}","templated":true}]}}