{"id":79744,"date":"2018-10-03T09:58:55","date_gmt":"2018-10-03T06:58:55","guid":{"rendered":"https:\/\/www.enerjigazetesi.ist\/?p=79744"},"modified":"2018-10-03T10:30:21","modified_gmt":"2018-10-03T07:30:21","slug":"fransa-paris-anlasmasina-saygi-gostermeyen-ulkelerle-ticari-anlasma-imzalamayacak","status":"publish","type":"post","link":"https:\/\/www.enerjigazetesi.ist\/en\/fransa-paris-anlasmasina-saygi-gostermeyen-ulkelerle-ticari-anlasma-imzalamayacak\/","title":{"rendered":"(Turkish) Paris Anla\u015fmas\u0131\u2019na Sayg\u0131 G\u00f6stermeyen \u00dclkelerle Ticari Anla\u015fma&#8230;"},"content":{"rendered":"<p class=\"qtranxs-available-languages-message qtranxs-available-languages-message-en\">Sorry, this entry is only available in <a href=\"https:\/\/www.enerjigazetesi.ist\/tr\/wp-json\/wp\/v2\/posts\/79744\" class=\"qtranxs-available-language-link qtranxs-available-language-link-tr\" title=\"Turkish\">Turkish<\/a>. For the sake of viewer convenience, the content is shown below in the alternative language. You may click the link to switch the active language.<\/p><p><strong>Fransa Cumhurba\u015fkan\u0131 Emmanuel Macro<\/strong><strong>n, ge\u00e7ti\u011fimiz hafta Sal\u0131 g\u00fcn\u00fc Birle\u015fmi\u015f Milletler (BM) Genel Kurulu\u2019nda yapt\u0131\u011f\u0131 a\u00e7\u0131klamada, \u00fclkesinin Paris Anla\u015fmas\u0131\u2019n\u0131 imzalayan \u00fclkelerle ticaret anla\u015fmalar\u0131 yapmaya ba\u015flayaca\u011f\u0131n\u0131 belirtti.<img loading=\"lazy\" class=\"alignright size-medium wp-image-79745\" src=\"https:\/\/www.enerjigazetesi.ist\/wp-content\/uploads\/2018\/10\/fransa-300x169.jpg\" alt=\"\" width=\"300\" height=\"169\" srcset=\"https:\/\/www.enerjigazetesi.ist\/wp-content\/uploads\/2018\/10\/fransa-300x169.jpg 300w, https:\/\/www.enerjigazetesi.ist\/wp-content\/uploads\/2018\/10\/fransa-768x432.jpg 768w, https:\/\/www.enerjigazetesi.ist\/wp-content\/uploads\/2018\/10\/fransa-1024x576.jpg 1024w, https:\/\/www.enerjigazetesi.ist\/wp-content\/uploads\/2018\/10\/fransa-500x281.jpg 500w, https:\/\/www.enerjigazetesi.ist\/wp-content\/uploads\/2018\/10\/fransa-80x45.jpg 80w, https:\/\/www.enerjigazetesi.ist\/wp-content\/uploads\/2018\/10\/fransa.jpg 1280w\" sizes=\"(max-width: 300px) 100vw, 300px\" \/><\/strong><\/p>\n<p>Birle\u015fmi\u015f Milletler (BM) Genel Kurulu\u2019nda ge\u00e7ti\u011fimiz hafta Sal\u0131 (25.09.2018) g\u00fcn\u00fc bir konu\u015fma ger\u00e7ekle\u015ftiren Fransa Cumhurba\u015fkan\u0131 Emmanuel Macron, Fransa\u2019n\u0131n Paris Anla\u015fmas\u0131\u2019n\u0131 imzalayan \u00fclkelerle ticaret anla\u015fmalar\u0131 yapmaya ba\u015flayaca\u011f\u0131n\u0131 s\u00f6yledi. Genel kurula hitap eden Macron, \u201cParis Anla\u015fmas\u0131\u2019na sayg\u0131 g\u00f6stermeyen \u00fclkelerle art\u0131k ticari anla\u015fmalar imzalamayaca\u011f\u0131z\u201d \u015feklinde konu\u015ftu.<\/p>\n<p>Macron, ABD\u2019den bahsetmemesine ra\u011fmen, a\u00e7\u0131klamalar\u0131n ABD\u2019yi hedef ald\u0131\u011f\u0131 d\u00fc\u015f\u00fcn\u00fcl\u00fcyor. ABD Ba\u015fkan\u0131 Donald Trump, 2017 Haziran ay\u0131nda yapt\u0131\u011f\u0131 a\u00e7\u0131klamada \u00fclkesini anla\u015fmadan \u00e7ekece\u011fini duyurmu\u015ftu.<\/p>\n<p>Trump\u2019\u0131n \u201cAmerika\u2019ya en y\u00fcksek d\u00fczeyde haks\u0131zl\u0131k\u201d olarak g\u00f6rd\u00fc\u011f\u00fc Paris Anla\u015fmas\u0131\u2019ndan ayr\u0131lmak, kampanya vaatlerinden birini olu\u015fturuyordu.<\/p>\n<p>Trump, eski Ba\u015fkan Barack Obama\u2019n\u0131n k\u00f6m\u00fcr yak\u0131tl\u0131 termik santralleri \u00fczerindeki kirlilik kurallar\u0131 da dahil olmak \u00fczere agresif iklim \u00e7abalar\u0131n\u0131 durdurmak i\u00e7in h\u0131zl\u0131 davran\u0131yor. Ge\u00e7ti\u011fimiz Eyl\u00fcl ay\u0131 i\u00e7erisinde \u0130\u00e7i\u015fleri Bakanl\u0131\u011f\u0131 Arazi Y\u00f6netimi B\u00fcrosu sondaj i\u015fi yapanlar i\u00e7in metan kirlili\u011fi kurallar\u0131n\u0131 zay\u0131flatan son bir kural yay\u0131mlad\u0131.<\/p>\n<p>Federal h\u00fckumete ra\u011fmen\u00a0\u015fehirler ve eyaletler, Paris Anla\u015fmas\u0131 emisyon azaltma hedeflerini yakalamak i\u00e7in \u00e7al\u0131\u015f\u0131yorlar. Eyl\u00fcl ay\u0131nda ABD\u2019nin San Francisco \u015fehrinde d\u00fczenlenen\u00a0K\u00fcresel \u0130klim Eylemi Zirvesi\u2019nde\u00a0yay\u0131mlanan bir raporda ABD\u2019nin hedeflerinin %90\u2019\u0131na eyalet ve \u015fehir eylemleri arac\u0131l\u0131\u011f\u0131yla ula\u015fma potansiyeli bulundu\u011fu belirtildi.<\/p>\n<p>Hatice K\u00fcbra G\u00fcney- Elekrik Elektronik M\u00fchendisli\u011fi- kubraguney036@gmail.com<\/p>","protected":false},"excerpt":{"rendered":"<p>Sorry, this entry is only available in Turkish. For the sake of viewer convenience, the content is shown below in the alternative language. You may click the link to switch the active language.Fransa Cumhurba\u015fkan\u0131 Emmanuel Macron, ge\u00e7ti\u011fimiz hafta Sal\u0131 g\u00fcn\u00fc Birle\u015fmi\u015f Milletler (BM) Genel Kurulu\u2019nda yapt\u0131\u011f\u0131 a\u00e7\u0131klamada, \u00fclkesinin Paris Anla\u015fmas\u0131\u2019n\u0131 imzalayan \u00fclkelerle ticaret anla\u015fmalar\u0131 yapmaya [&hellip;]<\/p>\n","protected":false},"author":6,"featured_media":79745,"comment_status":"open","ping_status":"open","sticky":false,"template":"","format":"standard","meta":[],"categories":[53],"tags":[1350,32124,1319,67,1009,39798,39799,27427],"views":719,"_links":{"self":[{"href":"https:\/\/www.enerjigazetesi.ist\/en\/wp-json\/wp\/v2\/posts\/79744"}],"collection":[{"href":"https:\/\/www.enerjigazetesi.ist\/en\/wp-json\/wp\/v2\/posts"}],"about":[{"href":"https:\/\/www.enerjigazetesi.ist\/en\/wp-json\/wp\/v2\/types\/post"}],"author":[{"embeddable":true,"href":"https:\/\/www.enerjigazetesi.ist\/en\/wp-json\/wp\/v2\/users\/6"}],"replies":[{"embeddable":true,"href":"https:\/\/www.enerjigazetesi.ist\/en\/wp-json\/wp\/v2\/comments?post=79744"}],"version-history":[{"count":3,"href":"https:\/\/www.enerjigazetesi.ist\/en\/wp-json\/wp\/v2\/posts\/79744\/revisions"}],"predecessor-version":[{"id":79758,"href":"https:\/\/www.enerjigazetesi.ist\/en\/wp-json\/wp\/v2\/posts\/79744\/revisions\/79758"}],"wp:featuredmedia":[{"embeddable":true,"href":"https:\/\/www.enerjigazetesi.ist\/en\/wp-json\/wp\/v2\/media\/79745"}],"wp:attachment":[{"href":"https:\/\/www.enerjigazetesi.ist\/en\/wp-json\/wp\/v2\/media?parent=79744"}],"wp:term":[{"taxonomy":"category","embeddable":true,"href":"https:\/\/www.enerjigazetesi.ist\/en\/wp-json\/wp\/v2\/categories?post=79744"},{"taxonomy":"post_tag","embeddable":true,"href":"https:\/\/www.enerjigazetesi.ist\/en\/wp-json\/wp\/v2\/tags?post=79744"}],"curies":[{"name":"wp","href":"https:\/\/api.w.org\/{rel}","templated":true}]}}