{"id":79682,"date":"2018-10-02T11:17:15","date_gmt":"2018-10-02T08:17:15","guid":{"rendered":"https:\/\/www.enerjigazetesi.ist\/?p=79682"},"modified":"2018-10-02T11:17:15","modified_gmt":"2018-10-02T08:17:15","slug":"sessiz-bir-gonderiniz-var","status":"publish","type":"post","link":"https:\/\/www.enerjigazetesi.ist\/en\/sessiz-bir-gonderiniz-var\/","title":{"rendered":"(Turkish) Sessiz Bir G\u00f6nderiniz Var!"},"content":{"rendered":"<p class=\"qtranxs-available-languages-message qtranxs-available-languages-message-en\">Sorry, this entry is only available in <a href=\"https:\/\/www.enerjigazetesi.ist\/tr\/wp-json\/wp\/v2\/posts\/79682\" class=\"qtranxs-available-language-link qtranxs-available-language-link-tr\" title=\"Turkish\">Turkish<\/a>. For the sake of viewer convenience, the content is shown below in the alternative language. You may click the link to switch the active language.<\/p><p><strong>Petrol rezervinin say\u0131l\u0131 g\u00fcnlerinin oldu\u011fu g\u00fcn\u00fcm\u00fcz d\u00fcnyas\u0131nda \u00a0en kestirme yol elektrikli ara\u00e7lardan ge\u00e7ecek gibi g\u00f6z\u00fck\u00fcyor. G\u00fcn\u00fcm\u00fczde \u00e7ok yayg\u0131n kullan\u0131lmasa da elektrikli ara\u00e7lar\u0131n g\u00fcnl\u00fck hayatta daha fazla kullan\u0131lmas\u0131n\u0131n \u00f6n\u00fcn\u00fc elektrikli otomobiller de\u011fil, elektrikli ticari ara\u00e7lar\u0131n a\u00e7aca\u011f\u0131 \u00f6ng\u00f6r\u00fcl\u00fcyor. B\u00f6ylece ticari ta\u015f\u0131tlar, halk\u0131n b\u00fcy\u00fck b\u00f6l\u00fcm\u00fcn\u00fcn elektrikli ta\u015f\u0131t teknolojisiyle tan\u0131\u015fmas\u0131n\u0131 sa\u011flayacakt\u0131r.<img loading=\"lazy\" class=\"alignright size-medium wp-image-79684\" src=\"https:\/\/www.enerjigazetesi.ist\/wp-content\/uploads\/2018\/10\/sessizbirg\u00f6nderi-300x157.jpg\" alt=\"\" width=\"300\" height=\"157\" srcset=\"https:\/\/www.enerjigazetesi.ist\/wp-content\/uploads\/2018\/10\/sessizbirg\u00f6nderi-300x157.jpg 300w, https:\/\/www.enerjigazetesi.ist\/wp-content\/uploads\/2018\/10\/sessizbirg\u00f6nderi-500x262.jpg 500w, https:\/\/www.enerjigazetesi.ist\/wp-content\/uploads\/2018\/10\/sessizbirg\u00f6nderi-80x42.jpg 80w, https:\/\/www.enerjigazetesi.ist\/wp-content\/uploads\/2018\/10\/sessizbirg\u00f6nderi.jpg 720w\" sizes=\"(max-width: 300px) 100vw, 300px\" \/><\/strong><\/p>\n<p>Avrupa\u2019da ara\u00e7lar\u0131n yaln\u0131zca %0.15\u2019inin elektrikli oldu\u011fu bilinse de elektrikli ara\u00e7 kullan\u0131m\u0131n\u0131n ticari s\u0131n\u0131ftaki ara\u00e7larda da kullan\u0131lmas\u0131 s\u00fcrecine her ge\u00e7en g\u00fcn yeni bir marka kat\u0131lmaya devam ediyor. Ge\u00e7ti\u011fimiz aylarda ilk elektrikli kamyonunu tan\u0131tan Volvo, tedarik\u00e7ilere yeni bir \u00e7\u00f6z\u00fcm sunma konusunda \u00f6nemli bir ad\u0131m atarken \u015fimdi de d\u00fcnya \u00e7ap\u0131nda faaliyet g\u00f6steren UPS\u2019nin bu furyaya dahil oldu\u011funu g\u00f6r\u00fcyoruz. \u015eirketten yap\u0131lan a\u00e7\u0131klamaya g\u00f6re Paris ve Londra\u2019da sokaklara \u00e7\u0131kaca\u011f\u0131 d\u00fc\u015f\u00fcn\u00fclen elektrikli ara\u00e7lar, tek seferde 240 kilometrenin \u00fczerinde menzil kat edebilme yetene\u011fine sahip ve t\u00fcm elektrikli ara\u00e7lar gibi bu ara\u00e7lar da s\u0131f\u0131r emisyon bar\u0131nd\u0131rmaktad\u0131r.<\/p>\n<p>\u015eehirlerdeki ses ve hava kirlili\u011fine destek konusunda \u00f6nemli bir ad\u0131m atan UPS kargo \u015firketi, \u015fimdilik 35 arac\u0131yla faaliyet g\u00f6sterecek. \u015eirketin k\u0131demli bak\u0131m ve m\u00fchendislik direkt\u00f6r\u00fc Scott Philippi: \u201cNe kadar farkl\u0131 a\u00e7\u0131dan bakarsak bizim i\u00e7in o kadar iyi. T\u00fcm alternatifleri de\u011ferlendirmeye \u00e7al\u0131\u015f\u0131yoruz. \u00d6yle ya da b\u00f6yle elektrikli ara\u00e7lar\u0131n gelece\u011fimizde oldu\u011funu biliyoruz.\u201d S\u00f6zleriyle elektrikli ara\u00e7 kullan\u0131m\u0131na dikkat \u00e7ekti.<\/p>\n<p>Merve Karaku\u015f &#8211; Enerji Sistemleri M\u00fchendisi &#8211;\u00a0mervekarakus34@gmail.com<\/p>","protected":false},"excerpt":{"rendered":"<p>Sorry, this entry is only available in Turkish. For the sake of viewer convenience, the content is shown below in the alternative language. You may click the link to switch the active language.Petrol rezervinin say\u0131l\u0131 g\u00fcnlerinin oldu\u011fu g\u00fcn\u00fcm\u00fcz d\u00fcnyas\u0131nda \u00a0en kestirme yol elektrikli ara\u00e7lardan ge\u00e7ecek gibi g\u00f6z\u00fck\u00fcyor. G\u00fcn\u00fcm\u00fczde \u00e7ok yayg\u0131n kullan\u0131lmasa da elektrikli ara\u00e7lar\u0131n g\u00fcnl\u00fck [&hellip;]<\/p>\n","protected":false},"author":6,"featured_media":79684,"comment_status":"open","ping_status":"open","sticky":false,"template":"","format":"standard","meta":[],"categories":[51,53],"tags":[215,39757,67,1009,39758,2246,35401,29310],"views":686,"_links":{"self":[{"href":"https:\/\/www.enerjigazetesi.ist\/en\/wp-json\/wp\/v2\/posts\/79682"}],"collection":[{"href":"https:\/\/www.enerjigazetesi.ist\/en\/wp-json\/wp\/v2\/posts"}],"about":[{"href":"https:\/\/www.enerjigazetesi.ist\/en\/wp-json\/wp\/v2\/types\/post"}],"author":[{"embeddable":true,"href":"https:\/\/www.enerjigazetesi.ist\/en\/wp-json\/wp\/v2\/users\/6"}],"replies":[{"embeddable":true,"href":"https:\/\/www.enerjigazetesi.ist\/en\/wp-json\/wp\/v2\/comments?post=79682"}],"version-history":[{"count":1,"href":"https:\/\/www.enerjigazetesi.ist\/en\/wp-json\/wp\/v2\/posts\/79682\/revisions"}],"predecessor-version":[{"id":79689,"href":"https:\/\/www.enerjigazetesi.ist\/en\/wp-json\/wp\/v2\/posts\/79682\/revisions\/79689"}],"wp:featuredmedia":[{"embeddable":true,"href":"https:\/\/www.enerjigazetesi.ist\/en\/wp-json\/wp\/v2\/media\/79684"}],"wp:attachment":[{"href":"https:\/\/www.enerjigazetesi.ist\/en\/wp-json\/wp\/v2\/media?parent=79682"}],"wp:term":[{"taxonomy":"category","embeddable":true,"href":"https:\/\/www.enerjigazetesi.ist\/en\/wp-json\/wp\/v2\/categories?post=79682"},{"taxonomy":"post_tag","embeddable":true,"href":"https:\/\/www.enerjigazetesi.ist\/en\/wp-json\/wp\/v2\/tags?post=79682"}],"curies":[{"name":"wp","href":"https:\/\/api.w.org\/{rel}","templated":true}]}}