{"id":79586,"date":"2018-09-30T22:42:26","date_gmt":"2018-09-30T19:42:26","guid":{"rendered":"https:\/\/www.enerjigazetesi.ist\/?p=79586"},"modified":"2018-09-30T22:43:34","modified_gmt":"2018-09-30T19:43:34","slug":"mikro-cati-geslerde-proje-onay-bedeli-artik-alinmayacak","status":"publish","type":"post","link":"https:\/\/www.enerjigazetesi.ist\/en\/mikro-cati-geslerde-proje-onay-bedeli-artik-alinmayacak\/","title":{"rendered":"(Turkish) Mikro \u00c7at\u0131 GES&#8217;lerde Proje Onay Bedeli Art\u0131k Al\u0131nmayacak"},"content":{"rendered":"<p class=\"qtranxs-available-languages-message qtranxs-available-languages-message-en\">Sorry, this entry is only available in <a href=\"https:\/\/www.enerjigazetesi.ist\/tr\/wp-json\/wp\/v2\/posts\/79586\" class=\"qtranxs-available-language-link qtranxs-available-language-link-tr\" title=\"Turkish\">Turkish<\/a>. For the sake of viewer convenience, the content is shown below in the alternative language. You may click the link to switch the active language.<\/p><p><strong>10 kW g\u00fcce kadar olan \u00e7at\u0131 ve cephe uygulamal\u0131 g\u00fcne\u015f enerjisi sistemleri kurulumunda proje onay i\u015flem \u00fccreti art\u0131k al\u0131nmay\u0131p sadece 50 lira kabul i\u015flemi bedeli \u00f6demesi yap\u0131lacak.\u00a0<\/strong><\/p>\n<p>T<img loading=\"lazy\" class=\"alignleft size-medium wp-image-79587\" src=\"https:\/\/www.enerjigazetesi.ist\/wp-content\/uploads\/2018\/09\/mikro-cati-geslerde-proje-onay-bedeli-artik-alinmayacak-300x168.jpg\" alt=\"\" width=\"300\" height=\"168\" srcset=\"https:\/\/www.enerjigazetesi.ist\/wp-content\/uploads\/2018\/09\/mikro-cati-geslerde-proje-onay-bedeli-artik-alinmayacak-300x168.jpg 300w, https:\/\/www.enerjigazetesi.ist\/wp-content\/uploads\/2018\/09\/mikro-cati-geslerde-proje-onay-bedeli-artik-alinmayacak-500x281.jpg 500w, https:\/\/www.enerjigazetesi.ist\/wp-content\/uploads\/2018\/09\/mikro-cati-geslerde-proje-onay-bedeli-artik-alinmayacak-80x45.jpg 80w, https:\/\/www.enerjigazetesi.ist\/wp-content\/uploads\/2018\/09\/mikro-cati-geslerde-proje-onay-bedeli-artik-alinmayacak.jpg 570w\" sizes=\"(max-width: 300px) 100vw, 300px\" \/>EDA\u015e Genel M\u00fcd\u00fcrl\u00fc\u011f\u00fc Yat\u0131r\u0131mlar \u0130zleme Daire Ba\u015fkanl\u0131\u011f\u0131 Proje ve Kabul M\u00fcd\u00fcrl\u00fc\u011f\u00fc\u2019n\u00fcn TEDA\u015e Anadolu Yakas\u0131 B\u00f6lge M\u00fcd\u00fcrl\u00fc\u011f\u00fc\u2019ne iletti\u011fi\u00a0<span style=\"text-decoration: underline;\">yaz\u0131ya g\u00f6re;<\/span><\/p>\n<p>&#8220;yetkilerinde olan yenilenebilir enerji kaynaklar\u0131na dayal\u0131 \u00e7at\u0131 ve cephe uygulamal\u0131 10 kW\u2019a kadar (10 kW dahil) \u00fcretim tesislerinin proje onay i\u015flemleri i\u00e7in herhangi bir bedel al\u0131nmayacak. Bu tesislerin kabul i\u015flemleri i\u00e7in sadece 50 lira hizmet sat\u0131\u015f bedeli al\u0131nacak.&#8221;<\/p>","protected":false},"excerpt":{"rendered":"<p>Sorry, this entry is only available in Turkish. For the sake of viewer convenience, the content is shown below in the alternative language. You may click the link to switch the active language.10 kW g\u00fcce kadar olan \u00e7at\u0131 ve cephe uygulamal\u0131 g\u00fcne\u015f enerjisi sistemleri kurulumunda proje onay i\u015flem \u00fccreti art\u0131k al\u0131nmay\u0131p sadece 50 lira kabul [&hellip;]<\/p>\n","protected":false},"author":1,"featured_media":79587,"comment_status":"open","ping_status":"open","sticky":false,"template":"","format":"standard","meta":[],"categories":[51,53,49],"tags":[3126,63,67,1009,2326,227,23416,1876,23133,23131,39694,39691,39692,39693,1216],"views":1538,"_links":{"self":[{"href":"https:\/\/www.enerjigazetesi.ist\/en\/wp-json\/wp\/v2\/posts\/79586"}],"collection":[{"href":"https:\/\/www.enerjigazetesi.ist\/en\/wp-json\/wp\/v2\/posts"}],"about":[{"href":"https:\/\/www.enerjigazetesi.ist\/en\/wp-json\/wp\/v2\/types\/post"}],"author":[{"embeddable":true,"href":"https:\/\/www.enerjigazetesi.ist\/en\/wp-json\/wp\/v2\/users\/1"}],"replies":[{"embeddable":true,"href":"https:\/\/www.enerjigazetesi.ist\/en\/wp-json\/wp\/v2\/comments?post=79586"}],"version-history":[{"count":2,"href":"https:\/\/www.enerjigazetesi.ist\/en\/wp-json\/wp\/v2\/posts\/79586\/revisions"}],"predecessor-version":[{"id":79589,"href":"https:\/\/www.enerjigazetesi.ist\/en\/wp-json\/wp\/v2\/posts\/79586\/revisions\/79589"}],"wp:featuredmedia":[{"embeddable":true,"href":"https:\/\/www.enerjigazetesi.ist\/en\/wp-json\/wp\/v2\/media\/79587"}],"wp:attachment":[{"href":"https:\/\/www.enerjigazetesi.ist\/en\/wp-json\/wp\/v2\/media?parent=79586"}],"wp:term":[{"taxonomy":"category","embeddable":true,"href":"https:\/\/www.enerjigazetesi.ist\/en\/wp-json\/wp\/v2\/categories?post=79586"},{"taxonomy":"post_tag","embeddable":true,"href":"https:\/\/www.enerjigazetesi.ist\/en\/wp-json\/wp\/v2\/tags?post=79586"}],"curies":[{"name":"wp","href":"https:\/\/api.w.org\/{rel}","templated":true}]}}