{"id":79576,"date":"2018-09-30T22:00:10","date_gmt":"2018-09-30T19:00:10","guid":{"rendered":"https:\/\/www.enerjigazetesi.ist\/?p=79576"},"modified":"2018-09-30T23:06:04","modified_gmt":"2018-09-30T20:06:04","slug":"enerjisa-yonetiminde-gorev-degisikligi-yapildi","status":"publish","type":"post","link":"https:\/\/www.enerjigazetesi.ist\/en\/enerjisa-yonetiminde-gorev-degisikligi-yapildi\/","title":{"rendered":"(Turkish) Enerjisa Y\u00f6netiminde G\u00f6rev De\u011fi\u015fikli\u011fi Yap\u0131ld\u0131"},"content":{"rendered":"<p class=\"qtranxs-available-languages-message qtranxs-available-languages-message-en\">Sorry, this entry is only available in <a href=\"https:\/\/www.enerjigazetesi.ist\/tr\/wp-json\/wp\/v2\/posts\/79576\" class=\"qtranxs-available-language-link qtranxs-available-language-link-tr\" title=\"Turkish\">Turkish<\/a>. For the sake of viewer convenience, the content is shown below in the alternative language. You may click the link to switch the active language.<\/p><p><strong>Enerjisa Enerji A\u015e&#8217;de Strateji ve \u0130\u015f Geli\u015ftirme B\u00f6l\u00fcm Ba\u015fkanl\u0131\u011f\u0131&#8217;na Fezal Okur atand\u0131.<\/strong><\/p>\n<p>Yine CEO\u2019ya ba\u011fl\u0131 \u0130nsan Kaynaklar\u0131 ve Bili\u015fim Ba\u015fkanl\u0131\u011f\u0131na ise G\u00fcl Erol&#8217;un atamas\u0131 yap\u0131ld\u0131. Fezal Okur ve G\u00fcl Erol yeni g\u00f6revlerinde\u00a0<strong>01 Ekim 2018<\/strong> tarihi itibari ile i\u015fba\u015f\u0131 yapacaklar.<strong><img loading=\"lazy\" class=\"size-medium wp-image-79577 alignright\" src=\"https:\/\/www.enerjigazetesi.ist\/wp-content\/uploads\/2018\/09\/enerjisa-yonetiminde-gorev-degisikligi-yapildi-300x125.jpg\" alt=\"\" width=\"300\" height=\"125\" srcset=\"https:\/\/www.enerjigazetesi.ist\/wp-content\/uploads\/2018\/09\/enerjisa-yonetiminde-gorev-degisikligi-yapildi-300x125.jpg 300w, https:\/\/www.enerjigazetesi.ist\/wp-content\/uploads\/2018\/09\/enerjisa-yonetiminde-gorev-degisikligi-yapildi-500x208.jpg 500w, https:\/\/www.enerjigazetesi.ist\/wp-content\/uploads\/2018\/09\/enerjisa-yonetiminde-gorev-degisikligi-yapildi-80x33.jpg 80w, https:\/\/www.enerjigazetesi.ist\/wp-content\/uploads\/2018\/09\/enerjisa-yonetiminde-gorev-degisikligi-yapildi.jpg 620w\" sizes=\"(max-width: 300px) 100vw, 300px\" \/><\/strong><\/p>\n<p>\u015eirket y\u00f6neticilerinden olan CEO\u2019ya ba\u011fl\u0131 Sat\u0131\u015f Ba\u015fkan\u0131 pozisyonunda yer olan H\u00fcseyin \u00c7a\u011flar ise 30 Eyl\u00fcl 2018 tarihinden itibaren ge\u00e7erli olmak \u00fczere g\u00f6revinden ayr\u0131l\u0131yor&#8230;<\/p>","protected":false},"excerpt":{"rendered":"<p>Sorry, this entry is only available in Turkish. For the sake of viewer convenience, the content is shown below in the alternative language. You may click the link to switch the active language.Enerjisa Enerji A\u015e&#8217;de Strateji ve \u0130\u015f Geli\u015ftirme B\u00f6l\u00fcm Ba\u015fkanl\u0131\u011f\u0131&#8217;na Fezal Okur atand\u0131. Yine CEO\u2019ya ba\u011fl\u0131 \u0130nsan Kaynaklar\u0131 ve Bili\u015fim Ba\u015fkanl\u0131\u011f\u0131na ise G\u00fcl Erol&#8217;un [&hellip;]<\/p>\n","protected":false},"author":1,"featured_media":79577,"comment_status":"open","ping_status":"open","sticky":false,"template":"","format":"standard","meta":[],"categories":[51,53],"tags":[4781,34979,19638,26353,67,1009,422,39695,39696,39689,39688,39690,2834],"views":1101,"_links":{"self":[{"href":"https:\/\/www.enerjigazetesi.ist\/en\/wp-json\/wp\/v2\/posts\/79576"}],"collection":[{"href":"https:\/\/www.enerjigazetesi.ist\/en\/wp-json\/wp\/v2\/posts"}],"about":[{"href":"https:\/\/www.enerjigazetesi.ist\/en\/wp-json\/wp\/v2\/types\/post"}],"author":[{"embeddable":true,"href":"https:\/\/www.enerjigazetesi.ist\/en\/wp-json\/wp\/v2\/users\/1"}],"replies":[{"embeddable":true,"href":"https:\/\/www.enerjigazetesi.ist\/en\/wp-json\/wp\/v2\/comments?post=79576"}],"version-history":[{"count":4,"href":"https:\/\/www.enerjigazetesi.ist\/en\/wp-json\/wp\/v2\/posts\/79576\/revisions"}],"predecessor-version":[{"id":79599,"href":"https:\/\/www.enerjigazetesi.ist\/en\/wp-json\/wp\/v2\/posts\/79576\/revisions\/79599"}],"wp:featuredmedia":[{"embeddable":true,"href":"https:\/\/www.enerjigazetesi.ist\/en\/wp-json\/wp\/v2\/media\/79577"}],"wp:attachment":[{"href":"https:\/\/www.enerjigazetesi.ist\/en\/wp-json\/wp\/v2\/media?parent=79576"}],"wp:term":[{"taxonomy":"category","embeddable":true,"href":"https:\/\/www.enerjigazetesi.ist\/en\/wp-json\/wp\/v2\/categories?post=79576"},{"taxonomy":"post_tag","embeddable":true,"href":"https:\/\/www.enerjigazetesi.ist\/en\/wp-json\/wp\/v2\/tags?post=79576"}],"curies":[{"name":"wp","href":"https:\/\/api.w.org\/{rel}","templated":true}]}}