{"id":79485,"date":"2018-09-29T20:58:06","date_gmt":"2018-09-29T17:58:06","guid":{"rendered":"https:\/\/www.enerjigazetesi.ist\/?p=79485"},"modified":"2018-09-29T21:16:36","modified_gmt":"2018-09-29T18:16:36","slug":"gunderden-yeka-ges-2-ve-enerji-depolama-sistemi-sartnameleri-icin-sektorel-gorus-toplantisi","status":"publish","type":"post","link":"https:\/\/www.enerjigazetesi.ist\/en\/gunderden-yeka-ges-2-ve-enerji-depolama-sistemi-sartnameleri-icin-sektorel-gorus-toplantisi\/","title":{"rendered":"(Turkish) G\u00dcNDER&#8217;in YEKA GES-2 ve Enerji Dep. Sis. \u015eartnameleri Toplant\u0131s\u0131 D\u00fczenlendi"},"content":{"rendered":"<p class=\"qtranxs-available-languages-message qtranxs-available-languages-message-en\">Sorry, this entry is only available in <a href=\"https:\/\/www.enerjigazetesi.ist\/tr\/wp-json\/wp\/v2\/posts\/79485\" class=\"qtranxs-available-language-link qtranxs-available-language-link-tr\" title=\"Turkish\">Turkish<\/a>. For the sake of viewer convenience, the content is shown below in the alternative language. You may click the link to switch the active language.<\/p><p><strong>Ge\u00e7ti\u011fimiz g\u00fcnlerde G\u00dcNDER\u2019 in yapm\u0131\u015f oldu\u011fu YEKA GES-2 ve Enerji Depolama Sistemi i\u00e7in Sekt\u00f6rel G\u00f6r\u00fc\u015f Toplant\u0131s\u0131\u2019ndan bahsedelim. \u00d6ncelikle toplant\u0131 s\u0131ras\u0131nda da s\u0131k\u00e7a bahsedildi\u011fi \u00fczere yay\u0131mlanan \u015fartnamelerin asl\u0131nda bir taslak oldu\u011funu unutmayal\u0131m&#8230;<\/strong><\/p>\n<p>Bu taslakta, toplamda 1000MWe olan ba\u011flant\u0131 kapasitesi; \u015eanl\u0131urfa-Viran\u015fehir YEKA\u2019 da 500MWe, <img loading=\"lazy\" class=\"alignright size-medium wp-image-79486\" src=\"https:\/\/www.enerjigazetesi.ist\/wp-content\/uploads\/2018\/09\/YEKA-300x175.jpg\" alt=\"\" width=\"300\" height=\"175\" srcset=\"https:\/\/www.enerjigazetesi.ist\/wp-content\/uploads\/2018\/09\/YEKA-300x175.jpg 300w, https:\/\/www.enerjigazetesi.ist\/wp-content\/uploads\/2018\/09\/YEKA-768x448.jpg 768w, https:\/\/www.enerjigazetesi.ist\/wp-content\/uploads\/2018\/09\/YEKA-1024x597.jpg 1024w, https:\/\/www.enerjigazetesi.ist\/wp-content\/uploads\/2018\/09\/YEKA-500x292.jpg 500w, https:\/\/www.enerjigazetesi.ist\/wp-content\/uploads\/2018\/09\/YEKA-80x47.jpg 80w, https:\/\/www.enerjigazetesi.ist\/wp-content\/uploads\/2018\/09\/YEKA.jpg 1337w\" sizes=\"(max-width: 300px) 100vw, 300px\" \/>Hatay-Erzin YEKA\u2019 da 200MWe ve Ni\u011fde-Bor YEKA\u2019 da 300MWe olarak \u00fc\u00e7e b\u00f6l\u00fcnm\u00fc\u015ft\u00fcr. \u0130haleye girecek olan yar\u0131\u015fmac\u0131n\u0131n yap\u0131s\u0131 t\u00fczel ki\u015fi, i\u015f ortakl\u0131\u011f\u0131 ya da konsorsiyum \u015feklinde olabilir. Ancak ihalenin tamam\u0131n\u0131 alan yar\u0131\u015fmac\u0131 bu \u00fc\u00e7 par\u00e7ay\u0131 kendi i\u00e7erisinde 20MWe,30MWe veya 50MWe \u015feklinde b\u00f6lebilir mi? Bu konu toplant\u0131da da b\u00fcy\u00fck bir tart\u0131\u015fma konusu olmu\u015ftur. Buna ek olarak; ihaleyi kazanan yar\u0131\u015fmac\u0131 uygun \u015fartlar\u0131 sa\u011flad\u0131\u011f\u0131 taktirde bakanl\u0131k onay\u0131 ile hisse devri yapabilmektedir.<\/p>\n<p>S\u00fcrelerden bahsetmek gerekirse; anla\u015fma imzaland\u0131ktan itibaren ilk 24 ay i\u00e7erisinde kuruluma ba\u015flanmas\u0131 \u015fart\u0131na ek olarak anla\u015fman\u0131n imzalanmas\u0131ndan itibaren 60. ay\u0131n sonunda kurulumun bitirilip elektrik \u00fcretimine ba\u015flanmas\u0131 gerekmektedir. Al\u0131m s\u00fcresinin ise yine anla\u015fman\u0131n imzalanmas\u0131ndan itibaren 15 y\u0131ld\u0131r. Burada \u015funu unutmamal\u0131; santrallerin kurulumu ne kadar erken biterse 15 y\u0131l olan al\u0131m s\u00fcremizden o kadar az kay\u0131p ya\u015fam\u0131\u015f oluruz. Ancak lisans s\u00fcresi ise k\u00fc\u00e7\u00fck bir farkl\u0131l\u0131kla kurulum tamamland\u0131ktan sonra ki 30 y\u0131l i\u00e7in ge\u00e7erlidir.<\/p>\n<p>Ge\u00e7ti\u011fimiz aylarda g\u00fcndemde olan yerlilik konusunda ise %60 gibi y\u00fcksek bir oran \u015fartlar aras\u0131nda bulunmaktad\u0131r. Bu %60 oran\u0131 \u015f\u00f6yle bir soruyu da beraberinde getirmektedir. Peki ya mod\u00fcl fiyatlar\u0131 d\u00fc\u015ferse ne olacak? Geli\u015fen teknoloji ile beraber her ge\u00e7en g\u00fcn d\u00fc\u015fen mod\u00fcl fiyatlar\u0131 ile %60 oran\u0131 \u00e7ok rahat tutturulabilir gibi durmaktad\u0131r. O zaman buna yerli demek ne kadar do\u011fru olacakt\u0131r oras\u0131 tart\u0131\u015f\u0131l\u0131r. Yerlili\u011fi bir kenara b\u0131rak\u0131p, yenilenebilir enerji kaynaklar\u0131 alan\u0131nda ve i\u015f\u00e7i istihdam\u0131nda epey katk\u0131 sa\u011flayaca\u011f\u0131n\u0131 s\u00f6yleyebiliriz. Ancak bu tasla\u011f\u0131n; toplam ba\u011flant\u0131 kapasitesinin daha farkl\u0131 \u015fekilde b\u00f6l\u00fcnmesi ve yerlilik konusunda yeniliklere ihtiyac\u0131 oldu\u011funu s\u00f6yleyebiliriz.<\/p>\n<p>BERAT CAN B\u00dcY\u00dcK \u2013 Project Engineer \u2013 beratcanbuyuk@solarstore.com.tr<\/p>","protected":false},"excerpt":{"rendered":"<p>Sorry, this entry is only available in Turkish. For the sake of viewer convenience, the content is shown below in the alternative language. You may click the link to switch the active language.Ge\u00e7ti\u011fimiz g\u00fcnlerde G\u00dcNDER\u2019 in yapm\u0131\u015f oldu\u011fu YEKA GES-2 ve Enerji Depolama Sistemi i\u00e7in Sekt\u00f6rel G\u00f6r\u00fc\u015f Toplant\u0131s\u0131\u2019ndan bahsedelim. \u00d6ncelikle toplant\u0131 s\u0131ras\u0131nda da s\u0131k\u00e7a bahsedildi\u011fi [&hellip;]<\/p>\n","protected":false},"author":6,"featured_media":79486,"comment_status":"open","ping_status":"open","sticky":false,"template":"","format":"standard","meta":[],"categories":[51,53,49],"tags":[39127,61,19811,25743,67,1009,12,1382,13,23416,23133,23131,39664,39663],"views":1103,"_links":{"self":[{"href":"https:\/\/www.enerjigazetesi.ist\/en\/wp-json\/wp\/v2\/posts\/79485"}],"collection":[{"href":"https:\/\/www.enerjigazetesi.ist\/en\/wp-json\/wp\/v2\/posts"}],"about":[{"href":"https:\/\/www.enerjigazetesi.ist\/en\/wp-json\/wp\/v2\/types\/post"}],"author":[{"embeddable":true,"href":"https:\/\/www.enerjigazetesi.ist\/en\/wp-json\/wp\/v2\/users\/6"}],"replies":[{"embeddable":true,"href":"https:\/\/www.enerjigazetesi.ist\/en\/wp-json\/wp\/v2\/comments?post=79485"}],"version-history":[{"count":5,"href":"https:\/\/www.enerjigazetesi.ist\/en\/wp-json\/wp\/v2\/posts\/79485\/revisions"}],"predecessor-version":[{"id":79492,"href":"https:\/\/www.enerjigazetesi.ist\/en\/wp-json\/wp\/v2\/posts\/79485\/revisions\/79492"}],"wp:featuredmedia":[{"embeddable":true,"href":"https:\/\/www.enerjigazetesi.ist\/en\/wp-json\/wp\/v2\/media\/79486"}],"wp:attachment":[{"href":"https:\/\/www.enerjigazetesi.ist\/en\/wp-json\/wp\/v2\/media?parent=79485"}],"wp:term":[{"taxonomy":"category","embeddable":true,"href":"https:\/\/www.enerjigazetesi.ist\/en\/wp-json\/wp\/v2\/categories?post=79485"},{"taxonomy":"post_tag","embeddable":true,"href":"https:\/\/www.enerjigazetesi.ist\/en\/wp-json\/wp\/v2\/tags?post=79485"}],"curies":[{"name":"wp","href":"https:\/\/api.w.org\/{rel}","templated":true}]}}