{"id":79404,"date":"2018-09-28T10:29:16","date_gmt":"2018-09-28T07:29:16","guid":{"rendered":"https:\/\/www.enerjigazetesi.ist\/?p=79404"},"modified":"2018-09-28T11:38:26","modified_gmt":"2018-09-28T08:38:26","slug":"turkiye-ruzgar-enerjisinde-yeni-bir-rekora-imza-atti","status":"publish","type":"post","link":"https:\/\/www.enerjigazetesi.ist\/en\/turkiye-ruzgar-enerjisinde-yeni-bir-rekora-imza-atti\/","title":{"rendered":"(Turkish) T\u00fcrkiye R\u00fczgar Enerjisinde Yeni Bir Rekora \u0130mza Att\u0131!"},"content":{"rendered":"<p class=\"qtranxs-available-languages-message qtranxs-available-languages-message-en\">Sorry, this entry is only available in <a href=\"https:\/\/www.enerjigazetesi.ist\/tr\/wp-json\/wp\/v2\/posts\/79404\" class=\"qtranxs-available-language-link qtranxs-available-language-link-tr\" title=\"Turkish\">Turkish<\/a>. For the sake of viewer convenience, the content is shown below in the alternative language. You may click the link to switch the active language.<\/p><p><strong>G\u00fcn\u00fcm\u00fczde fosil yak\u0131tlar ve yeni enerji kaynaklar\u0131 arayan devletler, d\u0131\u015f politikalar\u0131n\u0131 enerji ihtiya\u00e7lar\u0131na g\u00f6re belirlemekte ve enerji kaynaklar\u0131n\u0131 kendi toplumlar\u0131n\u0131n refah\u0131 i\u00e7in kullanmaya \u00e7al\u0131\u015fmaktad\u0131r. Ge\u00e7mi\u015fte oldu\u011fu gibi bug\u00fcn de, daha \u00e7ok enerji kullanan \u00fclkelerin daha g\u00fc\u00e7l\u00fc ve daha rahat ya\u015fad\u0131\u011f\u0131n\u0131 g\u00f6rmekteyiz. Bu y\u00f6n\u00fcyle, g\u00fcn\u00fcm\u00fczde ve gelecekte enerji ve enerji kaynaklar\u0131 \u00fclkelerin vazge\u00e7ilmezlerindendir.<br \/>\n<\/strong><\/p>\n<p>T\u00fcrkiye\u2019nin vazge\u00e7ilmez enerji kaynaklar\u0131ndan biri olan r\u00fczgar enerjisiyle elektrik \u00fcretiminde g\u00fcnl\u00fck<strong><img loading=\"lazy\" class=\"alignright size-medium wp-image-79405\" src=\"https:\/\/www.enerjigazetesi.ist\/wp-content\/uploads\/2018\/09\/r\u00fczgarrekor-300x168.jpg\" alt=\"\" width=\"300\" height=\"168\" srcset=\"https:\/\/www.enerjigazetesi.ist\/wp-content\/uploads\/2018\/09\/r\u00fczgarrekor.jpg 300w, https:\/\/www.enerjigazetesi.ist\/wp-content\/uploads\/2018\/09\/r\u00fczgarrekor-80x45.jpg 80w\" sizes=\"(max-width: 300px) 100vw, 300px\" \/><\/strong> bazda 130 bin 770 megawattsaatle rekor k\u0131r\u0131ld\u0131. Do\u011falgaz ve ithal k\u00f6m\u00fcr santrallerinden sonra en fazla elektrik \u00fcretimi r\u00fczg\u00e2r santrallerinde ger\u00e7ekle\u015fti. Ayr\u0131ca T\u00fcrkiye\u2019de r\u00fczgar enerjisinin toplam elektrik \u00fcretimindeki pay\u0131 %16.8\u2019e ula\u015ft\u0131. R\u00fczgar santrallerimiz elektrik \u00fcretiminde, barajl\u0131 hidroelektrik, linyit ve akarsu gibi \u00f6nemli enerji kaynaklar\u0131n\u0131 geride b\u0131rakt\u0131.<\/p>\n<p>T\u00fcrkiye\u2019de 2005\u2019te y\u00fcr\u00fcrl\u00fc\u011fe giren Yenilenebilir Enerji Kanunu sonras\u0131nda geli\u015fmeye ba\u015flayan r\u00fczgar enerjisi sekt\u00f6r\u00fcnde kurulu g\u00fc\u00e7 g\u00fcn ge\u00e7tik\u00e7e art\u0131yor. \u00d6te yandan, r\u00fczgar enerjisi sekt\u00f6r\u00fc yat\u0131r\u0131mc\u0131lar\u0131 son ba\u015fvurular\u0131 23 Ekim\u2019de al\u0131nacak olan 1200 megawattl\u0131k deniz \u00fcst\u00fc (offshore) r\u00fczgar enerjisi santrali ihalesi i\u00e7in haz\u0131rl\u0131klar\u0131n\u0131 s\u00fcrd\u00fcr\u00fcyor.<\/p>\n<p>Merve Karaku\u015f &#8211; Enerji Sistemleri M\u00fchendisi &#8211;\u00a0mervekarakus34@gmail.com<\/p>","protected":false},"excerpt":{"rendered":"<p>Sorry, this entry is only available in Turkish. For the sake of viewer convenience, the content is shown below in the alternative language. You may click the link to switch the active language.G\u00fcn\u00fcm\u00fczde fosil yak\u0131tlar ve yeni enerji kaynaklar\u0131 arayan devletler, d\u0131\u015f politikalar\u0131n\u0131 enerji ihtiya\u00e7lar\u0131na g\u00f6re belirlemekte ve enerji kaynaklar\u0131n\u0131 kendi toplumlar\u0131n\u0131n refah\u0131 i\u00e7in kullanmaya [&hellip;]<\/p>\n","protected":false},"author":6,"featured_media":79405,"comment_status":"open","ping_status":"open","sticky":false,"template":"","format":"standard","meta":[],"categories":[53,50],"tags":[67,1009,35002,16,24949,39646,23318,34960,9673],"views":791,"_links":{"self":[{"href":"https:\/\/www.enerjigazetesi.ist\/en\/wp-json\/wp\/v2\/posts\/79404"}],"collection":[{"href":"https:\/\/www.enerjigazetesi.ist\/en\/wp-json\/wp\/v2\/posts"}],"about":[{"href":"https:\/\/www.enerjigazetesi.ist\/en\/wp-json\/wp\/v2\/types\/post"}],"author":[{"embeddable":true,"href":"https:\/\/www.enerjigazetesi.ist\/en\/wp-json\/wp\/v2\/users\/6"}],"replies":[{"embeddable":true,"href":"https:\/\/www.enerjigazetesi.ist\/en\/wp-json\/wp\/v2\/comments?post=79404"}],"version-history":[{"count":5,"href":"https:\/\/www.enerjigazetesi.ist\/en\/wp-json\/wp\/v2\/posts\/79404\/revisions"}],"predecessor-version":[{"id":79416,"href":"https:\/\/www.enerjigazetesi.ist\/en\/wp-json\/wp\/v2\/posts\/79404\/revisions\/79416"}],"wp:featuredmedia":[{"embeddable":true,"href":"https:\/\/www.enerjigazetesi.ist\/en\/wp-json\/wp\/v2\/media\/79405"}],"wp:attachment":[{"href":"https:\/\/www.enerjigazetesi.ist\/en\/wp-json\/wp\/v2\/media?parent=79404"}],"wp:term":[{"taxonomy":"category","embeddable":true,"href":"https:\/\/www.enerjigazetesi.ist\/en\/wp-json\/wp\/v2\/categories?post=79404"},{"taxonomy":"post_tag","embeddable":true,"href":"https:\/\/www.enerjigazetesi.ist\/en\/wp-json\/wp\/v2\/tags?post=79404"}],"curies":[{"name":"wp","href":"https:\/\/api.w.org\/{rel}","templated":true}]}}