{"id":7927,"date":"2013-03-08T10:00:02","date_gmt":"2013-03-08T07:00:02","guid":{"rendered":"https:\/\/www.enerjigazetesi.ist\/?p=7927"},"modified":"2013-03-08T10:00:02","modified_gmt":"2013-03-08T07:00:02","slug":"sanko-yenilenebilir-enerji-yatirimlarina-onem-veriyor","status":"publish","type":"post","link":"https:\/\/www.enerjigazetesi.ist\/en\/sanko-yenilenebilir-enerji-yatirimlarina-onem-veriyor\/","title":{"rendered":"(Turkish) Sanko Yenilenebilir Enerji Yat\u0131r\u0131mlar\u0131na \u00d6nem Veriyor"},"content":{"rendered":"<p class=\"qtranxs-available-languages-message qtranxs-available-languages-message-en\">Sorry, this entry is only available in <a href=\"https:\/\/www.enerjigazetesi.ist\/tr\/wp-json\/wp\/v2\/posts\/7927\" class=\"qtranxs-available-language-link qtranxs-available-language-link-tr\" title=\"Turkish\">Turkish<\/a>. For the sake of viewer convenience, the content is shown below in the alternative language. You may click the link to switch the active language.<\/p><p><strong>Sanko Enerji Proje Koordinat\u00f6r\u00fc Mehmet Kaygusuz, yenilenebilir enerji\u00a0 yat\u0131r\u0131mlar\u0131na \u00f6nem verdiklerini belirterek, \u201cBu y\u00f6ndeki yat\u0131r\u0131mlar\u0131m\u0131z\u0131 planlad\u0131\u011f\u0131m\u0131z kapsamda s\u00fcrd\u00fcr\u00fcyoruz\u201d dedi.<\/strong><\/p>\n<p>Kaygusuz, D\u00fcnya R\u00fczgar Enerjisi Birli\u011fi Ba\u015fkan Yard\u0131mc\u0131s\u0131 Prof. Dr. Tanay\u00a0 S\u0131dk\u0131 Uyar ile birlikte, TRT Haber G\u00fcndem\u2019in, T\u00fcrkiye\u2019de r\u00fczgar enerjisi\u00a0 konusunda fark\u0131ndal\u0131k yaratmak, \u00f6zellikle yenilenebilir enerji kaynaklar\u0131n\u0131n\u00a0 gelece\u011fini masaya yat\u0131rmak ve bu konuda yap\u0131lan olumlu yat\u0131r\u0131mlar\u0131 izleyicilerine ula\u015ft\u0131rmak amac\u0131yla Sanko \u00c7atalca R\u00fczgar Enerjisi Santral\u0131\u2019ndan\u00a0 (RES) yapt\u0131\u011f\u0131 canl\u0131 yay\u0131na kat\u0131ld\u0131.<\/p>\n<p><img loading=\"lazy\" class=\"alignleft size-medium wp-image-7928\" title=\"sanko-yenilenebilir-enerji-yatirimlarina-onem-4402421_o\" src=\"https:\/\/www.enerjigazetesi.ist\/wp-content\/uploads\/2013\/03\/sanko-yenilenebilir-enerji-yatirimlarina-onem-4402421_o-300x192.jpg\" alt=\"\" width=\"300\" height=\"192\" srcset=\"https:\/\/www.enerjigazetesi.ist\/wp-content\/uploads\/2013\/03\/sanko-yenilenebilir-enerji-yatirimlarina-onem-4402421_o-300x192.jpg 300w, https:\/\/www.enerjigazetesi.ist\/wp-content\/uploads\/2013\/03\/sanko-yenilenebilir-enerji-yatirimlarina-onem-4402421_o-77x50.jpg 77w, https:\/\/www.enerjigazetesi.ist\/wp-content\/uploads\/2013\/03\/sanko-yenilenebilir-enerji-yatirimlarina-onem-4402421_o.jpg 435w\" sizes=\"(max-width: 300px) 100vw, 300px\" \/>Kuruldu\u011fu tarihte T\u00fcrkiye\u2019deki en b\u00fcy\u00fck\u00a0 kurulu g\u00fc\u00e7 olan Sanko \u00c7atalca RES\u2019in, her biri 3 MW olan 20 t\u00fcrbinden olu\u015ftu\u011funu\u00a0 ve toplam 60 MW kurulu g\u00fcce sahip oldu\u011funu ifade eden Kaygusuz, santralda 2012\u00a0 y\u0131l\u0131nda 192 milyon kilovatsaat elektrik enerjisi \u00fcretildi\u011fini s\u00f6yledi. Kaygusuz, \u201cDi\u011fer bir ifade ile yakla\u015f\u0131k 150 bin hanenin bir y\u0131ll\u0131k ihtiyac\u0131 bu santralda\u00a0 \u00fcretildi, hem de yenilenebilir kaynaklar kullan\u0131larak\u201d dedi.<\/p>\n<p>\u00d6n\u00fcm\u00fczdeki 5 y\u0131l i\u00e7erisinde de\u011fi\u015fik b\u00f6lgelerde yapacaklar\u0131 yat\u0131r\u0131mlarla 313\u00a0 MW kurulu g\u00fcc\u00fc daha \u00fcretime almay\u0131 hedeflediklerini anlatan Kaygusuz, \u201cT\u00fcrkiye\u00a0 yenilenebilir enerji kaynaklar\u0131 a\u00e7\u0131s\u0131ndan \u00f6nemli bir potansiyele sahip. Kapasite\u00a0 olarak jeotermalde 12., r\u00fczgarda 16. ve g\u00fcne\u015fte 27. s\u0131raday\u0131z\u201d diye konu\u015ftu.<\/p>\n<p>Bu kapasitenin \u00fclke ekonomisine kazand\u0131r\u0131lmas\u0131 i\u00e7in yat\u0131r\u0131mc\u0131lara kolayl\u0131klar\u00a0 sa\u011flanmas\u0131 ve \u00f6nlerinin a\u00e7\u0131lmas\u0131 gerekti\u011fini vurgulayan Kaygusuz, Sanko Enerji\u00a0 olarak yenilenebilir enerji yat\u0131r\u0131mlar\u0131n\u0131 \u00f6nemsediklerini, s\u00f6zlerine ekledi.\u00a0 Prof. Dr. Tanay S\u0131dk\u0131 Uyar da, yenilenebilir enerji kaynaklar\u0131n\u0131n \u00f6nemi ve\u00a0 yat\u0131r\u0131mlara ili\u015fkin olarak T\u00fcrkiye\u2019den ve d\u00fcnyadan bilgiler aktard\u0131.<\/p>\n<p>Kaynak :\u00a0 <a href=\"http:\/\/www.haber3.com\/sanko-yenilenebilir-enerji-yatirimlarina-onem-veriyor-haberi-1827992h.htm#ixzz2Mvg20NGa\" target=\"_blank\">Haber3<\/a><\/p>","protected":false},"excerpt":{"rendered":"<p>Sorry, this entry is only available in Turkish. For the sake of viewer convenience, the content is shown below in the alternative language. You may click the link to switch the active language.Sanko Enerji Proje Koordinat\u00f6r\u00fc Mehmet Kaygusuz, yenilenebilir enerji\u00a0 yat\u0131r\u0131mlar\u0131na \u00f6nem verdiklerini belirterek, \u201cBu y\u00f6ndeki yat\u0131r\u0131mlar\u0131m\u0131z\u0131 planlad\u0131\u011f\u0131m\u0131z kapsamda s\u00fcrd\u00fcr\u00fcyoruz\u201d dedi. Kaygusuz, D\u00fcnya R\u00fczgar Enerjisi [&hellip;]<\/p>\n","protected":false},"author":1,"featured_media":7928,"comment_status":"open","ping_status":"open","sticky":false,"template":"","format":"standard","meta":[],"categories":[51,53,50],"tags":[68,61,19,67,474,16,105],"views":586,"_links":{"self":[{"href":"https:\/\/www.enerjigazetesi.ist\/en\/wp-json\/wp\/v2\/posts\/7927"}],"collection":[{"href":"https:\/\/www.enerjigazetesi.ist\/en\/wp-json\/wp\/v2\/posts"}],"about":[{"href":"https:\/\/www.enerjigazetesi.ist\/en\/wp-json\/wp\/v2\/types\/post"}],"author":[{"embeddable":true,"href":"https:\/\/www.enerjigazetesi.ist\/en\/wp-json\/wp\/v2\/users\/1"}],"replies":[{"embeddable":true,"href":"https:\/\/www.enerjigazetesi.ist\/en\/wp-json\/wp\/v2\/comments?post=7927"}],"version-history":[{"count":1,"href":"https:\/\/www.enerjigazetesi.ist\/en\/wp-json\/wp\/v2\/posts\/7927\/revisions"}],"predecessor-version":[{"id":7929,"href":"https:\/\/www.enerjigazetesi.ist\/en\/wp-json\/wp\/v2\/posts\/7927\/revisions\/7929"}],"wp:featuredmedia":[{"embeddable":true,"href":"https:\/\/www.enerjigazetesi.ist\/en\/wp-json\/wp\/v2\/media\/7928"}],"wp:attachment":[{"href":"https:\/\/www.enerjigazetesi.ist\/en\/wp-json\/wp\/v2\/media?parent=7927"}],"wp:term":[{"taxonomy":"category","embeddable":true,"href":"https:\/\/www.enerjigazetesi.ist\/en\/wp-json\/wp\/v2\/categories?post=7927"},{"taxonomy":"post_tag","embeddable":true,"href":"https:\/\/www.enerjigazetesi.ist\/en\/wp-json\/wp\/v2\/tags?post=7927"}],"curies":[{"name":"wp","href":"https:\/\/api.w.org\/{rel}","templated":true}]}}