{"id":79258,"date":"2018-09-26T10:31:35","date_gmt":"2018-09-26T07:31:35","guid":{"rendered":"https:\/\/www.enerjigazetesi.ist\/?p=79258"},"modified":"2018-09-26T10:53:52","modified_gmt":"2018-09-26T07:53:52","slug":"ayvalikta-jeotermal-suya-ulasildi","status":"publish","type":"post","link":"https:\/\/www.enerjigazetesi.ist\/en\/ayvalikta-jeotermal-suya-ulasildi\/","title":{"rendered":"(Turkish) Ayval\u0131k&#8217;ta Jeotermal Suya Ula\u015f\u0131ld\u0131!"},"content":{"rendered":"<p class=\"qtranxs-available-languages-message qtranxs-available-languages-message-en\">Sorry, this entry is only available in <a href=\"https:\/\/www.enerjigazetesi.ist\/tr\/wp-json\/wp\/v2\/posts\/79258\" class=\"qtranxs-available-language-link qtranxs-available-language-link-tr\" title=\"Turkish\">Turkish<\/a>. For the sake of viewer convenience, the content is shown below in the alternative language. You may click the link to switch the active language.<\/p><p><strong>Bal\u0131kesir\u2019in Ayval\u0131k il\u00e7esinde 2 y\u0131l \u00f6nce ba\u015flat\u0131lan jeotermal su, sondaj \u00e7al\u0131\u015fmalar\u0131 olumlu sonu\u00e7land\u0131. Yenilenebilir, s\u00fcrd\u00fcr\u00fclebilir, t\u00fckenmez, ucuz, g\u00fcvenilir, \u00e7evre dostu, yerli ve ye\u015fil bir birincil enerji kayna\u011f\u0131 olan jeotermal enerji ad\u0131na Ayval\u0131k\u2019ta 4 y\u0131l \u00f6nce jeotermal su arama izni alan Varmak \u0130n\u015faat Madencilik Enerji Tur. San. ve Tic. Ltd. \u015eirketi taraf\u0131ndan Ayval\u0131k-\u0130zmir asfalt\u0131 Belediye K\u00f6pek Bar\u0131na\u011f\u0131 kar\u015f\u0131s\u0131nda 2 y\u0131l \u00f6nce ba\u015flat\u0131lan\u00a0<\/strong><strong>sondaj \u00e7al\u0131\u015fmalar\u0131 tamamland\u0131.<\/strong><\/p>\n<p>Sondajda 852 metrede, s\u0131cakl\u0131\u011f\u0131 50 dereceye ula\u015fan termal su bulundu. Kuzey Ege\u2019nin jeotermal <strong><img loading=\"lazy\" class=\"alignright size-medium wp-image-79259\" src=\"https:\/\/www.enerjigazetesi.ist\/wp-content\/uploads\/2018\/09\/ayval\u0131k-300x169.jpg\" alt=\"\" width=\"300\" height=\"169\" srcset=\"https:\/\/www.enerjigazetesi.ist\/wp-content\/uploads\/2018\/09\/ayval\u0131k-300x169.jpg 300w, https:\/\/www.enerjigazetesi.ist\/wp-content\/uploads\/2018\/09\/ayval\u0131k-500x281.jpg 500w, https:\/\/www.enerjigazetesi.ist\/wp-content\/uploads\/2018\/09\/ayval\u0131k-80x45.jpg 80w, https:\/\/www.enerjigazetesi.ist\/wp-content\/uploads\/2018\/09\/ayval\u0131k.jpg 590w\" sizes=\"(max-width: 300px) 100vw, 300px\" \/><\/strong>kaynaklar\u0131 ve sa\u011fl\u0131k turizminin b\u00f6lgenin son y\u0131llardaki de\u011ferleri oldu\u011funu s\u00f6yleyen Varmak \u015firketi sahibi Zafer Varl\u0131 yapt\u0131\u011f\u0131 a\u00e7\u0131klamada, \u00e7al\u0131\u015fmalar\u0131n yakla\u015f\u0131k 2 milyon TL maliyetle y\u00fcr\u00fct\u00fcld\u00fc\u011f\u00fcn\u00fc belirtti.<\/p>\n<p>Yakla\u015f\u0131k 90 noktada y\u00fcr\u00fct\u00fclen \u00e7al\u0131\u015fmalar neticesinde,\u00a0Cunda Adas\u0131 ve Cennet Tepesi mevkilerinde olumlu sonu\u00e7lar elde ettiklerini s\u00f6yleyen Varl\u0131, &#8220;\u0130lk etapta K\u00f6pek \u00c7iftli\u011fi yan\u0131nda kuyu a\u00e7ma \u00e7al\u0131\u015fmas\u0131na ba\u015flad\u0131k. Cunda\u2019da yerle\u015fik alan\u0131 ruhsat koordinatlar\u0131m\u0131z d\u0131\u015f\u0131nda tuttuk.\u00a0Ayval\u0131k\u2019\u0131 termal su ile bulu\u015fturduk. Kuyunun a\u00e7\u0131lmas\u0131n\u0131n ard\u0131ndan \u00e7\u0131kar\u0131lan termal su, sa\u011fl\u0131k turizmini ciddi anlamda tetikleyecek bir basamakt\u0131r. Burhaniye ve G\u00f6me\u00e7 kadar Ayval\u0131k\u2019ta sa\u011fl\u0131k turizmine uygundur. Bu b\u00f6lgenin sular\u0131 verimlidir. Ayval\u0131k\u2019a sa\u011fl\u0131k turizmini sokmak istiyoruz. B\u00f6lgemizde sadece deniz ve kum turizminin y\u0131l 12 aya b\u00f6l\u00fcnd\u00fc\u011f\u00fcnde y\u00fczde 8 ile 10 civar\u0131d\u0131r. Ama termal otellerde bu oran en d\u00fc\u015f\u00fck olarak y\u00fczde 70\u2019lerdedir. B\u00f6lgemizin y\u00fckselen de\u011feri ise sa\u011fl\u0131k turizmidir. Ayval\u0131k&#8217;\u0131n marka de\u011ferleri olan tarihi dokusu, adalar\u0131, y\u00fcksek oksijen oran\u0131, zeytini ve zeytinya\u011f\u0131n\u0131 termal su ve buna dayal\u0131 sa\u011fl\u0131k turizmi ile ta\u00e7land\u0131rmak istedik\u201d dedi.<\/p>\n<p>Cansu K\u00f6stel &#8211; Enerji Sistemleri M\u00fchendisi &#8211;\u00a0<a href=\"mailto:cansu.kostel@gmail.com\" target=\"_blank\" rel=\"noopener\">cansu.kostel@gmail.com<\/a><\/p>","protected":false},"excerpt":{"rendered":"<p>Sorry, this entry is only available in Turkish. For the sake of viewer convenience, the content is shown below in the alternative language. You may click the link to switch the active language.Bal\u0131kesir\u2019in Ayval\u0131k il\u00e7esinde 2 y\u0131l \u00f6nce ba\u015flat\u0131lan jeotermal su, sondaj \u00e7al\u0131\u015fmalar\u0131 olumlu sonu\u00e7land\u0131. Yenilenebilir, s\u00fcrd\u00fcr\u00fclebilir, t\u00fckenmez, ucuz, g\u00fcvenilir, \u00e7evre dostu, yerli ve ye\u015fil [&hellip;]<\/p>\n","protected":false},"author":6,"featured_media":79259,"comment_status":"open","ping_status":"open","sticky":false,"template":"","format":"standard","meta":[],"categories":[53,48],"tags":[3613,39117,67,1009,12235,16077,23226,34985,39574,6322,36184,39575],"views":954,"_links":{"self":[{"href":"https:\/\/www.enerjigazetesi.ist\/en\/wp-json\/wp\/v2\/posts\/79258"}],"collection":[{"href":"https:\/\/www.enerjigazetesi.ist\/en\/wp-json\/wp\/v2\/posts"}],"about":[{"href":"https:\/\/www.enerjigazetesi.ist\/en\/wp-json\/wp\/v2\/types\/post"}],"author":[{"embeddable":true,"href":"https:\/\/www.enerjigazetesi.ist\/en\/wp-json\/wp\/v2\/users\/6"}],"replies":[{"embeddable":true,"href":"https:\/\/www.enerjigazetesi.ist\/en\/wp-json\/wp\/v2\/comments?post=79258"}],"version-history":[{"count":4,"href":"https:\/\/www.enerjigazetesi.ist\/en\/wp-json\/wp\/v2\/posts\/79258\/revisions"}],"predecessor-version":[{"id":79263,"href":"https:\/\/www.enerjigazetesi.ist\/en\/wp-json\/wp\/v2\/posts\/79258\/revisions\/79263"}],"wp:featuredmedia":[{"embeddable":true,"href":"https:\/\/www.enerjigazetesi.ist\/en\/wp-json\/wp\/v2\/media\/79259"}],"wp:attachment":[{"href":"https:\/\/www.enerjigazetesi.ist\/en\/wp-json\/wp\/v2\/media?parent=79258"}],"wp:term":[{"taxonomy":"category","embeddable":true,"href":"https:\/\/www.enerjigazetesi.ist\/en\/wp-json\/wp\/v2\/categories?post=79258"},{"taxonomy":"post_tag","embeddable":true,"href":"https:\/\/www.enerjigazetesi.ist\/en\/wp-json\/wp\/v2\/tags?post=79258"}],"curies":[{"name":"wp","href":"https:\/\/api.w.org\/{rel}","templated":true}]}}