{"id":79251,"date":"2018-09-26T10:11:51","date_gmt":"2018-09-26T07:11:51","guid":{"rendered":"https:\/\/www.enerjigazetesi.ist\/?p=79251"},"modified":"2018-09-26T10:59:24","modified_gmt":"2018-09-26T07:59:24","slug":"cin-nukleer-enerjide-rekora-kosuyor","status":"publish","type":"post","link":"https:\/\/www.enerjigazetesi.ist\/en\/cin-nukleer-enerjide-rekora-kosuyor\/","title":{"rendered":"(Turkish) \u00c7in N\u00fckleer Enerjide Rekora Ko\u015fuyor!"},"content":{"rendered":"<p class=\"qtranxs-available-languages-message qtranxs-available-languages-message-en\">Sorry, this entry is only available in <a href=\"https:\/\/www.enerjigazetesi.ist\/tr\/wp-json\/wp\/v2\/posts\/79251\" class=\"qtranxs-available-language-link qtranxs-available-language-link-tr\" title=\"Turkish\">Turkish<\/a>. For the sake of viewer convenience, the content is shown below in the alternative language. You may click the link to switch the active language.<\/p><p><strong>G\u00fcn\u00fcm\u00fczde bir termik santrale g\u00f6re \u00e7evreyi \u00e7ok daha az kirleten, hidroelektrik santrale g\u00f6re \u00e7ok daha d\u00fczenli ve fazla elektrik \u00fcreten n\u00fckleer enerji, Avrupa\u2019da pop\u00fclaritesini korumaya devam ediyor. Avrupa Birli\u011fi, yenilenebilir enerji kaynaklar\u0131n\u0131n kullan\u0131m\u0131 i\u00e7in bask\u0131 yapsa da Avrupa Birli\u011fi\u00a0 genelinde n\u00fckleer santral say\u0131s\u0131 127\u2019dir. N\u00fckleer enerjinin temiz elektrik sa\u011flamas\u0131 fosil yak\u0131tlara ba\u011fl\u0131l\u0131\u011f\u0131 azaltaca\u011f\u0131 \u00f6ng\u00f6r\u00fcl\u00fcyor.<img loading=\"lazy\" class=\"alignright size-medium wp-image-79252\" src=\"https:\/\/www.enerjigazetesi.ist\/wp-content\/uploads\/2018\/09\/\u00e7in-300x230.jpg\" alt=\"\" width=\"300\" height=\"230\" srcset=\"https:\/\/www.enerjigazetesi.ist\/wp-content\/uploads\/2018\/09\/\u00e7in-300x230.jpg 300w, https:\/\/www.enerjigazetesi.ist\/wp-content\/uploads\/2018\/09\/\u00e7in-65x50.jpg 65w, https:\/\/www.enerjigazetesi.ist\/wp-content\/uploads\/2018\/09\/\u00e7in.jpg 400w\" sizes=\"(max-width: 300px) 100vw, 300px\" \/><\/strong><\/p>\n<p>D\u00fcnyadaki enerji ihtiyac\u0131n\u0131n %11\u2019i n\u00fckleer enerjiden sa\u011flan\u0131rken, 12 \u00fclke ise ihtiyac\u0131n\u0131n %30\u2019undan fazlas\u0131n\u0131 n\u00fckleer santrallerden kar\u015f\u0131l\u0131yor. Son y\u0131llarda h\u0131zl\u0131 tren a\u011f\u0131, uluslararas\u0131 uzay istasyonu projesi, en h\u0131zl\u0131 s\u00fcper bilgisayar, kuantum haberle\u015fme teknolojisi ile ad\u0131ndan s\u0131k\u00e7a s\u00f6z ettiren \u00c7in, 2030\u2019da n\u00fckleer reakt\u00f6r plan\u0131yla rekora haz\u0131rlan\u0131yor.<\/p>\n<p>\u00c7in, n\u00fckleer santral alan\u0131nda yapt\u0131\u011f\u0131 at\u0131l\u0131mlar ve ald\u0131\u011f\u0131 h\u0131zl\u0131 mesafeyle dikkatleri \u00fczerine \u00e7ekerek alan\u0131nda liderli\u011fi hedefliyor. N\u00fckleer enerji teknolojilerini di\u011fer \u00fclkelere ihra\u00e7 eden \u00c7in; Arjantin, Pakistan, ABD, Gana gibi \u00fclkelerle i\u015fbirli\u011fi geli\u015ftiriyor. Ayr\u0131ca \u00c7in, T\u00fcrkiye\u2019nin Trakya\u2019ya in\u015fa etmeyi planlad\u0131\u011f\u0131 3. N\u00fckleer santrali projesiyle de yak\u0131ndan ilgileniyor.<\/p>\n<p>Merve Karaku\u015f &#8211; Enerji Sistemleri M\u00fchendisi &#8211;\u00a0mervekarakus34@gmail.com<\/p>","protected":false},"excerpt":{"rendered":"<p>Sorry, this entry is only available in Turkish. For the sake of viewer convenience, the content is shown below in the alternative language. You may click the link to switch the active language.G\u00fcn\u00fcm\u00fczde bir termik santrale g\u00f6re \u00e7evreyi \u00e7ok daha az kirleten, hidroelektrik santrale g\u00f6re \u00e7ok daha d\u00fczenli ve fazla elektrik \u00fcreten n\u00fckleer enerji, Avrupa\u2019da [&hellip;]<\/p>\n","protected":false},"author":6,"featured_media":79252,"comment_status":"open","ping_status":"open","sticky":false,"template":"","format":"standard","meta":[],"categories":[53,43],"tags":[2132,886,67,1009,21,23134,25480,34930],"views":1114,"_links":{"self":[{"href":"https:\/\/www.enerjigazetesi.ist\/en\/wp-json\/wp\/v2\/posts\/79251"}],"collection":[{"href":"https:\/\/www.enerjigazetesi.ist\/en\/wp-json\/wp\/v2\/posts"}],"about":[{"href":"https:\/\/www.enerjigazetesi.ist\/en\/wp-json\/wp\/v2\/types\/post"}],"author":[{"embeddable":true,"href":"https:\/\/www.enerjigazetesi.ist\/en\/wp-json\/wp\/v2\/users\/6"}],"replies":[{"embeddable":true,"href":"https:\/\/www.enerjigazetesi.ist\/en\/wp-json\/wp\/v2\/comments?post=79251"}],"version-history":[{"count":2,"href":"https:\/\/www.enerjigazetesi.ist\/en\/wp-json\/wp\/v2\/posts\/79251\/revisions"}],"predecessor-version":[{"id":79254,"href":"https:\/\/www.enerjigazetesi.ist\/en\/wp-json\/wp\/v2\/posts\/79251\/revisions\/79254"}],"wp:featuredmedia":[{"embeddable":true,"href":"https:\/\/www.enerjigazetesi.ist\/en\/wp-json\/wp\/v2\/media\/79252"}],"wp:attachment":[{"href":"https:\/\/www.enerjigazetesi.ist\/en\/wp-json\/wp\/v2\/media?parent=79251"}],"wp:term":[{"taxonomy":"category","embeddable":true,"href":"https:\/\/www.enerjigazetesi.ist\/en\/wp-json\/wp\/v2\/categories?post=79251"},{"taxonomy":"post_tag","embeddable":true,"href":"https:\/\/www.enerjigazetesi.ist\/en\/wp-json\/wp\/v2\/tags?post=79251"}],"curies":[{"name":"wp","href":"https:\/\/api.w.org\/{rel}","templated":true}]}}