{"id":79223,"date":"2018-09-25T17:54:51","date_gmt":"2018-09-25T14:54:51","guid":{"rendered":"https:\/\/www.enerjigazetesi.ist\/?p=79223"},"modified":"2018-09-25T18:07:54","modified_gmt":"2018-09-25T15:07:54","slug":"erzurum-buyuksehir-belediyesi-elektrigini-gunes-enerjisi-nden-saglayacak","status":"publish","type":"post","link":"https:\/\/www.enerjigazetesi.ist\/en\/erzurum-buyuksehir-belediyesi-elektrigini-gunes-enerjisi-nden-saglayacak\/","title":{"rendered":"(Turkish) Erzurum B\u00fcy\u00fck\u015fehir Belediyesi Elektri\u011fini G\u00fcne\u015f Enerjisi&#8217;nden Sa\u011flayacak"},"content":{"rendered":"<p class=\"qtranxs-available-languages-message qtranxs-available-languages-message-en\">Sorry, this entry is only available in <a href=\"https:\/\/www.enerjigazetesi.ist\/tr\/wp-json\/wp\/v2\/posts\/79223\" class=\"qtranxs-available-language-link qtranxs-available-language-link-tr\" title=\"Turkish\">Turkish<\/a>. For the sake of viewer convenience, the content is shown below in the alternative language. You may click the link to switch the active language.<\/p><p><strong>Erzurum B\u00fcy\u00fck\u015fehir Belediyesi taraf\u0131ndan yap\u0131lan a\u00e7\u0131klamada, belediyenin \u00f6nemli enerji yat\u0131r\u0131mlar\u0131ndan birisi konumundaki G\u00fcne\u015f Enerji Santralleri\u2019nde (GES) sona yakla\u015f\u0131ld\u0131\u011f\u0131 belirtildi.<\/strong><\/p>\n<p>Belediye Ba\u015fkan\u0131 Mehmet Sekmen\u2019in direktif ve \u00f6ng\u00f6r\u00fcleriyle haz\u0131rlanm\u0131\u015f olan ve yap\u0131m\u0131 s\u00fcren <img loading=\"lazy\" class=\"alignleft size-medium wp-image-79224\" src=\"https:\/\/www.enerjigazetesi.ist\/wp-content\/uploads\/2018\/09\/erzurum-buyuksehir-belediyesi-elektrigini-gunes-enerjisi-nden-saglayacak-300x166.jpg\" alt=\"\" width=\"300\" height=\"166\" srcset=\"https:\/\/www.enerjigazetesi.ist\/wp-content\/uploads\/2018\/09\/erzurum-buyuksehir-belediyesi-elektrigini-gunes-enerjisi-nden-saglayacak-300x166.jpg 300w, https:\/\/www.enerjigazetesi.ist\/wp-content\/uploads\/2018\/09\/erzurum-buyuksehir-belediyesi-elektrigini-gunes-enerjisi-nden-saglayacak-500x276.jpg 500w, https:\/\/www.enerjigazetesi.ist\/wp-content\/uploads\/2018\/09\/erzurum-buyuksehir-belediyesi-elektrigini-gunes-enerjisi-nden-saglayacak-80x44.jpg 80w, https:\/\/www.enerjigazetesi.ist\/wp-content\/uploads\/2018\/09\/erzurum-buyuksehir-belediyesi-elektrigini-gunes-enerjisi-nden-saglayacak.jpg 642w\" sizes=\"(max-width: 300px) 100vw, 300px\" \/>GES\u2019lerin tamamland\u0131\u011f\u0131nda belediyenin t\u00fcketim yapt\u0131\u011f\u0131 elektri\u011fi \u00fcretece\u011fi vurguland\u0131.<\/p>\n<p>Belediye&#8217;den yap\u0131lan a\u00e7\u0131klamada Belediye Ba\u015fkan\u0131 Mehmet Sekmen&#8217;in de g\u00f6r\u00fc\u015flerine yer verildi.<\/p>\n<p>Sekmen, &#8220;Y\u0131l\u0131n b\u00fcy\u00fck bir b\u00f6l\u00fcm\u00fcnde g\u00fcne\u015f alan \u015fehrimizde GES\u2019ler muhakkak olmal\u0131d\u0131r. Kendi elektri\u011fimizi \u00fcretmek i\u00e7in ilimize GES\u2019ler in\u015fa ettik. Fen \u0130\u015fleri Daire Ba\u015fkanl\u0131\u011f\u0131 Enerji ve Ayd\u0131nlatma \u015eube M\u00fcd\u00fcrl\u00fc\u011f\u00fcm\u00fczce Aziziye il\u00e7emizin Il\u0131ca Mahallesi Da\u011flar mevkisinde 2,4 mw, Yakutiye il\u00e7emizin Yerlisu Mahallesi Susuzlar mevkisinde in\u015fa etti\u011fimiz 2,5 mw g\u00fcc\u00fcndeki GES\u2019lerin yap\u0131m\u0131 devam etmektedir. GES\u2019ler y\u0131l sonunda tamamlanacak olup toplamda 4,9 mw enerji \u00fcretimi yapacak olan projelendirilen bu santraller \u00fcretime ge\u00e7ti\u011finde g\u00fcne\u015f panellerine g\u00fcne\u015f \u0131\u015f\u0131nlar\u0131 do\u011fru a\u00e7\u0131da ve yo\u011funlukta geldi\u011fi zaman maksimum \u00fcretilen g\u00fc\u00e7le 5,88 mw peak g\u00fcne\u015f enerjisinden elektrik \u00fcretimi ger\u00e7ekle\u015ftirebilecek. Santraller devreye al\u0131nd\u0131\u011f\u0131nda Erzurum B\u00fcy\u00fck\u015fehir Belediyesi&#8217;nin elektri\u011fini kar\u015f\u0131lam\u0131\u015f olacakt\u0131r.&#8221; dedi.<\/p>","protected":false},"excerpt":{"rendered":"<p>Sorry, this entry is only available in Turkish. For the sake of viewer convenience, the content is shown below in the alternative language. You may click the link to switch the active language.Erzurum B\u00fcy\u00fck\u015fehir Belediyesi taraf\u0131ndan yap\u0131lan a\u00e7\u0131klamada, belediyenin \u00f6nemli enerji yat\u0131r\u0131mlar\u0131ndan birisi konumundaki G\u00fcne\u015f Enerji Santralleri\u2019nde (GES) sona yakla\u015f\u0131ld\u0131\u011f\u0131 belirtildi. Belediye Ba\u015fkan\u0131 Mehmet Sekmen\u2019in [&hellip;]<\/p>\n","protected":false},"author":1,"featured_media":79224,"comment_status":"open","ping_status":"open","sticky":false,"template":"","format":"standard","meta":[],"categories":[51,53,49],"tags":[19,67,1009,38914,35038,23416,2569,35039,23133,23131,26829],"views":574,"_links":{"self":[{"href":"https:\/\/www.enerjigazetesi.ist\/en\/wp-json\/wp\/v2\/posts\/79223"}],"collection":[{"href":"https:\/\/www.enerjigazetesi.ist\/en\/wp-json\/wp\/v2\/posts"}],"about":[{"href":"https:\/\/www.enerjigazetesi.ist\/en\/wp-json\/wp\/v2\/types\/post"}],"author":[{"embeddable":true,"href":"https:\/\/www.enerjigazetesi.ist\/en\/wp-json\/wp\/v2\/users\/1"}],"replies":[{"embeddable":true,"href":"https:\/\/www.enerjigazetesi.ist\/en\/wp-json\/wp\/v2\/comments?post=79223"}],"version-history":[{"count":2,"href":"https:\/\/www.enerjigazetesi.ist\/en\/wp-json\/wp\/v2\/posts\/79223\/revisions"}],"predecessor-version":[{"id":79235,"href":"https:\/\/www.enerjigazetesi.ist\/en\/wp-json\/wp\/v2\/posts\/79223\/revisions\/79235"}],"wp:featuredmedia":[{"embeddable":true,"href":"https:\/\/www.enerjigazetesi.ist\/en\/wp-json\/wp\/v2\/media\/79224"}],"wp:attachment":[{"href":"https:\/\/www.enerjigazetesi.ist\/en\/wp-json\/wp\/v2\/media?parent=79223"}],"wp:term":[{"taxonomy":"category","embeddable":true,"href":"https:\/\/www.enerjigazetesi.ist\/en\/wp-json\/wp\/v2\/categories?post=79223"},{"taxonomy":"post_tag","embeddable":true,"href":"https:\/\/www.enerjigazetesi.ist\/en\/wp-json\/wp\/v2\/tags?post=79223"}],"curies":[{"name":"wp","href":"https:\/\/api.w.org\/{rel}","templated":true}]}}