{"id":79201,"date":"2018-09-25T11:41:43","date_gmt":"2018-09-25T08:41:43","guid":{"rendered":"https:\/\/www.enerjigazetesi.ist\/?p=79201"},"modified":"2018-09-25T11:41:43","modified_gmt":"2018-09-25T08:41:43","slug":"kur-farkinin-gunes-enerjisine-etkisi-ve-alinabilecek-onlemler","status":"publish","type":"post","link":"https:\/\/www.enerjigazetesi.ist\/en\/kur-farkinin-gunes-enerjisine-etkisi-ve-alinabilecek-onlemler\/","title":{"rendered":"(Turkish) Kur Fark\u0131n\u0131n G\u00fcne\u015f Enerjisine Etkisi ve Al\u0131nabilecek \u00d6nlemler&#8230;"},"content":{"rendered":"<p class=\"qtranxs-available-languages-message qtranxs-available-languages-message-en\">Sorry, this entry is only available in <a href=\"https:\/\/www.enerjigazetesi.ist\/tr\/wp-json\/wp\/v2\/posts\/79201\" class=\"qtranxs-available-language-link qtranxs-available-language-link-tr\" title=\"Turkish\">Turkish<\/a>. For the sake of viewer convenience, the content is shown below in the alternative language. You may click the link to switch the active language.<\/p><p><strong>\u00dclkelerin petrol ve t\u00fcrevi yak\u0131tlar\u0131n t\u00fckenece\u011finin fark\u0131na varmas\u0131 sonucu yo\u011fun\u00a0 ilgi g\u00f6sterdi\u011fi alternatif enerji kaynaklar\u0131 kullan\u0131m\u0131na T\u00fcrkiye de kay\u0131ts\u0131z kalamam\u0131\u015f ve yenilenebilir enerji kaynaklar\u0131na yat\u0131r\u0131m\u0131n\u0131 art\u0131rm\u0131\u015ft\u0131r. Yenilenebilir enerji kayna\u011f\u0131 denilince akla ilk gelenlerden birisi g\u00fcne\u015f enerji sistemleridir. <\/strong><\/p>\n<p>\u00dclkemizde de yayg\u0131nla\u015fan g\u00fcne\u015f enerji sistemlerinin temel bile\u015feni olan g\u00fcne\u015f h\u00fccreleri ve bununla beraber bir\u00e7ok ekipman \u00a0hala tam olarak yerli \u00fcretimle ger\u00e7ekle\u015ftirilemeyip ithal edilmektedir. 7103 <img loading=\"lazy\" class=\"alignright wp-image-79202\" src=\"https:\/\/www.enerjigazetesi.ist\/wp-content\/uploads\/2018\/09\/kur-farkinin-gunes-enerjisine-etkisi-ve-alinabilecek-onlemler.jpg\" alt=\"\" width=\"320\" height=\"180\" srcset=\"https:\/\/www.enerjigazetesi.ist\/wp-content\/uploads\/2018\/09\/kur-farkinin-gunes-enerjisine-etkisi-ve-alinabilecek-onlemler.jpg 640w, https:\/\/www.enerjigazetesi.ist\/wp-content\/uploads\/2018\/09\/kur-farkinin-gunes-enerjisine-etkisi-ve-alinabilecek-onlemler-300x168.jpg 300w, https:\/\/www.enerjigazetesi.ist\/wp-content\/uploads\/2018\/09\/kur-farkinin-gunes-enerjisine-etkisi-ve-alinabilecek-onlemler-500x280.jpg 500w, https:\/\/www.enerjigazetesi.ist\/wp-content\/uploads\/2018\/09\/kur-farkinin-gunes-enerjisine-etkisi-ve-alinabilecek-onlemler-80x45.jpg 80w\" sizes=\"(max-width: 320px) 100vw, 320px\" \/>say\u0131l\u0131 kanun ile birlikte ev ve i\u015f yerlerinde g\u00fcne\u015f enerjisi ile elektrik \u00fcretmelerine te\u015fvik sa\u011flansa da dolar kurunun y\u00fckseli\u015fi kurulum maliyetinde art\u0131\u015fa sebep olmu\u015ftur.<\/p>\n<p>Kur art\u0131\u015f\u0131 ile ilgili a\u00e7\u0131klamalar yapan \u0130stanbul Ayd\u0131n \u00dcniversitesi Enerji Politikalar\u0131 ve Piyasalar\u0131 Uygulama ve Ara\u015ft\u0131rma Merkezi Y\u00f6netim Kurulu Ba\u015fkan\u0131 Dr. Filiz Katman, \u00c7in\u2019in panel ve h\u00fccre \u00fcretimi konusunda Amerika ve Avrupa \u00fclkelerinin \u00f6n\u00fcne ge\u00e7mesi T\u00fcrkiye i\u00e7in bir avantaj olu\u015fturacakt\u0131r. \u0130yile\u015fen T\u00fcrkiye-\u00c7in ili\u015fkilerinin, \u00c7in\u2019in T\u00fcrkiye i\u00e7in yeni bir pazar olarak g\u00f6z \u00f6n\u00fcnde bulundurulmas\u0131na dikkat \u00e7ekmi\u015ftir. Bu kur fark\u0131n\u0131n kullan\u0131c\u0131y\u0131 etkilememesi i\u00e7in bir di\u011fer \u00f6neri de GENSED Genel Sekreteri Hakan ERKAN taraf\u0131ndan sunulmu\u015ftur. Erkan, T\u00fcrkiye\u2019de g\u00fcne\u015f enerjisi \u00fcreticilerinin kendilerini geli\u015ftirmesi gerekti\u011fini ve AR-GE faaliyetlerine a\u011f\u0131rl\u0131k verilerek hem fiyat hem kapasite hem de kalite y\u00f6nlerinden yurt d\u0131\u015f\u0131 ile rekabet edilebilir duruma gelece\u011fini belirtmi\u015ftir.<\/p>\n<p>Her iki \u00f6neri de g\u00f6z \u00f6n\u00fcnde bulunduruldu\u011fu zaman g\u00fcne\u015f enerji sistemleri daha ekonomik duruma gelebilir g\u00f6z\u00fckmektedir. Daha ekonomik ve yerli sistemlerin kullan\u0131lmas\u0131, kullan\u0131c\u0131s\u0131na para kazand\u0131r\u0131rken, \u00fclkemiz i\u00e7in de cari a\u00e7\u0131\u011f\u0131n d\u00fc\u015f\u00fcr\u00fclmesinde etkin rol oynayacakt\u0131r.<\/p>\n<p>Arif Kaan DO\u011eAN &#8211; Enerji Sistemleri M\u00fchendisi &#8211; <a href=\"mailto:arif.kaan06@gmail.com\">arif.kaan06@gmail.com<\/a><\/p>\n<p><strong>Kaynak\u00e7a<\/strong><\/p>\n<p><a href=\"https:\/\/www.haberler.com\/doviz-kurundaki-yukselis-gunes-panellerini-daha-11254841-haberi\/\">https:\/\/www.haberler.com\/doviz-kurundaki-yukselis-gunes-panellerini-daha-11254841-haberi\/<\/a><\/p>","protected":false},"excerpt":{"rendered":"<p>Sorry, this entry is only available in Turkish. For the sake of viewer convenience, the content is shown below in the alternative language. You may click the link to switch the active language.\u00dclkelerin petrol ve t\u00fcrevi yak\u0131tlar\u0131n t\u00fckenece\u011finin fark\u0131na varmas\u0131 sonucu yo\u011fun\u00a0 ilgi g\u00f6sterdi\u011fi alternatif enerji kaynaklar\u0131 kullan\u0131m\u0131na T\u00fcrkiye de kay\u0131ts\u0131z kalamam\u0131\u015f ve yenilenebilir enerji [&hellip;]<\/p>\n","protected":false},"author":1,"featured_media":79202,"comment_status":"open","ping_status":"open","sticky":false,"template":"","format":"standard","meta":[],"categories":[53,49],"tags":[39553,67,1009,12235,35038,23416,38247,23133,23131],"views":1328,"_links":{"self":[{"href":"https:\/\/www.enerjigazetesi.ist\/en\/wp-json\/wp\/v2\/posts\/79201"}],"collection":[{"href":"https:\/\/www.enerjigazetesi.ist\/en\/wp-json\/wp\/v2\/posts"}],"about":[{"href":"https:\/\/www.enerjigazetesi.ist\/en\/wp-json\/wp\/v2\/types\/post"}],"author":[{"embeddable":true,"href":"https:\/\/www.enerjigazetesi.ist\/en\/wp-json\/wp\/v2\/users\/1"}],"replies":[{"embeddable":true,"href":"https:\/\/www.enerjigazetesi.ist\/en\/wp-json\/wp\/v2\/comments?post=79201"}],"version-history":[{"count":1,"href":"https:\/\/www.enerjigazetesi.ist\/en\/wp-json\/wp\/v2\/posts\/79201\/revisions"}],"predecessor-version":[{"id":79203,"href":"https:\/\/www.enerjigazetesi.ist\/en\/wp-json\/wp\/v2\/posts\/79201\/revisions\/79203"}],"wp:featuredmedia":[{"embeddable":true,"href":"https:\/\/www.enerjigazetesi.ist\/en\/wp-json\/wp\/v2\/media\/79202"}],"wp:attachment":[{"href":"https:\/\/www.enerjigazetesi.ist\/en\/wp-json\/wp\/v2\/media?parent=79201"}],"wp:term":[{"taxonomy":"category","embeddable":true,"href":"https:\/\/www.enerjigazetesi.ist\/en\/wp-json\/wp\/v2\/categories?post=79201"},{"taxonomy":"post_tag","embeddable":true,"href":"https:\/\/www.enerjigazetesi.ist\/en\/wp-json\/wp\/v2\/tags?post=79201"}],"curies":[{"name":"wp","href":"https:\/\/api.w.org\/{rel}","templated":true}]}}