{"id":79183,"date":"2018-09-25T10:49:25","date_gmt":"2018-09-25T07:49:25","guid":{"rendered":"https:\/\/www.enerjigazetesi.ist\/?p=79183"},"modified":"2018-09-25T10:56:47","modified_gmt":"2018-09-25T07:56:47","slug":"almanyadan-2022-yilina-kadar-1-milyon-elektrikli-arac-hedefi","status":"publish","type":"post","link":"https:\/\/www.enerjigazetesi.ist\/en\/almanyadan-2022-yilina-kadar-1-milyon-elektrikli-arac-hedefi\/","title":{"rendered":"(Turkish) Almanya\u2019dan 2022 Y\u0131l\u0131na Kadar 1 Milyon Elektrikli Ara\u00e7 Hedefi!"},"content":{"rendered":"<p class=\"qtranxs-available-languages-message qtranxs-available-languages-message-en\">Sorry, this entry is only available in <a href=\"https:\/\/www.enerjigazetesi.ist\/tr\/wp-json\/wp\/v2\/posts\/79183\" class=\"qtranxs-available-language-link qtranxs-available-language-link-tr\" title=\"Turkish\">Turkish<\/a>. For the sake of viewer convenience, the content is shown below in the alternative language. You may click the link to switch the active language.<\/p><p><strong>Almanya\u2019n\u0131n elektrikli otomobilleri kullan\u0131m hedefi \u00e7er\u00e7evesinde 2022 y\u0131l\u0131na kadar bir milyon hibrit ya da ak\u00fcl\u00fc-elektrikli araca sahip olaca\u011f\u0131 \u00f6ng\u00f6r\u00fclmektedir.<\/strong><\/p>\n<p>Alman h\u00fck\u00fcmeti taraf\u0131ndan 2008 y\u0131l\u0131nda yap\u0131lan hedef a\u00e7\u0131klamas\u0131 \u00e7er\u00e7evesinde 2020 y\u0131l\u0131na kadar <img loading=\"lazy\" class=\"alignright wp-image-79191\" src=\"https:\/\/www.enerjigazetesi.ist\/wp-content\/uploads\/2018\/09\/almanyadan-2022-yilina-kadar-1-milyon-elektrikli-arac-hedefi.jpg\" alt=\"\" width=\"320\" height=\"213\" srcset=\"https:\/\/www.enerjigazetesi.ist\/wp-content\/uploads\/2018\/09\/almanyadan-2022-yilina-kadar-1-milyon-elektrikli-arac-hedefi.jpg 732w, https:\/\/www.enerjigazetesi.ist\/wp-content\/uploads\/2018\/09\/almanyadan-2022-yilina-kadar-1-milyon-elektrikli-arac-hedefi-300x200.jpg 300w, https:\/\/www.enerjigazetesi.ist\/wp-content\/uploads\/2018\/09\/almanyadan-2022-yilina-kadar-1-milyon-elektrikli-arac-hedefi-500x333.jpg 500w, https:\/\/www.enerjigazetesi.ist\/wp-content\/uploads\/2018\/09\/almanyadan-2022-yilina-kadar-1-milyon-elektrikli-arac-hedefi-75x50.jpg 75w\" sizes=\"(max-width: 320px) 100vw, 320px\" \/>Alman karayollar\u0131nda bir milyon elektrikli otomobil olaca\u011f\u0131 planlanmaktad\u0131r.\u00a0On y\u0131l sonra, Ocak 2018 tarihinde ise Federal Motorlu Ta\u015f\u0131mac\u0131l\u0131k Dairesi&#8217;ne (KBA) g\u00f6re ise bu say\u0131 98,280 olacakt\u0131r.<\/p>\n<h2>1 Milyon Elektrikli Otomobil: En Erken 2022 Y\u0131l\u0131nda&#8230;<\/h2>\n<p>Bir y\u0131l \u00f6nce, Alman karayollar\u0131nda 1 milyon elektrikli otomobil hedefinin 2020 y\u0131l\u0131nda ger\u00e7ekle\u015fmeyece\u011fini belirten Peter Altmaier (CDU), &#8220;Federal H\u00fck\u00fcmet \u00e7abalar\u0131na devam etmelidir.&#8221; ifadelerini kulland\u0131.<\/p>\n<p>Bu geli\u015fmeye 19 Eyl\u00fcl&#8217;de Berlin&#8217;de yay\u0131mlanan\u00a0<a href=\"http:\/\/nationale-plattform-elektromobilitaet.de\/fileadmin\/user_upload\/Redaktion\/NPE_Fortschrittsbericht_2018_barrierefrei.pdf\">2018 ilerleme<\/a>\u00a0raporla birlikte Ulusal Elektromobilite Platformu (NPE) taraf\u0131ndan da onay verildi.<\/p>\n<p>Mevcut pazar dinamiklerinin temelinde, Almanya&#8217;da 2022 y\u0131l\u0131na kadar bir milyon e-otomobilin s\u0131n\u0131r\u0131n\u0131 a\u015fmayaca\u011f\u0131 belirtilirken bundan ba\u011f\u0131ms\u0131z olarak, Horv\u00e1th &amp; Partners&#8217;\u0131n kurumsal dan\u0131\u015fmanlar\u0131 da benzer bir tahmine yer verdiler.<\/p>\n<p>A\u015fa\u011f\u0131da yer alan grafik 2010 y\u0131l\u0131ndan itibaren \u00fcretilen elektrikli ara\u00e7 say\u0131s\u0131n\u0131 ve 2022 hedefini g\u00f6stermektedir.<\/p>\n<p style=\"text-align: center;\"><img loading=\"lazy\" class=\"aligncenter wp-image-79184\" src=\"https:\/\/www.enerjigazetesi.ist\/wp-content\/uploads\/2018\/09\/02-11.jpg\" alt=\"\" width=\"567\" height=\"371\" srcset=\"https:\/\/www.enerjigazetesi.ist\/wp-content\/uploads\/2018\/09\/02-11.jpg 1269w, https:\/\/www.enerjigazetesi.ist\/wp-content\/uploads\/2018\/09\/02-11-300x196.jpg 300w, https:\/\/www.enerjigazetesi.ist\/wp-content\/uploads\/2018\/09\/02-11-768x502.jpg 768w, https:\/\/www.enerjigazetesi.ist\/wp-content\/uploads\/2018\/09\/02-11-1024x670.jpg 1024w, https:\/\/www.enerjigazetesi.ist\/wp-content\/uploads\/2018\/09\/02-11-500x327.jpg 500w, https:\/\/www.enerjigazetesi.ist\/wp-content\/uploads\/2018\/09\/02-11-76x50.jpg 76w\" sizes=\"(max-width: 567px) 100vw, 567px\" \/><\/p>\n<h3><strong>2040 Y\u0131l\u0131na Kadar 280 Milyon Elektrikli Otomobil<\/strong><\/h3>\n<p>\u0130sko\u00e7 ara\u015ft\u0131rma ve dan\u0131\u015fmanl\u0131k grubu Wood MacKenzie ise gelece\u011fe ili\u015fkin ba\u015fka bir geli\u015fme \u00f6ng\u00f6r\u00fcyor.\u00a0Yak\u0131n tarihli bir \u00e7al\u0131\u015fmada, analistler 2040 y\u0131l\u0131na kadar d\u00fcnya \u00fczerinde 280 milyon elektrikli otomobil olaca\u011f\u0131n\u0131 belirtilirken tahmin edilen piyasa analizi \u00e7er\u00e7evesinde \u00c7in\u2019in tek ba\u015f\u0131na yakla\u015f\u0131k bunun yar\u0131s\u0131n\u0131 olu\u015fturaca\u011f\u0131 g\u00f6zler \u00f6n\u00fcne serilmektedir.<\/p>\n<p>Buna g\u00f6re, 22 y\u0131ll\u0131k uzak bir gelecekte \u00c7in 117 milyon,\u00a0Avrupa tahmini 79 milyon, ABD ise 71 milyon elektrikli otomobil ile \u00fc\u00e7\u00fcnc\u00fc s\u0131rada yer al\u0131rken kalan 13 milyon, analistlere g\u00f6re d\u00fcnyan\u0131n geri kalan\u0131na da\u011f\u0131t\u0131lacakt\u0131r&#8230;<\/p>\n<p>Hatice K\u00fcbra G\u00dcNEY &#8211; Elektrik \/ Elektronik M\u00fchendisli\u011fi &#8211;\u00a0<a href=\"mailto:kubraguney036@gmail.com\" target=\"_blank\" rel=\"noopener\">kubraguney036@gmail.com<\/a><\/p>\n<p><strong>Kaynak\u00e7a<\/strong><\/p>\n<p><a href=\"https:\/\/aiomag.de\/1-million-elektro-pkw-schafft-deutschland-die-e-mobilitaetsziele-9321\">https:\/\/aiomag.de\/1-million-elektro-pkw-schafft-deutschland-die-e-mobilitaetsziele-9321<\/a><\/p>\n<p><a href=\"https:\/\/abcnews.go.com\/Technology\/wireStory\/germany-million-electric-cars-2022-57927657\">https:\/\/abcnews.go.com\/Technology\/wireStory\/germany-million-electric-cars-2022-57927657<\/a><\/p>\n<p><a href=\"https:\/\/ecomento.de\/2018\/07\/09\/studie-deutsche-elektroauto-million-wird-2022-realisiert\/\">https:\/\/ecomento.de\/2018\/07\/09\/studie-deutsche-elektroauto-million-wird-2022-realisiert\/<\/a><\/p>","protected":false},"excerpt":{"rendered":"<p>Sorry, this entry is only available in Turkish. For the sake of viewer convenience, the content is shown below in the alternative language. You may click the link to switch the active language.Almanya\u2019n\u0131n elektrikli otomobilleri kullan\u0131m hedefi \u00e7er\u00e7evesinde 2022 y\u0131l\u0131na kadar bir milyon hibrit ya da ak\u00fcl\u00fc-elektrikli araca sahip olaca\u011f\u0131 \u00f6ng\u00f6r\u00fclmektedir. Alman h\u00fck\u00fcmeti taraf\u0131ndan 2008 [&hellip;]<\/p>\n","protected":false},"author":1,"featured_media":79191,"comment_status":"open","ping_status":"open","sticky":false,"template":"","format":"standard","meta":[],"categories":[51,53,157],"tags":[929,10327,25180,215,1270,67,1009,39550,39552,8024,39551],"views":1385,"_links":{"self":[{"href":"https:\/\/www.enerjigazetesi.ist\/en\/wp-json\/wp\/v2\/posts\/79183"}],"collection":[{"href":"https:\/\/www.enerjigazetesi.ist\/en\/wp-json\/wp\/v2\/posts"}],"about":[{"href":"https:\/\/www.enerjigazetesi.ist\/en\/wp-json\/wp\/v2\/types\/post"}],"author":[{"embeddable":true,"href":"https:\/\/www.enerjigazetesi.ist\/en\/wp-json\/wp\/v2\/users\/1"}],"replies":[{"embeddable":true,"href":"https:\/\/www.enerjigazetesi.ist\/en\/wp-json\/wp\/v2\/comments?post=79183"}],"version-history":[{"count":3,"href":"https:\/\/www.enerjigazetesi.ist\/en\/wp-json\/wp\/v2\/posts\/79183\/revisions"}],"predecessor-version":[{"id":79192,"href":"https:\/\/www.enerjigazetesi.ist\/en\/wp-json\/wp\/v2\/posts\/79183\/revisions\/79192"}],"wp:featuredmedia":[{"embeddable":true,"href":"https:\/\/www.enerjigazetesi.ist\/en\/wp-json\/wp\/v2\/media\/79191"}],"wp:attachment":[{"href":"https:\/\/www.enerjigazetesi.ist\/en\/wp-json\/wp\/v2\/media?parent=79183"}],"wp:term":[{"taxonomy":"category","embeddable":true,"href":"https:\/\/www.enerjigazetesi.ist\/en\/wp-json\/wp\/v2\/categories?post=79183"},{"taxonomy":"post_tag","embeddable":true,"href":"https:\/\/www.enerjigazetesi.ist\/en\/wp-json\/wp\/v2\/tags?post=79183"}],"curies":[{"name":"wp","href":"https:\/\/api.w.org\/{rel}","templated":true}]}}