{"id":79140,"date":"2018-09-24T11:51:26","date_gmt":"2018-09-24T08:51:26","guid":{"rendered":"https:\/\/www.enerjigazetesi.ist\/?p=79140"},"modified":"2018-09-24T11:51:26","modified_gmt":"2018-09-24T08:51:26","slug":"yahyali-dogalgaz-calismalarinda-sona-yaklasildi","status":"publish","type":"post","link":"https:\/\/www.enerjigazetesi.ist\/en\/yahyali-dogalgaz-calismalarinda-sona-yaklasildi\/","title":{"rendered":"(Turkish) Yahyal\u0131 Do\u011falgaz \u00c7al\u0131\u015fmalar\u0131nda Sona Yakla\u015f\u0131ld\u0131"},"content":{"rendered":"<p class=\"qtranxs-available-languages-message qtranxs-available-languages-message-en\">Sorry, this entry is only available in <a href=\"https:\/\/www.enerjigazetesi.ist\/tr\/wp-json\/wp\/v2\/posts\/79140\" class=\"qtranxs-available-language-link qtranxs-available-language-link-tr\" title=\"Turkish\">Turkish<\/a>. For the sake of viewer convenience, the content is shown below in the alternative language. You may click the link to switch the active language.<\/p><p><strong>Kayseri genelinde yat\u0131r\u0131mlar\u0131n\u0131 aral\u0131ks\u0131z s\u00fcrd\u00fcren Kayserigaz, ge\u00e7ti\u011fimiz y\u0131l A\u011fustos ay\u0131nda temel atma t\u00f6reni ger\u00e7ekle\u015ftirdi\u011fi ve altyap\u0131 \u00e7al\u0131\u015fmalar\u0131na ba\u015flad\u0131\u011f\u0131 Yahyal\u0131\u2019y\u0131 \u00f6n\u00fcm\u00fczdeki g\u00fcnlerde do\u011falgazla bulu\u015fturmaya haz\u0131rlan\u0131yor.<\/strong><\/p>\n<p>Kayseri\u2019ye uzun y\u0131llard\u0131r sorunsuz ve g\u00fcvenilir do\u011falgaz hizmeti sunan ve rekor yat\u0131r\u0131mlara imza atan Kayserigaz, Yahyal\u0131 halk\u0131n\u0131 do\u011falgaza kavu\u015fturmak i\u00e7in ba\u015flad\u0131\u011f\u0131 altyap\u0131 \u00e7al\u0131\u015fmalar\u0131n\u0131 k\u0131sa bir s\u00fcrede <img loading=\"lazy\" class=\"alignright size-medium wp-image-79141\" src=\"https:\/\/www.enerjigazetesi.ist\/wp-content\/uploads\/2018\/09\/yahyali-dogalgaz-calismalarinda-sona-yaklasildi-300x216.jpg\" alt=\"\" width=\"300\" height=\"216\" srcset=\"https:\/\/www.enerjigazetesi.ist\/wp-content\/uploads\/2018\/09\/yahyali-dogalgaz-calismalarinda-sona-yaklasildi-300x216.jpg 300w, https:\/\/www.enerjigazetesi.ist\/wp-content\/uploads\/2018\/09\/yahyali-dogalgaz-calismalarinda-sona-yaklasildi-500x359.jpg 500w, https:\/\/www.enerjigazetesi.ist\/wp-content\/uploads\/2018\/09\/yahyali-dogalgaz-calismalarinda-sona-yaklasildi-70x50.jpg 70w, https:\/\/www.enerjigazetesi.ist\/wp-content\/uploads\/2018\/09\/yahyali-dogalgaz-calismalarinda-sona-yaklasildi.jpg 679w\" sizes=\"(max-width: 300px) 100vw, 300px\" \/>tamamlad\u0131. Toplamda 25 milyon liral\u0131k bir yat\u0131r\u0131m yap\u0131lan Yahyal\u0131 il\u00e7esindeki do\u011falgaz altyap\u0131 \u00e7al\u0131\u015fmalar\u0131nda, 45 km \u00e7elik hat, 130 km polietilen hat ve 40 km servis hatt\u0131 d\u00f6\u015fenerek, yakla\u015f\u0131k 2.500 adet servis kutusu konuldu.<\/p>\n<p>Enerji sekt\u00f6r\u00fcn\u00fcn \u00f6nc\u00fc isimlerinden Kayserigaz\u2019\u0131n yetkilileri 2018 Ekim ay\u0131 sonunda il\u00e7enin ana beslemesi olan DEVEL\u0130-YAHYALI \u00e7elik hatt\u0131n\u0131n tamamlanarak t\u00fcm il\u00e7eye gaz arz\u0131 sa\u011flanaca\u011f\u0131 m\u00fcjdesini verdi. Kayserigaz, \u00e7evreci ve ekonomik yak\u0131t olan do\u011falgaz\u0131 Yahyal\u0131 halk\u0131 ile bulu\u015fturmak i\u00e7in \u00e7al\u0131\u015fmalar\u0131n\u0131 h\u0131zl\u0131 bir \u015fekilde tamamlayarak iki y\u0131l s\u00fcrecek olan projeyi bir y\u0131l i\u00e7inde bitirmi\u015f oldu.<\/p>\n<p>Kayserigaz Proje M\u00fcd\u00fcr\u00fc Murat Akda\u011f \u201cKayseri\u2019nin imarl\u0131 alanlar\u0131n\u0131n tamam\u0131na kesintisiz ve g\u00fcvenli do\u011falgaz hizmeti sa\u011flamak i\u00e7in \u00f6zenle \u00e7al\u0131\u015farak, \u00e7evre dostu do\u011falgaz\u0131 m\u00fcmk\u00fcn oldu\u011funca fazla haneye ula\u015ft\u0131rmak \u00fczere t\u00fcm imk\u00e2nlar\u0131m\u0131z\u0131 kullan\u0131yoruz. Bu hedefimiz do\u011frultusunda ge\u00e7ti\u011fimiz y\u0131l Yahyal\u0131\u2019da ba\u015flad\u0131\u011f\u0131m\u0131z altyap\u0131 \u00e7al\u0131\u015fmalar\u0131nda, il\u00e7e i\u00e7inde yap\u0131lan polietilen hatlar\u0131m\u0131z\u0131n y\u00fczde 98\u2019ni bitirmi\u015f durumday\u0131z. Kalan y\u00fczde 2\u2019lik k\u0131sm\u0131 kapsayan servis hatlar\u0131 ile ilgili \u00e7al\u0131\u015fmalar\u0131m\u0131z ise devam ediyor. Hedefimiz Ekim ay\u0131n\u0131n ilk haftas\u0131nda il\u00e7eye gaz vermek. T\u00fcm planlar\u0131m\u0131z\u0131 bu \u00e7er\u00e7evede yapt\u0131k. 6 Ekimde ise Yahyal\u0131\u2019da abonelik sistemini a\u00e7\u0131yoruz\u201d diyerek do\u011falgaz\u0131n Yahyal\u0131 halk\u0131na hay\u0131rl\u0131 olmas\u0131n\u0131 diledi.<\/p>","protected":false},"excerpt":{"rendered":"<p>Sorry, this entry is only available in Turkish. For the sake of viewer convenience, the content is shown below in the alternative language. You may click the link to switch the active language.Kayseri genelinde yat\u0131r\u0131mlar\u0131n\u0131 aral\u0131ks\u0131z s\u00fcrd\u00fcren Kayserigaz, ge\u00e7ti\u011fimiz y\u0131l A\u011fustos ay\u0131nda temel atma t\u00f6reni ger\u00e7ekle\u015ftirdi\u011fi ve altyap\u0131 \u00e7al\u0131\u015fmalar\u0131na ba\u015flad\u0131\u011f\u0131 Yahyal\u0131\u2019y\u0131 \u00f6n\u00fcm\u00fczdeki g\u00fcnlerde do\u011falgazla bulu\u015fturmaya [&hellip;]<\/p>\n","protected":false},"author":1,"featured_media":79141,"comment_status":"open","ping_status":"open","sticky":false,"template":"","format":"standard","meta":[],"categories":[46,53],"tags":[1128,19761,23219,67,1009,1039,8908,39513,39514],"views":913,"_links":{"self":[{"href":"https:\/\/www.enerjigazetesi.ist\/en\/wp-json\/wp\/v2\/posts\/79140"}],"collection":[{"href":"https:\/\/www.enerjigazetesi.ist\/en\/wp-json\/wp\/v2\/posts"}],"about":[{"href":"https:\/\/www.enerjigazetesi.ist\/en\/wp-json\/wp\/v2\/types\/post"}],"author":[{"embeddable":true,"href":"https:\/\/www.enerjigazetesi.ist\/en\/wp-json\/wp\/v2\/users\/1"}],"replies":[{"embeddable":true,"href":"https:\/\/www.enerjigazetesi.ist\/en\/wp-json\/wp\/v2\/comments?post=79140"}],"version-history":[{"count":1,"href":"https:\/\/www.enerjigazetesi.ist\/en\/wp-json\/wp\/v2\/posts\/79140\/revisions"}],"predecessor-version":[{"id":79142,"href":"https:\/\/www.enerjigazetesi.ist\/en\/wp-json\/wp\/v2\/posts\/79140\/revisions\/79142"}],"wp:featuredmedia":[{"embeddable":true,"href":"https:\/\/www.enerjigazetesi.ist\/en\/wp-json\/wp\/v2\/media\/79141"}],"wp:attachment":[{"href":"https:\/\/www.enerjigazetesi.ist\/en\/wp-json\/wp\/v2\/media?parent=79140"}],"wp:term":[{"taxonomy":"category","embeddable":true,"href":"https:\/\/www.enerjigazetesi.ist\/en\/wp-json\/wp\/v2\/categories?post=79140"},{"taxonomy":"post_tag","embeddable":true,"href":"https:\/\/www.enerjigazetesi.ist\/en\/wp-json\/wp\/v2\/tags?post=79140"}],"curies":[{"name":"wp","href":"https:\/\/api.w.org\/{rel}","templated":true}]}}