{"id":79098,"date":"2018-09-24T00:35:54","date_gmt":"2018-09-23T21:35:54","guid":{"rendered":"https:\/\/www.enerjigazetesi.ist\/?p=79098"},"modified":"2018-09-24T00:48:48","modified_gmt":"2018-09-23T21:48:48","slug":"kotra-sigortadan-gunes-enerjisi-sektorune-yonelik-alacak-fatura-guvence-sigortasi","status":"publish","type":"post","link":"https:\/\/www.enerjigazetesi.ist\/en\/kotra-sigortadan-gunes-enerjisi-sektorune-yonelik-alacak-fatura-guvence-sigortasi\/","title":{"rendered":"(Turkish) Kotra Sigorta&#8217;dan G\u00fcne\u015f Enerjisi&#8217;ne Y\u00f6nelik (Alacak) Fatura G\u00fcvence Sigortas\u0131!"},"content":{"rendered":"<p class=\"qtranxs-available-languages-message qtranxs-available-languages-message-en\">Sorry, this entry is only available in <a href=\"https:\/\/www.enerjigazetesi.ist\/tr\/wp-json\/wp\/v2\/posts\/79098\" class=\"qtranxs-available-language-link qtranxs-available-language-link-tr\" title=\"Turkish\">Turkish<\/a>. For the sake of viewer convenience, the content is shown below in the alternative language. You may click the link to switch the active language.<\/p><p><strong>G\u00fcn\u00fcm\u00fczde sigorta poli\u00e7eleri, sigortal\u0131lar\u0131 finansal kay\u0131plardan korumakta olan bir g\u00fcvence \u00fcr\u00fcn\u00fcd\u00fcr. Kotra Sigorta, g\u00fcne\u015f enerji sekt\u00f6r\u00fcn\u00fcn geli\u015fiminin \u00f6n\u00fcndeki engelleri kald\u0131rmaya y\u00f6nelik \u00e7al\u0131\u015fmalar y\u00fcr\u00fcterek bu konuda yeni \u00fcr\u00fcnleri sekt\u00f6re entegre ederek bu konuda projeler \u00fcretmektedir.<\/strong><\/p>\n<p>T\u00fcrkiye ekonomisi olarak zor bir d\u00f6nemden ge\u00e7ti\u011fimiz \u015fu d\u00f6nemde g\u00fcne\u015f enerji firmalar\u0131n\u0131n en b\u00fcy\u00fck endi\u015fesi kurduklar\u0131 g\u00fcne\u015f enerji sistemlerinin tahsilat\u0131n\u0131n yap\u0131l\u0131p yap\u0131lamayaca\u011f\u0131 olmaktad\u0131r. <img loading=\"lazy\" class=\"alignright size-medium wp-image-79100\" src=\"https:\/\/www.enerjigazetesi.ist\/wp-content\/uploads\/2018\/09\/kotra-sigortadan-gunes-enerjisi-sektorune-yonelik-alacak-fatura-guvence-sigortasi-300x165.jpg\" alt=\"\" width=\"300\" height=\"165\" srcset=\"https:\/\/www.enerjigazetesi.ist\/wp-content\/uploads\/2018\/09\/kotra-sigortadan-gunes-enerjisi-sektorune-yonelik-alacak-fatura-guvence-sigortasi-300x165.jpg 300w, https:\/\/www.enerjigazetesi.ist\/wp-content\/uploads\/2018\/09\/kotra-sigortadan-gunes-enerjisi-sektorune-yonelik-alacak-fatura-guvence-sigortasi-80x44.jpg 80w, https:\/\/www.enerjigazetesi.ist\/wp-content\/uploads\/2018\/09\/kotra-sigortadan-gunes-enerjisi-sektorune-yonelik-alacak-fatura-guvence-sigortasi.jpg 400w\" sizes=\"(max-width: 300px) 100vw, 300px\" \/>T\u00fcketicideki en b\u00fcy\u00fck sorunlar\u0131n ba\u015f\u0131nda ise bu d\u00f6nemde ya\u015fad\u0131klar\u0131 al\u0131m g\u00fcc\u00fc zorluklar\u0131 gelir.<\/p>\n<p>Kotra Sigorta, fatura g\u00fcvence sigortas\u0131 ( Alacak Sigortas\u0131 ) ile fatura kar\u015f\u0131l\u0131\u011f\u0131nda kurulumu yap\u0131lan <strong>10 kW alt\u0131<\/strong>\u00a0g\u00fcne\u015f enerjisi sistemlerinin, senetli taksitli alacaklar\u0131na y\u00f6nelik <strong>sigorta g\u00fcvencesi<\/strong> sunmaktad\u0131r.<\/p>\n<p><span style=\"text-decoration: underline;\"><strong>Sistemin \u0130\u015fleyi\u015fi:<\/strong><\/span> EPC firmas\u0131nda kurulan sistem ile sat\u0131\u015f yap\u0131lacak fatura tutar\u0131 ve taksit say\u0131s\u0131 i\u00e7in m\u00fc\u015fteriye finansal skorlama ger\u00e7ekle\u015ftirilmektedir. Sistemin uygunluk vermesi halinde \u00e7ok d\u00fc\u015f\u00fck primler ile senetler i\u00e7in sigorta G\u00fcvencesi verilmektedir. Yani senetler \u00f6denmez ise sigorta \u015firketi muaccel olan t\u00fcm borcu EPC Firmas\u0131na \u00f6deyerek borcu sat\u0131n almaktad\u0131r. B\u00f6ylece EPC Firmas\u0131 taksitli alaca\u011f\u0131n\u0131 Sigorta poli\u00e7esi ile garanti alt\u0131na almaktad\u0131r.<\/p>\n<p>Bu \u00fcr\u00fcn ile yat\u0131r\u0131mc\u0131 kredi kart\u0131 limiti temin etme veya banka kredisi \u00e7ekme zorlu\u011fu gibi konular ile u\u011fra\u015fmamakta, iste\u011fe ba\u011fl\u0131 olarak <strong>24 aya kadar<\/strong> taksitle<strong>\u00a0\u00c7at\u0131 \u00fczerine GES<\/strong> kurdurabilmektedir. Di\u011fer yandan EPC Firmas\u0131nda kullan\u0131lan bu sat\u0131\u015f, sat\u0131\u015f rekabeti g\u00fcc\u00fcn\u00fc de artt\u0131rmakta olup sat\u0131\u015f\u0131n ger\u00e7ekle\u015fmesine y\u00f6nelik b\u00fcy\u00fck kolayl\u0131k sa\u011flamaktad\u0131r. Bu sigorta poli\u00e7esi neredeyse banka faizi maliyetinin 3 te 1\u2019ine mal olmaktad\u0131r.<\/p>\n<p>Kredibilite sorunlar\u0131 nedeniyle <strong>g\u00fcne\u015f enerji sistemi kurulumu<\/strong> yapt\u0131ramayan t\u00fcketiciler i\u00e7in gerekli olan \u00f6nemli bir \u00fcr\u00fcn olarak kar\u015f\u0131m\u0131za \u00e7\u0131kmaktad\u0131r.<\/p>\n<p>Sat\u0131\u015f\u0131 yap\u0131lan <strong>10 kW alt\u0131 sistemler<\/strong> i\u00e7in de sa\u011flanan <strong>d\u00fc\u015f\u00fck muafiyetli<\/strong> ve <strong>primli sigorta poli\u00e7eleri<\/strong> de bulunmaktad\u0131r. Genelde tan\u0131nm\u0131\u015f markalara bayi olarak hizmet veren ve <strong>10 kW alt\u0131 sistem kurulumlar\u0131na<\/strong> odaklanm\u0131\u015f ki\u015filer, bu \u00fcr\u00fcnleri sigortal\u0131 g\u00fcne\u015f enerjisi sistemi s\u00f6ylemi ile sat\u0131\u015f arg\u00fcman\u0131 olarak kullanmakta ve bu durum t\u00fcketicide ciddi bir pozitif alg\u0131 meydana getirmektedir.<\/p>\n<p><strong>Kotra Sigorta<\/strong>, g\u00fcne\u015f enerji sistemlerinin \u00fclkemizde yayg\u0131nla\u015fmas\u0131na y\u00f6nelik mesleki a\u00e7\u0131dan elinden gelenin en fazlas\u0131n\u0131 yaparak sigorta \u00fcr\u00fcnleriyle solar g\u00fcne\u015f enerjisi sekt\u00f6r\u00fcne art\u0131 de\u011fer sa\u011flamaktad\u0131r&#8230;<\/p>\n<p><span style=\"color: #993300;\"><strong>Daha Detayl\u0131 Bilgi \u0130\u00e7in &#8211;&gt;<\/strong><\/span>\u00a0Osman T\u00fcken &#8211;\u00a0<strong><span style=\"color: #993300;\">Tel:<\/span>\u00a0<\/strong>0 242 228 44 55 &#8211;\u00a0<span style=\"color: #993300;\"><strong>Mail: <\/strong><\/span><a href=\"mailto:info@kotrasigorta.com.tr\" target=\"_blank\" rel=\"noopener\">info@kotrasigorta.com.tr<\/a><\/p>\n<p><img loading=\"lazy\" class=\"aligncenter size-full wp-image-79099\" src=\"https:\/\/www.enerjigazetesi.ist\/wp-content\/uploads\/2018\/09\/kotra-sigortadan-gunes-sektorune-yonelik-alacak-fatura-guvence-sigortasi.jpeg\" alt=\"\" width=\"640\" height=\"1600\" srcset=\"https:\/\/www.enerjigazetesi.ist\/wp-content\/uploads\/2018\/09\/kotra-sigortadan-gunes-sektorune-yonelik-alacak-fatura-guvence-sigortasi.jpeg 640w, https:\/\/www.enerjigazetesi.ist\/wp-content\/uploads\/2018\/09\/kotra-sigortadan-gunes-sektorune-yonelik-alacak-fatura-guvence-sigortasi-120x300.jpeg 120w, https:\/\/www.enerjigazetesi.ist\/wp-content\/uploads\/2018\/09\/kotra-sigortadan-gunes-sektorune-yonelik-alacak-fatura-guvence-sigortasi-410x1024.jpeg 410w, https:\/\/www.enerjigazetesi.ist\/wp-content\/uploads\/2018\/09\/kotra-sigortadan-gunes-sektorune-yonelik-alacak-fatura-guvence-sigortasi-160x400.jpeg 160w, https:\/\/www.enerjigazetesi.ist\/wp-content\/uploads\/2018\/09\/kotra-sigortadan-gunes-sektorune-yonelik-alacak-fatura-guvence-sigortasi-20x50.jpeg 20w\" sizes=\"(max-width: 640px) 100vw, 640px\" \/><\/p>","protected":false},"excerpt":{"rendered":"<p>Sorry, this entry is only available in Turkish. For the sake of viewer convenience, the content is shown below in the alternative language. You may click the link to switch the active language.G\u00fcn\u00fcm\u00fczde sigorta poli\u00e7eleri, sigortal\u0131lar\u0131 finansal kay\u0131plardan korumakta olan bir g\u00fcvence \u00fcr\u00fcn\u00fcd\u00fcr. Kotra Sigorta, g\u00fcne\u015f enerji sekt\u00f6r\u00fcn\u00fcn geli\u015fiminin \u00f6n\u00fcndeki engelleri kald\u0131rmaya y\u00f6nelik \u00e7al\u0131\u015fmalar y\u00fcr\u00fcterek [&hellip;]<\/p>\n","protected":false},"author":1,"featured_media":79100,"comment_status":"open","ping_status":"open","sticky":false,"template":"","format":"standard","meta":[],"categories":[51,53,49],"tags":[39480,24218,39491,39460,67,1009,39485,34990,7604,39481,23416,39492,39482,39484,23133,39483,23131,39488,26630,39490,39489,39487,39486,39493],"views":1403,"_links":{"self":[{"href":"https:\/\/www.enerjigazetesi.ist\/en\/wp-json\/wp\/v2\/posts\/79098"}],"collection":[{"href":"https:\/\/www.enerjigazetesi.ist\/en\/wp-json\/wp\/v2\/posts"}],"about":[{"href":"https:\/\/www.enerjigazetesi.ist\/en\/wp-json\/wp\/v2\/types\/post"}],"author":[{"embeddable":true,"href":"https:\/\/www.enerjigazetesi.ist\/en\/wp-json\/wp\/v2\/users\/1"}],"replies":[{"embeddable":true,"href":"https:\/\/www.enerjigazetesi.ist\/en\/wp-json\/wp\/v2\/comments?post=79098"}],"version-history":[{"count":4,"href":"https:\/\/www.enerjigazetesi.ist\/en\/wp-json\/wp\/v2\/posts\/79098\/revisions"}],"predecessor-version":[{"id":79104,"href":"https:\/\/www.enerjigazetesi.ist\/en\/wp-json\/wp\/v2\/posts\/79098\/revisions\/79104"}],"wp:featuredmedia":[{"embeddable":true,"href":"https:\/\/www.enerjigazetesi.ist\/en\/wp-json\/wp\/v2\/media\/79100"}],"wp:attachment":[{"href":"https:\/\/www.enerjigazetesi.ist\/en\/wp-json\/wp\/v2\/media?parent=79098"}],"wp:term":[{"taxonomy":"category","embeddable":true,"href":"https:\/\/www.enerjigazetesi.ist\/en\/wp-json\/wp\/v2\/categories?post=79098"},{"taxonomy":"post_tag","embeddable":true,"href":"https:\/\/www.enerjigazetesi.ist\/en\/wp-json\/wp\/v2\/tags?post=79098"}],"curies":[{"name":"wp","href":"https:\/\/api.w.org\/{rel}","templated":true}]}}