{"id":79056,"date":"2018-09-23T00:42:18","date_gmt":"2018-09-22T21:42:18","guid":{"rendered":"https:\/\/www.enerjigazetesi.ist\/?p=79056"},"modified":"2018-09-23T00:43:42","modified_gmt":"2018-09-22T21:43:42","slug":"akfen-yenilenebilir-enerjinin-20-mwlik-van-gunes-santralleri-faaliyete-gecti","status":"publish","type":"post","link":"https:\/\/www.enerjigazetesi.ist\/en\/akfen-yenilenebilir-enerjinin-20-mwlik-van-gunes-santralleri-faaliyete-gecti\/","title":{"rendered":"(Turkish) Akfen Yenilenebilir Enerji\u2019nin 20 MW\u2019l\u0131k Van G\u00fcne\u015f Santralleri Faaliyette"},"content":{"rendered":"<p class=\"qtranxs-available-languages-message qtranxs-available-languages-message-en\">Sorry, this entry is only available in <a href=\"https:\/\/www.enerjigazetesi.ist\/tr\/wp-json\/wp\/v2\/posts\/79056\" class=\"qtranxs-available-language-link qtranxs-available-language-link-tr\" title=\"Turkish\">Turkish<\/a>. For the sake of viewer convenience, the content is shown below in the alternative language. You may click the link to switch the active language.<\/p><p><strong>2020\u2019ye kadar yerli ve yenilenebilir kaynaklardan olu\u015fan 1000 MW\u2019l\u0131k enerji \u00fcretim santrali kapasitesine ula\u015fmay\u0131 hedefleyen Akfen Yenilenebilir Enerji, yat\u0131r\u0131mlar\u0131na ara vermeden devam ediyor. Akfen\u2019in Van Edremit\u2019te toplam 20 MW g\u00fcc\u00fcndeki iki lisansl\u0131 g\u00fcne\u015f santrali enerji \u00fcretimine ba\u015flad\u0131.<\/strong><\/p>\n<p><strong>Akfen Yenilenebilir Enerji\u2019nin gelecek y\u0131l ayn\u0131 b\u00f6lgede yap\u0131m\u0131 ba\u015flanacak \u00fc\u00e7\u00fcnc\u00fc lisansl\u0131 g\u00fcne\u015f santralinin de devreye girmesiyle T\u00fcrkiye\u2019nin g\u00fcne\u015flenme s\u00fcresi en y\u00fcksek illerinden Van, 30 MW\u2019l\u0131k g\u00fcne\u015f enerji santraline kavu\u015fmu\u015f olacak. \u00dc\u00e7 santral tam 120 bin ki\u015finin enerji ihtiyac\u0131n\u0131 kar\u015f\u0131layacak.<\/strong><\/p>\n<p>T\u00fcrkiye\u2019nin en b\u00fcy\u00fck g\u00fcne\u015f ve r\u00fczgar enerjisi kredisini ald\u0131ktan sonra 5 b\u00f6lgede 327 MW g\u00fcc\u00fcnde 13 yerli enerji santralinin yap\u0131m\u0131na h\u0131z veren\u00a0<strong>Akfen Yenilenebilir Enerji,<\/strong>\u00a0530 milyon dolar de\u011ferindeki\u00a0<img loading=\"lazy\" class=\"alignleft wp-image-79057 size-medium\" src=\"https:\/\/www.enerjigazetesi.ist\/wp-content\/uploads\/2018\/09\/akfen-yenilenebilir-enerjinin-20-mwlik-van-gunes-santralleri-faaliyete-gecti-300x169.jpg\" alt=\"\" width=\"300\" height=\"169\" srcset=\"https:\/\/www.enerjigazetesi.ist\/wp-content\/uploads\/2018\/09\/akfen-yenilenebilir-enerjinin-20-mwlik-van-gunes-santralleri-faaliyete-gecti-300x169.jpg 300w, https:\/\/www.enerjigazetesi.ist\/wp-content\/uploads\/2018\/09\/akfen-yenilenebilir-enerjinin-20-mwlik-van-gunes-santralleri-faaliyete-gecti-768x432.jpg 768w, https:\/\/www.enerjigazetesi.ist\/wp-content\/uploads\/2018\/09\/akfen-yenilenebilir-enerjinin-20-mwlik-van-gunes-santralleri-faaliyete-gecti-1024x576.jpg 1024w, https:\/\/www.enerjigazetesi.ist\/wp-content\/uploads\/2018\/09\/akfen-yenilenebilir-enerjinin-20-mwlik-van-gunes-santralleri-faaliyete-gecti-500x281.jpg 500w, https:\/\/www.enerjigazetesi.ist\/wp-content\/uploads\/2018\/09\/akfen-yenilenebilir-enerjinin-20-mwlik-van-gunes-santralleri-faaliyete-gecti-80x45.jpg 80w, https:\/\/www.enerjigazetesi.ist\/wp-content\/uploads\/2018\/09\/akfen-yenilenebilir-enerjinin-20-mwlik-van-gunes-santralleri-faaliyete-gecti.jpg 1368w\" sizes=\"(max-width: 300px) 100vw, 300px\" \/>yat\u0131r\u0131mlar\u0131n\u0131 ard\u0131 ard\u0131na hayata ge\u00e7iriyor.<\/p>\n<p>Son y\u0131llardaki yat\u0131r\u0131m at\u0131l\u0131m\u0131yla T\u00fcrkiye\u2019nin ihtiya\u00e7 duydu\u011fu yerli ve yenilenebilir enerji santrallerinin \u00f6nemli bir oyuncusu haline gelen Akfen Yenilenebilir Enerji\u2019nin lisansl\u0131\u00a0<strong>g\u00fcne\u015f projelerinden ikisi Van\u2019da elektrik \u00fcretimine ba\u015flad\u0131<\/strong>.<\/p>\n<p>Eyl\u00fcl ay\u0131 sonunda ard\u0131 ard\u0131na kabulleri yap\u0131lan Van Edremit ilindeki\u00a0<strong>Omicron Erci\u015f<\/strong>\u00a0ve\u00a0<strong>Omicron Engil<\/strong>\u00a0santralleri toplam\u00a0<strong>20 megavat<\/strong>\u00a0g\u00fcc\u00fcne sahip. Santraller \u00fcretilen enerjiyi ulusal elektrik a\u011f\u0131 \u00fczerinden t\u00fcm T\u00fcrkiye\u2019ye ula\u015ft\u0131rarak\u00a0<strong>80 bin ki\u015finin<\/strong>\u00a0enerji ihtiyac\u0131n\u0131 kar\u015f\u0131layacak.<\/p>\n<p>Akfen Yenilenebilir Enerji taraf\u0131ndan Van\u2019da yap\u0131m\u0131na ba\u015flanacak\u00a0<strong>10 MW<\/strong>\u00a0g\u00fcc\u00fcndeki lisansl\u0131 projenin \u00fc\u00e7\u00fcnc\u00fc santrali\u00a0<strong>PSI Engil<\/strong>\u00a0ise gelecek y\u0131l devreye al\u0131nacak.<\/p>\n<p><strong>VAN G\u00d6L\u00dc\u2019N\u00dcN HEMEN\u00a0<\/strong><strong>YANINDA SIRALANIYORLAR<\/strong><\/p>\n<p>T\u00fcrkiye\u2019nin g\u00fcne\u015f enerjisi potansiyeline sahip en y\u00fcksek illerinden Van\u2019da i\u015fletilecek olan 3 santral Van G\u00f6l\u00fc\u2019n\u00fcn yan\u0131 ba\u015f\u0131ndaki toplam\u00a0<strong>600 d\u00f6n\u00fcml\u00fck arazi \u00fczerinde<\/strong>\u00a0bulunuyor. Y\u0131ll\u0131k\u00a0<strong>60 GWh<\/strong>\u00a0elektrik \u00fcretmesi beklenen santraller,\u00a0<strong>25 bin 804 ton<\/strong>\u00a0karbondioksit e\u015fde\u011feri sera gaz\u0131 sal\u0131n\u0131m\u0131n\u0131 engelleyecekler.<\/p>\n<p>Yakla\u015f\u0131k\u00a0<strong>66 milyon dolara<\/strong>\u00a0mal olacak g\u00fcne\u015f santralleri sayesinde Van \u00f6nemli bir ekonomik de\u011fere kavu\u015furken,\u00a0<strong>120 bin ki\u015finin y\u0131ll\u0131k enerji ihtiyac\u0131<\/strong>\u00a0tamamen yerli ve yenilenebilir kaynaklardan kar\u015f\u0131lanacak.<\/p>\n<p>Akfen Yenilenebilir Enerji taraf\u0131ndan 3 santralin hayata ge\u00e7irilmesiyle birlikte Van, g\u00fcne\u015f enerjisi kayna\u011f\u0131 bak\u0131m\u0131ndan ciddi bir potansiyele sahip olmas\u0131na ra\u011fmen ilk santral yat\u0131r\u0131mlar\u0131na ev sahipli\u011fi yapmaya ba\u015flayacak.<\/p>","protected":false},"excerpt":{"rendered":"<p>Sorry, this entry is only available in Turkish. For the sake of viewer convenience, the content is shown below in the alternative language. You may click the link to switch the active language.2020\u2019ye kadar yerli ve yenilenebilir kaynaklardan olu\u015fan 1000 MW\u2019l\u0131k enerji \u00fcretim santrali kapasitesine ula\u015fmay\u0131 hedefleyen Akfen Yenilenebilir Enerji, yat\u0131r\u0131mlar\u0131na ara vermeden devam ediyor. [&hellip;]<\/p>\n","protected":false},"author":1,"featured_media":79057,"comment_status":"open","ping_status":"open","sticky":false,"template":"","format":"standard","meta":[],"categories":[51,53,49],"tags":[28245,67,1009,2326,23416,2569,23133,23131,39465],"views":792,"_links":{"self":[{"href":"https:\/\/www.enerjigazetesi.ist\/en\/wp-json\/wp\/v2\/posts\/79056"}],"collection":[{"href":"https:\/\/www.enerjigazetesi.ist\/en\/wp-json\/wp\/v2\/posts"}],"about":[{"href":"https:\/\/www.enerjigazetesi.ist\/en\/wp-json\/wp\/v2\/types\/post"}],"author":[{"embeddable":true,"href":"https:\/\/www.enerjigazetesi.ist\/en\/wp-json\/wp\/v2\/users\/1"}],"replies":[{"embeddable":true,"href":"https:\/\/www.enerjigazetesi.ist\/en\/wp-json\/wp\/v2\/comments?post=79056"}],"version-history":[{"count":2,"href":"https:\/\/www.enerjigazetesi.ist\/en\/wp-json\/wp\/v2\/posts\/79056\/revisions"}],"predecessor-version":[{"id":79059,"href":"https:\/\/www.enerjigazetesi.ist\/en\/wp-json\/wp\/v2\/posts\/79056\/revisions\/79059"}],"wp:featuredmedia":[{"embeddable":true,"href":"https:\/\/www.enerjigazetesi.ist\/en\/wp-json\/wp\/v2\/media\/79057"}],"wp:attachment":[{"href":"https:\/\/www.enerjigazetesi.ist\/en\/wp-json\/wp\/v2\/media?parent=79056"}],"wp:term":[{"taxonomy":"category","embeddable":true,"href":"https:\/\/www.enerjigazetesi.ist\/en\/wp-json\/wp\/v2\/categories?post=79056"},{"taxonomy":"post_tag","embeddable":true,"href":"https:\/\/www.enerjigazetesi.ist\/en\/wp-json\/wp\/v2\/tags?post=79056"}],"curies":[{"name":"wp","href":"https:\/\/api.w.org\/{rel}","templated":true}]}}