{"id":79035,"date":"2018-09-22T22:43:18","date_gmt":"2018-09-22T19:43:18","guid":{"rendered":"https:\/\/www.enerjigazetesi.ist\/?p=79035"},"modified":"2018-09-22T22:43:55","modified_gmt":"2018-09-22T19:43:55","slug":"binalarin-gunes-enerjisi-kullanmasi-tesvik-edilecek","status":"publish","type":"post","link":"https:\/\/www.enerjigazetesi.ist\/en\/binalarin-gunes-enerjisi-kullanmasi-tesvik-edilecek\/","title":{"rendered":"(Turkish) Binalar\u0131n G\u00fcne\u015f Enerjisi Kullanmas\u0131 Te\u015fvik Edilecek"},"content":{"rendered":"<p class=\"qtranxs-available-languages-message qtranxs-available-languages-message-en\">Sorry, this entry is only available in <a href=\"https:\/\/www.enerjigazetesi.ist\/tr\/wp-json\/wp\/v2\/posts\/79035\" class=\"qtranxs-available-language-link qtranxs-available-language-link-tr\" title=\"Turkish\">Turkish<\/a>. For the sake of viewer convenience, the content is shown below in the alternative language. You may click the link to switch the active language.<\/p><p><strong>Star Gazetesi\u2019nde yay\u0131mlanan habere g\u00f6re,\u00a0Enerji ve Tabii Kaynaklar Bakan\u0131 D\u00f6nmez taraf\u0131ndan yenilenebilir enerji kaynaklar\u0131ndan sa\u011flanan elektri\u011fin y\u00fczde 10\u2019lar seviyesine geldi\u011fi belirtilirken bina \u00e7at\u0131 ve cephelerinin \u2018g\u00fcne\u015f santrali\u2019 olarak kullan\u0131lmas\u0131n\u0131n da te\u015fvik edilece\u011fi belirtildi.<\/strong><\/p>\n<p><img loading=\"lazy\" class=\"alignleft wp-image-79036\" src=\"https:\/\/www.enerjigazetesi.ist\/wp-content\/uploads\/2018\/09\/binalarin-gunes-enerjisi-kullanmasi-tesvik-edilecek.jpg\" alt=\"\" width=\"320\" height=\"188\" srcset=\"https:\/\/www.enerjigazetesi.ist\/wp-content\/uploads\/2018\/09\/binalarin-gunes-enerjisi-kullanmasi-tesvik-edilecek.jpg 670w, https:\/\/www.enerjigazetesi.ist\/wp-content\/uploads\/2018\/09\/binalarin-gunes-enerjisi-kullanmasi-tesvik-edilecek-300x176.jpg 300w, https:\/\/www.enerjigazetesi.ist\/wp-content\/uploads\/2018\/09\/binalarin-gunes-enerjisi-kullanmasi-tesvik-edilecek-500x293.jpg 500w, https:\/\/www.enerjigazetesi.ist\/wp-content\/uploads\/2018\/09\/binalarin-gunes-enerjisi-kullanmasi-tesvik-edilecek-80x47.jpg 80w\" sizes=\"(max-width: 320px) 100vw, 320px\" \/>&#8220;Sistemin 7 y\u0131l i\u00e7inde kendini amorti etti\u011fini&#8221; belirten D\u00f6nmez, elektrikte \u2018kademeli fiyatland\u0131rma\u2019 \u00fczerinde \u00e7al\u0131\u015ft\u0131klar\u0131n\u0131 da s\u00f6yledi.<\/p>\n<p>Elektrik sekt\u00f6r\u00fcnde &#8220;temiz enerji&#8221; pay\u0131n\u0131n artt\u0131\u011f\u0131n\u0131 da dile getiren D\u00f6nmez, \u201cBu y\u0131l toplam elektri\u011fin y\u00fczde 10\u2019unu yenilenebilir enerjiden sa\u011fl\u0131yoruz. Hedefimiz r\u00fczgar ve g\u00fcne\u015f alan\u0131nda her y\u0131l 1000 mw ilave edilmesidir. Pil teknolojisinde ya\u015fanan geli\u015fmeler \u2018enerjiyi depolama\u2019 imkan\u0131n\u0131 da \u00f6n plana \u00e7\u0131kartmaktad\u0131r. Yeni g\u00fcne\u015f santrallerini k\u0131smen depolama \u015fart\u0131 getirip ihaleye \u00e7\u0131karaca\u011f\u0131z. G\u00fcnd\u00fcz sa\u011flanan elektri\u011fi depolayarak ak\u015fam \u015febekeye verece\u011fiz.\u201d dedi.<\/p>","protected":false},"excerpt":{"rendered":"<p>Sorry, this entry is only available in Turkish. For the sake of viewer convenience, the content is shown below in the alternative language. You may click the link to switch the active language.Star Gazetesi\u2019nde yay\u0131mlanan habere g\u00f6re,\u00a0Enerji ve Tabii Kaynaklar Bakan\u0131 D\u00f6nmez taraf\u0131ndan yenilenebilir enerji kaynaklar\u0131ndan sa\u011flanan elektri\u011fin y\u00fczde 10\u2019lar seviyesine geldi\u011fi belirtilirken bina \u00e7at\u0131 [&hellip;]<\/p>\n","protected":false},"author":1,"featured_media":79036,"comment_status":"open","ping_status":"open","sticky":false,"template":"","format":"standard","meta":[],"categories":[51,53,49],"tags":[39459,67,1009,23416,23133,39457,23131,39458],"views":907,"_links":{"self":[{"href":"https:\/\/www.enerjigazetesi.ist\/en\/wp-json\/wp\/v2\/posts\/79035"}],"collection":[{"href":"https:\/\/www.enerjigazetesi.ist\/en\/wp-json\/wp\/v2\/posts"}],"about":[{"href":"https:\/\/www.enerjigazetesi.ist\/en\/wp-json\/wp\/v2\/types\/post"}],"author":[{"embeddable":true,"href":"https:\/\/www.enerjigazetesi.ist\/en\/wp-json\/wp\/v2\/users\/1"}],"replies":[{"embeddable":true,"href":"https:\/\/www.enerjigazetesi.ist\/en\/wp-json\/wp\/v2\/comments?post=79035"}],"version-history":[{"count":1,"href":"https:\/\/www.enerjigazetesi.ist\/en\/wp-json\/wp\/v2\/posts\/79035\/revisions"}],"predecessor-version":[{"id":79037,"href":"https:\/\/www.enerjigazetesi.ist\/en\/wp-json\/wp\/v2\/posts\/79035\/revisions\/79037"}],"wp:featuredmedia":[{"embeddable":true,"href":"https:\/\/www.enerjigazetesi.ist\/en\/wp-json\/wp\/v2\/media\/79036"}],"wp:attachment":[{"href":"https:\/\/www.enerjigazetesi.ist\/en\/wp-json\/wp\/v2\/media?parent=79035"}],"wp:term":[{"taxonomy":"category","embeddable":true,"href":"https:\/\/www.enerjigazetesi.ist\/en\/wp-json\/wp\/v2\/categories?post=79035"},{"taxonomy":"post_tag","embeddable":true,"href":"https:\/\/www.enerjigazetesi.ist\/en\/wp-json\/wp\/v2\/tags?post=79035"}],"curies":[{"name":"wp","href":"https:\/\/api.w.org\/{rel}","templated":true}]}}