{"id":78937,"date":"2018-09-20T11:53:47","date_gmt":"2018-09-20T08:53:47","guid":{"rendered":"https:\/\/www.enerjigazetesi.ist\/?p=78937"},"modified":"2018-09-20T22:34:30","modified_gmt":"2018-09-20T19:34:30","slug":"ikinci-en-buyuk-gunes-enerjisi-yeka-2-ges-ihale-sartnamesi-taslagi-yayimlandi","status":"publish","type":"post","link":"https:\/\/www.enerjigazetesi.ist\/en\/ikinci-en-buyuk-gunes-enerjisi-yeka-2-ges-ihale-sartnamesi-taslagi-yayimlandi\/","title":{"rendered":"(Turkish) \u0130kinci En B\u00fcy\u00fck G\u00fcne\u015f Enerjisi YEKA-2 GES \u0130hale \u015eartname Tasla\u011f\u0131 Yay\u0131mland\u0131&#8230;"},"content":{"rendered":"<p class=\"qtranxs-available-languages-message qtranxs-available-languages-message-en\">Sorry, this entry is only available in <a href=\"https:\/\/www.enerjigazetesi.ist\/tr\/wp-json\/wp\/v2\/posts\/78937\" class=\"qtranxs-available-language-link qtranxs-available-language-link-tr\" title=\"Turkish\">Turkish<\/a>. For the sake of viewer convenience, the content is shown below in the alternative language. You may click the link to switch the active language.<\/p><p><strong>T\u00fcrkiye\u2019nin ikinci en b\u00fcy\u00fck g\u00fcne\u015f enerjisi ihalesi YEKA-2 GES &#8216;e y\u00f6nelik ba\u015fvurular 2019 y\u0131l\u0131n\u0131n Ocak ay\u0131n\u0131n son haftas\u0131nda al\u0131n\u0131yor. 5 y\u0131l i\u00e7inde tamamlanacak olan g\u00fcne\u015f santrallerinde kullan\u0131lacak paneller ise en az y\u00fczde 60 oran\u0131nda yerli olacak.<\/strong><\/p>\n<p>T\u00fcrkiye\u2019nin ikinci en b\u00fcy\u00fck g\u00fcne\u015f enerjisi ihalesi YEKA GES-2 \u015eartnamesi tasla\u011f\u0131 yay\u0131nland\u0131. Yar\u0131\u015fma ba\u015fvurular\u0131 2019 y\u0131l\u0131 Ocak ay\u0131n\u0131n son haftas\u0131nda al\u0131nacak.<\/p>\n<p><strong><img loading=\"lazy\" class=\"wp-image-78939 alignright\" src=\"https:\/\/www.enerjigazetesi.ist\/wp-content\/uploads\/2018\/09\/ikinci-en-buyuk-gunes-enerjisi-yeka-2-ges-ihale-sartnamesi-yayimlandi.jpg\" alt=\"\" width=\"320\" height=\"174\" srcset=\"https:\/\/www.enerjigazetesi.ist\/wp-content\/uploads\/2018\/09\/ikinci-en-buyuk-gunes-enerjisi-yeka-2-ges-ihale-sartnamesi-yayimlandi.jpg 460w, https:\/\/www.enerjigazetesi.ist\/wp-content\/uploads\/2018\/09\/ikinci-en-buyuk-gunes-enerjisi-yeka-2-ges-ihale-sartnamesi-yayimlandi-300x163.jpg 300w, https:\/\/www.enerjigazetesi.ist\/wp-content\/uploads\/2018\/09\/ikinci-en-buyuk-gunes-enerjisi-yeka-2-ges-ihale-sartnamesi-yayimlandi-80x43.jpg 80w\" sizes=\"(max-width: 320px) 100vw, 320px\" \/>\u015eanl\u0131urfa, Ni\u011fde, Hatay&#8217;a Y\u00f6nelik YEKA-2 GES \u015eartname Tasla\u011f\u0131 Yay\u0131mland\u0131!<\/strong><\/p>\n<p>Kurulacak g\u00fcne\u015f enerjisi santrallerinini toplam ba\u011flant\u0131 kapasitesi 1000 MWe olacak. Bunun 500 (be\u015fy\u00fcz) MWe\u2019\u0131 \u015eanl\u0131urfa-Viran\u015fehir YEKA\u2019da, 200 (ikiy\u00fcz) MWe\u2019\u0131 Hatay-Erzin YEKA\u2019da ve 300 (\u00fc\u00e7y\u00fcz) MWe\u2019\u0131 ise Ni\u011fde-Bor YEKA\u2019da olacak. Bu \u015fekilde tek bir yar\u0131\u015fma ile Ba\u011flant\u0131 Kapasitesi tahsisi ger\u00e7ekle\u015ftirilecek.<\/p>\n<p><strong>GES\u2019lerde yerli \u00fcretim \u015fart\u0131 en az y\u00fczde 60<\/strong><\/p>\n<p>\u015eartnamede, GES\u2019lerde kullan\u0131lacak tesis bile\u015fenleri i\u00e7in istenilen yerli katk\u0131 oranlar\u0131 a\u00e7\u0131kland\u0131. Yerli mal\u0131 belgeli G\u00fcne\u015f Mod\u00fclleri T\u00fcrkiye\u2019de kurulu (serbest b\u00f6lgeler hari\u00e7) fabrikalarda \u00fcretilir veya yerli imalat\u00e7\u0131lardan tedarik edilecek. Yerli katk\u0131 oranlar\u0131 g\u00fcne\u015f panellerinde en az y\u00fczde 60, kablo ve kablo kanal\u0131, ta\u015f\u0131y\u0131c\u0131 konstr\u00fcksiyon ve eviricilerde en az y\u00fczde 51 olacak. Yerli mal\u0131 belgeli G\u00fcne\u015f Mod\u00fclleri T\u00fcrkiye\u2019de kurulu (serbest b\u00f6lgeler hari\u00e7) fabrikalarda \u00fcretilecek veya yerli imalat\u00e7\u0131lardan tedarik edilecek.<\/p>\n<p><strong>Ni\u011fde-Bor YEKA i\u00e7erisinde kurulacak GES\u2019te Depolama Sistemi kurulacak<\/strong><\/p>\n<p>Ni\u011fde-Bor YEKA i\u00e7erisinde yer alacak GES\u2019te asgari 30 MW \/ 90 MWh (AC) kapasitesinde lityum-iyon teknolojili Enerji Depolama Sistemi kurulumu ger\u00e7ekle\u015ftirilecek. YEKA elektrik depolama sisteminin ko\u015fullar\u0131 da ayr\u0131ca belirlenirken \u015fartname tasla\u011f\u0131 ile Ni\u011fde-Bor GES ile birlikte \u00e7al\u0131\u015facak EDS\u2019nin tasar\u0131m kriterleri, kapasitesi, \u00e7al\u0131\u015fma modu ve s\u00fcreleri, teknik \u00f6zellikleri, yerlile\u015fme, i\u015fletme s\u00fcresi ve \u015fartlar\u0131 ile tesis bile\u015fenlerini i\u00e7ermektedir.<\/p>\n<p><a href=\"https:\/\/www.enerjigazetesi.ist\/wp-content\/uploads\/2018\/09\/YEKA-GES2-Sartname-Taslak-18-09-2018.pdf\">YEKA-2 GES \u0130hale \u015eartname Tasla\u011f\u0131 \u0130\u00e7in TIKLAYINIZ &gt;&gt;&gt;<\/a><\/p>","protected":false},"excerpt":{"rendered":"<p>Sorry, this entry is only available in Turkish. For the sake of viewer convenience, the content is shown below in the alternative language. You may click the link to switch the active language.T\u00fcrkiye\u2019nin ikinci en b\u00fcy\u00fck g\u00fcne\u015f enerjisi ihalesi YEKA-2 GES &#8216;e y\u00f6nelik ba\u015fvurular 2019 y\u0131l\u0131n\u0131n Ocak ay\u0131n\u0131n son haftas\u0131nda al\u0131n\u0131yor. 5 y\u0131l i\u00e7inde tamamlanacak [&hellip;]<\/p>\n","protected":false},"author":1,"featured_media":78939,"comment_status":"open","ping_status":"open","sticky":false,"template":"","format":"standard","meta":[],"categories":[53,49],"tags":[25743,67,1009,2326,39413,23416,2569,23133,23131,39412,39414,39410,39411,1802],"views":2340,"_links":{"self":[{"href":"https:\/\/www.enerjigazetesi.ist\/en\/wp-json\/wp\/v2\/posts\/78937"}],"collection":[{"href":"https:\/\/www.enerjigazetesi.ist\/en\/wp-json\/wp\/v2\/posts"}],"about":[{"href":"https:\/\/www.enerjigazetesi.ist\/en\/wp-json\/wp\/v2\/types\/post"}],"author":[{"embeddable":true,"href":"https:\/\/www.enerjigazetesi.ist\/en\/wp-json\/wp\/v2\/users\/1"}],"replies":[{"embeddable":true,"href":"https:\/\/www.enerjigazetesi.ist\/en\/wp-json\/wp\/v2\/comments?post=78937"}],"version-history":[{"count":6,"href":"https:\/\/www.enerjigazetesi.ist\/en\/wp-json\/wp\/v2\/posts\/78937\/revisions"}],"predecessor-version":[{"id":78975,"href":"https:\/\/www.enerjigazetesi.ist\/en\/wp-json\/wp\/v2\/posts\/78937\/revisions\/78975"}],"wp:featuredmedia":[{"embeddable":true,"href":"https:\/\/www.enerjigazetesi.ist\/en\/wp-json\/wp\/v2\/media\/78939"}],"wp:attachment":[{"href":"https:\/\/www.enerjigazetesi.ist\/en\/wp-json\/wp\/v2\/media?parent=78937"}],"wp:term":[{"taxonomy":"category","embeddable":true,"href":"https:\/\/www.enerjigazetesi.ist\/en\/wp-json\/wp\/v2\/categories?post=78937"},{"taxonomy":"post_tag","embeddable":true,"href":"https:\/\/www.enerjigazetesi.ist\/en\/wp-json\/wp\/v2\/tags?post=78937"}],"curies":[{"name":"wp","href":"https:\/\/api.w.org\/{rel}","templated":true}]}}