{"id":78861,"date":"2018-09-18T11:33:32","date_gmt":"2018-09-18T08:33:32","guid":{"rendered":"https:\/\/www.enerjigazetesi.ist\/?p=78861"},"modified":"2018-09-18T11:33:32","modified_gmt":"2018-09-18T08:33:32","slug":"kars-ve-ardahanin-gunes-enerjisi-potansiyeli-izmir-ve-istanbuldan-yuksek","status":"publish","type":"post","link":"https:\/\/www.enerjigazetesi.ist\/en\/kars-ve-ardahanin-gunes-enerjisi-potansiyeli-izmir-ve-istanbuldan-yuksek\/","title":{"rendered":"(Turkish) Kars ve Ardahan\u2019\u0131n G\u00fcne\u015f Enerjisi Potansiyeli \u0130zmir ve \u0130stanbul&#8217;dan Y\u00fcksek!"},"content":{"rendered":"<p class=\"qtranxs-available-languages-message qtranxs-available-languages-message-en\">Sorry, this entry is only available in <a href=\"https:\/\/www.enerjigazetesi.ist\/tr\/wp-json\/wp\/v2\/posts\/78861\" class=\"qtranxs-available-language-link qtranxs-available-language-link-tr\" title=\"Turkish\">Turkish<\/a>. For the sake of viewer convenience, the content is shown below in the alternative language. You may click the link to switch the active language.<\/p><p><strong>D\u0131\u015f ticaret a\u00e7\u0131\u011f\u0131n\u0131n %70\u2019ini enerji harcamalar\u0131ndan kaynaklan\u0131yor. T\u00fcrkiye\u2019de enerjide d\u0131\u015fa ba\u011f\u0131ml\u0131l\u0131k sorununu \u00e7\u00f6zmek i\u00e7in g\u00fcne\u015f enerjisi hayati \u00f6nem ta\u015f\u0131yor. Bir yenilenebilir enerji kayna\u011f\u0131 olan g\u00fcne\u015f enerjisinden elektrik \u00fcretiminin kolay \u00fcretilebilir olmas\u0131 ve giderek artan fiyat avantaj\u0131 ile T\u00fcrkiye i\u00e7in g\u00fcne\u015f enerjisi yenilenebilir enerjiye eri\u015fimin yolunu a\u00e7abilir. <\/strong><\/p>\n<p>\u00d6zellikle T\u00fcrkiye\u2019nin g\u00fcne\u015f enerjisi konusunda at\u0131lacak olan ad\u0131mlar, temiz yerli ve ucuz enerji anlam\u0131na gelecektir.<\/p>\n<p>T\u00fcrkiye\u2019nin g\u00fcne\u015f enerjisi potansiyeli, b\u00f6lgelere g\u00f6re de\u011fi\u015fiklik g\u00f6stermektedir. B\u00f6lgesel olarak Do\u011fu Anadolu ve G\u00fcneydo\u011fu Anadolu b\u00f6lgesiyle Akdeniz B\u00f6lgesi\u2019nde g\u00fcne\u015f enerjisi potansiyelinin bat\u0131 ve kuzey b\u00f6lgelerine g\u00f6re daha y\u00fcksek oldu\u011fu g\u00f6ze \u00e7ap\u0131yor.<\/p>\n<p style=\"text-align: center;\"><img loading=\"lazy\" class=\"aligncenter size-full wp-image-78862\" src=\"https:\/\/www.enerjigazetesi.ist\/wp-content\/uploads\/2018\/09\/01-3.jpg\" alt=\"\" width=\"660\" height=\"350\" srcset=\"https:\/\/www.enerjigazetesi.ist\/wp-content\/uploads\/2018\/09\/01-3.jpg 660w, https:\/\/www.enerjigazetesi.ist\/wp-content\/uploads\/2018\/09\/01-3-300x159.jpg 300w, https:\/\/www.enerjigazetesi.ist\/wp-content\/uploads\/2018\/09\/01-3-500x265.jpg 500w, https:\/\/www.enerjigazetesi.ist\/wp-content\/uploads\/2018\/09\/01-3-80x42.jpg 80w\" sizes=\"(max-width: 660px) 100vw, 660px\" \/><\/p>\n<p>Peki sizce \u0130zmir ve \u0130stanbul\u2019un g\u00fcne\u015f enerjisi potansiyeli Kars ve Ardahan\u2019a g\u00f6re daha m\u0131 y\u00fcksek? Herkesin bu soruya \u201cevet\u201d cevab\u0131n\u0131 verebilece\u011fi tahmin edilmekle birlikte durumun tam tersi oldu\u011fu ve TRA2 B\u00f6lgesi Ye\u015fil Enerji Kaynaklar\u0131 Sekt\u00f6r Raporu\u2019na g\u00f6re b\u00f6lge illerinin \u00e7ok \u00f6nemli enerji kaynaklar\u0131na sahip oldu\u011fu bildirildi. Kars ve Ardahan ve b\u00f6lge illerindeki ye\u015fil enerji potansyelinin, yurti\u00e7i ve yurtd\u0131\u015f\u0131 enerji kaynaklar\u0131yla mukayese edildi\u011fi raporda \u00f6zellikle g\u00fcne\u015f, jeotermal ve biyok\u00fctle enerjisi a\u00e7\u0131s\u0131ndan \u00f6nemli potansiyele sahip oldu\u011fu ortaya \u00e7\u0131kt\u0131.<\/p>\n<p><strong>KAYNAKLAR<\/strong><\/p>\n<p>&#8211;\u00a0<a href=\"http:\/\/www.tarimpusulasi.com\/tarim\/burokrasi-gunesi-kaciriyor\/1619\" target=\"_blank\" rel=\"noopener\">http:\/\/www.tarimpusulasi.com\/tarim\/burokrasi-gunesi-kaciriyor\/1619<\/a><\/p>\n<p>&#8211; <a href=\"http:\/\/www.enerjiatlasi.com\/gunes-enerjisi-haritasi\/ardahan\" target=\"_blank\" rel=\"noopener\">http:\/\/www.enerjiatlasi.com\/gunes-enerjisi-haritasi\/ardahan<\/a><\/p>\n<p>Merve Karaku\u015f \u2013 Enerji Sistemleri M\u00fchendisi \u2013\u00a0<a href=\"mailto:mervekarakus34@gmail.com\" target=\"_blank\" rel=\"noopener\">mervekarakus34@gmail.com<\/a><\/p>","protected":false},"excerpt":{"rendered":"<p>Sorry, this entry is only available in Turkish. For the sake of viewer convenience, the content is shown below in the alternative language. You may click the link to switch the active language.D\u0131\u015f ticaret a\u00e7\u0131\u011f\u0131n\u0131n %70\u2019ini enerji harcamalar\u0131ndan kaynaklan\u0131yor. T\u00fcrkiye\u2019de enerjide d\u0131\u015fa ba\u011f\u0131ml\u0131l\u0131k sorununu \u00e7\u00f6zmek i\u00e7in g\u00fcne\u015f enerjisi hayati \u00f6nem ta\u015f\u0131yor. Bir yenilenebilir enerji kayna\u011f\u0131 [&hellip;]<\/p>\n","protected":false},"author":1,"featured_media":78863,"comment_status":"open","ping_status":"open","sticky":false,"template":"","format":"standard","meta":[],"categories":[51,53,49],"tags":[7836,67,1009,12235,2326,29013,23416,2569,12474,23133,26729,23131,1967,2689,4992,39190,842,2261,2469],"views":3015,"_links":{"self":[{"href":"https:\/\/www.enerjigazetesi.ist\/en\/wp-json\/wp\/v2\/posts\/78861"}],"collection":[{"href":"https:\/\/www.enerjigazetesi.ist\/en\/wp-json\/wp\/v2\/posts"}],"about":[{"href":"https:\/\/www.enerjigazetesi.ist\/en\/wp-json\/wp\/v2\/types\/post"}],"author":[{"embeddable":true,"href":"https:\/\/www.enerjigazetesi.ist\/en\/wp-json\/wp\/v2\/users\/1"}],"replies":[{"embeddable":true,"href":"https:\/\/www.enerjigazetesi.ist\/en\/wp-json\/wp\/v2\/comments?post=78861"}],"version-history":[{"count":1,"href":"https:\/\/www.enerjigazetesi.ist\/en\/wp-json\/wp\/v2\/posts\/78861\/revisions"}],"predecessor-version":[{"id":78864,"href":"https:\/\/www.enerjigazetesi.ist\/en\/wp-json\/wp\/v2\/posts\/78861\/revisions\/78864"}],"wp:featuredmedia":[{"embeddable":true,"href":"https:\/\/www.enerjigazetesi.ist\/en\/wp-json\/wp\/v2\/media\/78863"}],"wp:attachment":[{"href":"https:\/\/www.enerjigazetesi.ist\/en\/wp-json\/wp\/v2\/media?parent=78861"}],"wp:term":[{"taxonomy":"category","embeddable":true,"href":"https:\/\/www.enerjigazetesi.ist\/en\/wp-json\/wp\/v2\/categories?post=78861"},{"taxonomy":"post_tag","embeddable":true,"href":"https:\/\/www.enerjigazetesi.ist\/en\/wp-json\/wp\/v2\/tags?post=78861"}],"curies":[{"name":"wp","href":"https:\/\/api.w.org\/{rel}","templated":true}]}}