{"id":78807,"date":"2018-09-17T12:37:05","date_gmt":"2018-09-17T09:37:05","guid":{"rendered":"https:\/\/www.enerjigazetesi.ist\/?p=78807"},"modified":"2018-09-17T12:37:05","modified_gmt":"2018-09-17T09:37:05","slug":"rusya-ve-suudi-arabistan-enerji-sektorunde-isbirligini-gelistirecek","status":"publish","type":"post","link":"https:\/\/www.enerjigazetesi.ist\/en\/rusya-ve-suudi-arabistan-enerji-sektorunde-isbirligini-gelistirecek\/","title":{"rendered":"(Turkish) Rusya ve Suudi Arabistan Enerji Sekt\u00f6r\u00fcnde \u0130\u015fbirli\u011fini Geli\u015ftirecek"},"content":{"rendered":"<p class=\"qtranxs-available-languages-message qtranxs-available-languages-message-en\">Sorry, this entry is only available in <a href=\"https:\/\/www.enerjigazetesi.ist\/tr\/wp-json\/wp\/v2\/posts\/78807\" class=\"qtranxs-available-language-link qtranxs-available-language-link-tr\" title=\"Turkish\">Turkish<\/a>. For the sake of viewer convenience, the content is shown below in the alternative language. You may click the link to switch the active language.<\/p><p><strong>Rusya ve Suudi Arabistan enerji bakanlar\u0131 taraf\u0131ndan iki \u00fclke aras\u0131nda \u2018enerji alan\u0131ndaki i\u015fbirliklerini geli\u015ftirme\u2019 konusunda i\u015fbirli\u011fine gidilece\u011fi a\u00e7\u0131kland\u0131.<\/strong><span id=\"more-101910\"><\/span><\/p>\n<p><img loading=\"lazy\" class=\"alignleft wp-image-78808 size-medium\" src=\"https:\/\/www.enerjigazetesi.ist\/wp-content\/uploads\/2018\/09\/rusya-ve-suudi-arabistan-enerji-sektorunde-isbirligini-gelistirecek-300x169.jpg\" alt=\"\" width=\"300\" height=\"169\" srcset=\"https:\/\/www.enerjigazetesi.ist\/wp-content\/uploads\/2018\/09\/rusya-ve-suudi-arabistan-enerji-sektorunde-isbirligini-gelistirecek-300x169.jpg 300w, https:\/\/www.enerjigazetesi.ist\/wp-content\/uploads\/2018\/09\/rusya-ve-suudi-arabistan-enerji-sektorunde-isbirligini-gelistirecek-768x432.jpg 768w, https:\/\/www.enerjigazetesi.ist\/wp-content\/uploads\/2018\/09\/rusya-ve-suudi-arabistan-enerji-sektorunde-isbirligini-gelistirecek-500x281.jpg 500w, https:\/\/www.enerjigazetesi.ist\/wp-content\/uploads\/2018\/09\/rusya-ve-suudi-arabistan-enerji-sektorunde-isbirligini-gelistirecek-80x45.jpg 80w, https:\/\/www.enerjigazetesi.ist\/wp-content\/uploads\/2018\/09\/rusya-ve-suudi-arabistan-enerji-sektorunde-isbirligini-gelistirecek.jpg 800w\" sizes=\"(max-width: 300px) 100vw, 300px\" \/>Rusya Enerji Bakanl\u0131\u011f\u0131\u2019n\u0131n a\u00e7\u0131klamas\u0131na g\u00f6re, Rusya Enerji Bakan\u0131 Alexander Novak ve Suudi Arabistan Enerji Bakan\u0131 Halid Falih, OPEC \u00fcyesi olan ve olmayan \u00fclkeler aras\u0131nda \u201cenerji alan\u0131ndaki i\u015fbirliklerini geli\u015ftirme\u201d konusunda ortak uzla\u015f\u0131ya vard\u0131lar.<\/p>\n<p>\u0130ki \u00fclkenin enerji bakanlar\u0131n\u0131n Cumartesi g\u00fcn\u00fc Moskova\u2019da bir araya geldi\u011finin duyuruldu\u011fu a\u00e7\u0131klamada, Falih\u2019in \u00f6n\u00fcm\u00fczdeki ay i\u00e7inde Rusya\u2019da ger\u00e7ekle\u015fecek uluslararas\u0131 bir enerji forumuna kat\u0131laca\u011f\u0131 da ifade edildi.<\/p>","protected":false},"excerpt":{"rendered":"<p>Sorry, this entry is only available in Turkish. For the sake of viewer convenience, the content is shown below in the alternative language. You may click the link to switch the active language.Rusya ve Suudi Arabistan enerji bakanlar\u0131 taraf\u0131ndan iki \u00fclke aras\u0131nda \u2018enerji alan\u0131ndaki i\u015fbirliklerini geli\u015ftirme\u2019 konusunda i\u015fbirli\u011fine gidilece\u011fi a\u00e7\u0131kland\u0131. Rusya Enerji Bakanl\u0131\u011f\u0131\u2019n\u0131n a\u00e7\u0131klamas\u0131na g\u00f6re, [&hellip;]<\/p>\n","protected":false},"author":1,"featured_media":78808,"comment_status":"open","ping_status":"open","sticky":false,"template":"","format":"standard","meta":[],"categories":[46,53,44],"tags":[1128,19761,67,1009,39348,14574,34935,2388,885,31389,1463],"views":723,"_links":{"self":[{"href":"https:\/\/www.enerjigazetesi.ist\/en\/wp-json\/wp\/v2\/posts\/78807"}],"collection":[{"href":"https:\/\/www.enerjigazetesi.ist\/en\/wp-json\/wp\/v2\/posts"}],"about":[{"href":"https:\/\/www.enerjigazetesi.ist\/en\/wp-json\/wp\/v2\/types\/post"}],"author":[{"embeddable":true,"href":"https:\/\/www.enerjigazetesi.ist\/en\/wp-json\/wp\/v2\/users\/1"}],"replies":[{"embeddable":true,"href":"https:\/\/www.enerjigazetesi.ist\/en\/wp-json\/wp\/v2\/comments?post=78807"}],"version-history":[{"count":1,"href":"https:\/\/www.enerjigazetesi.ist\/en\/wp-json\/wp\/v2\/posts\/78807\/revisions"}],"predecessor-version":[{"id":78809,"href":"https:\/\/www.enerjigazetesi.ist\/en\/wp-json\/wp\/v2\/posts\/78807\/revisions\/78809"}],"wp:featuredmedia":[{"embeddable":true,"href":"https:\/\/www.enerjigazetesi.ist\/en\/wp-json\/wp\/v2\/media\/78808"}],"wp:attachment":[{"href":"https:\/\/www.enerjigazetesi.ist\/en\/wp-json\/wp\/v2\/media?parent=78807"}],"wp:term":[{"taxonomy":"category","embeddable":true,"href":"https:\/\/www.enerjigazetesi.ist\/en\/wp-json\/wp\/v2\/categories?post=78807"},{"taxonomy":"post_tag","embeddable":true,"href":"https:\/\/www.enerjigazetesi.ist\/en\/wp-json\/wp\/v2\/tags?post=78807"}],"curies":[{"name":"wp","href":"https:\/\/api.w.org\/{rel}","templated":true}]}}