{"id":78731,"date":"2018-09-15T22:44:21","date_gmt":"2018-09-15T19:44:21","guid":{"rendered":"https:\/\/www.enerjigazetesi.ist\/?p=78731"},"modified":"2018-09-15T22:44:21","modified_gmt":"2018-09-15T19:44:21","slug":"turkiyenin-ilk-yerli-elektrikli-kamyonu-iaa-hannover-2018-te","status":"publish","type":"post","link":"https:\/\/www.enerjigazetesi.ist\/en\/turkiyenin-ilk-yerli-elektrikli-kamyonu-iaa-hannover-2018-te\/","title":{"rendered":"(Turkish) T\u00fcrkiye\u2019nin \u0130lk Yerli Elektrikli Kamyonu IAA Hannover 2018&#8217;de!"},"content":{"rendered":"<p class=\"qtranxs-available-languages-message qtranxs-available-languages-message-en\">Sorry, this entry is only available in <a href=\"https:\/\/www.enerjigazetesi.ist\/tr\/wp-json\/wp\/v2\/posts\/78731\" class=\"qtranxs-available-language-link qtranxs-available-language-link-tr\" title=\"Turkish\">Turkish<\/a>. For the sake of viewer convenience, the content is shown below in the alternative language. You may click the link to switch the active language.<\/p><p><strong>Anadolu Isuzu, t\u00fcm d\u00fcnyan\u0131n yak\u0131ndan takip etti\u011fi IAA Hannover 2018 Ticari Ara\u00e7 Fuar\u0131\u2019nda 5 yeni arac\u0131n\u0131n ilk g\u00f6sterimini yapmaya haz\u0131rlan\u0131yor. 11. Hall ve G30 stand\u0131nda yer alacak olan Anadolu Isuzu; Citiport 18, Citiport 12 HyPer, Novociti Life Premium, Visigo HyPer, Turquoise ve T\u00fcrkiye\u2019nin ilk y\u00fczde 100 elektrikli kamyonunu sergileyecek.*<\/strong><\/p>\n<p>T\u00fcm d\u00fcnyan\u0131n merakla bekledi\u011fi IAA Hannover Ticari Ara\u00e7 Fuar\u0131, 20-27 Eyl\u00fcl 2018 tarihlerinde <img loading=\"lazy\" class=\"alignleft size-medium wp-image-78732\" src=\"https:\/\/www.enerjigazetesi.ist\/wp-content\/uploads\/2018\/09\/turkiyenin-ilk-yerli-elektrikli-kamyonu-iaa-hannover-2018-te-300x157.jpg\" alt=\"\" width=\"300\" height=\"157\" srcset=\"https:\/\/www.enerjigazetesi.ist\/wp-content\/uploads\/2018\/09\/turkiyenin-ilk-yerli-elektrikli-kamyonu-iaa-hannover-2018-te-300x157.jpg 300w, https:\/\/www.enerjigazetesi.ist\/wp-content\/uploads\/2018\/09\/turkiyenin-ilk-yerli-elektrikli-kamyonu-iaa-hannover-2018-te-500x261.jpg 500w, https:\/\/www.enerjigazetesi.ist\/wp-content\/uploads\/2018\/09\/turkiyenin-ilk-yerli-elektrikli-kamyonu-iaa-hannover-2018-te-80x42.jpg 80w, https:\/\/www.enerjigazetesi.ist\/wp-content\/uploads\/2018\/09\/turkiyenin-ilk-yerli-elektrikli-kamyonu-iaa-hannover-2018-te.jpg 670w\" sizes=\"(max-width: 300px) 100vw, 300px\" \/>d\u00fczenlenecek. Bu y\u0131l fuarda 5 yeni arac\u0131n\u0131n tan\u0131t\u0131m\u0131n\u0131 yapacak olan Anadolu Isuzu, 11. Hall ve G30 stand\u0131nda yer alacak. Ticari ara\u00e7 sekt\u00f6r\u00fcn\u00fcn son teknolojileri, yeni modelleri ve ula\u015f\u0131m sekt\u00f6r\u00fcndeki yenilikleri ayn\u0131 \u00e7at\u0131 alt\u0131nda bulu\u015fturan IAA Hannover 2018\u2019de, Anadolu Isuzu\u2019nun ba\u015frol oyuncular\u0131 T\u00fcrk m\u00fchendislerin geli\u015ftirdi\u011fi y\u00fczde 100 elektrikli kamyon modeli, Isuzu Novociti Life Premium, Visigo ve Citiport otob\u00fcslerinin farkl\u0131 versiyonlar\u0131 olacak.<\/p>\n<p><strong>T\u00fcrkiye\u2019nin ilk yerli elektrikli kamyonu Anadolu Isuzu<\/strong><\/p>\n<p>19 Eyl\u00fcl saat 16:00\u2019da IAA Hannover 2018 Fuar\u0131\u2019ndaki bas\u0131n lansman\u0131 ger\u00e7ekle\u015ftirecek olan Anadolu Isuzu, fuar\u0131n en \u00f6nemli ara\u00e7lar\u0131ndan biri olmaya haz\u0131rlanan ve Ar-Ge\u2019sini yerli proje ortaklar\u0131 ile birlikte y\u00fczde 100 T\u00fcrk m\u00fchendislerin ger\u00e7ekle\u015ftirdi\u011fi elektrikli kamyonunun da tan\u0131t\u0131m\u0131n\u0131 ger\u00e7ekle\u015ftirecek.<br \/>\nAnadolu Isuzu\u2019nun yerli proje ortaklar\u0131 ile birlikte geli\u015ftirdi\u011fi, y\u00fczde 100 elektrikli bir motora sahip, 6.6 ton ta\u015f\u0131ma kapasiteli ara\u00e7, AC \u015farj \u00fcnitesiyle 4 saatte tam dolu hale gelebiliyor. Ayr\u0131ca DC tipi \u00f6zel \u015farj \u00fcniteleriyle sadece yar\u0131m saat gibi \u00e7ok k\u0131sa bir s\u00fcrede ak\u00fcleri %100 doldurulabiliyor. \u015eehir i\u00e7i ta\u015f\u0131mac\u0131l\u0131\u011f\u0131nda 0 karbon emisyon \u00e7\u00f6z\u00fcm\u00fc sunacak olan T\u00fcrkiye\u2019nin ilk yerli elektrikli kamyonunun d\u00fcnya pr\u00f6miyeri IAA Hannover 2018 fuar\u0131nda ger\u00e7ekle\u015ftirilecek.<\/p>","protected":false},"excerpt":{"rendered":"<p>Sorry, this entry is only available in Turkish. For the sake of viewer convenience, the content is shown below in the alternative language. You may click the link to switch the active language.Anadolu Isuzu, t\u00fcm d\u00fcnyan\u0131n yak\u0131ndan takip etti\u011fi IAA Hannover 2018 Ticari Ara\u00e7 Fuar\u0131\u2019nda 5 yeni arac\u0131n\u0131n ilk g\u00f6sterimini yapmaya haz\u0131rlan\u0131yor. 11. Hall ve [&hellip;]<\/p>\n","protected":false},"author":1,"featured_media":78732,"comment_status":"open","ping_status":"open","sticky":false,"template":"","format":"standard","meta":[],"categories":[51,53,157],"tags":[39283,34979,19638,26353,31648,67,1009,39284],"views":1406,"_links":{"self":[{"href":"https:\/\/www.enerjigazetesi.ist\/en\/wp-json\/wp\/v2\/posts\/78731"}],"collection":[{"href":"https:\/\/www.enerjigazetesi.ist\/en\/wp-json\/wp\/v2\/posts"}],"about":[{"href":"https:\/\/www.enerjigazetesi.ist\/en\/wp-json\/wp\/v2\/types\/post"}],"author":[{"embeddable":true,"href":"https:\/\/www.enerjigazetesi.ist\/en\/wp-json\/wp\/v2\/users\/1"}],"replies":[{"embeddable":true,"href":"https:\/\/www.enerjigazetesi.ist\/en\/wp-json\/wp\/v2\/comments?post=78731"}],"version-history":[{"count":1,"href":"https:\/\/www.enerjigazetesi.ist\/en\/wp-json\/wp\/v2\/posts\/78731\/revisions"}],"predecessor-version":[{"id":78733,"href":"https:\/\/www.enerjigazetesi.ist\/en\/wp-json\/wp\/v2\/posts\/78731\/revisions\/78733"}],"wp:featuredmedia":[{"embeddable":true,"href":"https:\/\/www.enerjigazetesi.ist\/en\/wp-json\/wp\/v2\/media\/78732"}],"wp:attachment":[{"href":"https:\/\/www.enerjigazetesi.ist\/en\/wp-json\/wp\/v2\/media?parent=78731"}],"wp:term":[{"taxonomy":"category","embeddable":true,"href":"https:\/\/www.enerjigazetesi.ist\/en\/wp-json\/wp\/v2\/categories?post=78731"},{"taxonomy":"post_tag","embeddable":true,"href":"https:\/\/www.enerjigazetesi.ist\/en\/wp-json\/wp\/v2\/tags?post=78731"}],"curies":[{"name":"wp","href":"https:\/\/api.w.org\/{rel}","templated":true}]}}