{"id":78601,"date":"2018-09-12T15:49:02","date_gmt":"2018-09-12T12:49:02","guid":{"rendered":"https:\/\/www.enerjigazetesi.ist\/?p=78601"},"modified":"2018-09-12T15:51:19","modified_gmt":"2018-09-12T12:51:19","slug":"sahra-colunde-enerji-ruzgari","status":"publish","type":"post","link":"https:\/\/www.enerjigazetesi.ist\/en\/sahra-colunde-enerji-ruzgari\/","title":{"rendered":"(Turkish) Sahra \u00c7\u00f6l\u00fc\u2019nde Enerji R\u00fczgar\u0131"},"content":{"rendered":"<p class=\"qtranxs-available-languages-message qtranxs-available-languages-message-en\">Sorry, this entry is only available in <a href=\"https:\/\/www.enerjigazetesi.ist\/tr\/wp-json\/wp\/v2\/posts\/78601\" class=\"qtranxs-available-language-link qtranxs-available-language-link-tr\" title=\"Turkish\">Turkish<\/a>. For the sake of viewer convenience, the content is shown below in the alternative language. You may click the link to switch the active language.<\/p><p><strong>Science dergisinde yap\u0131lan ara\u015ft\u0131rma \u00e7evreye duyarl\u0131 herkes i\u00e7in b\u00fcy\u00fck bir heyecan olu\u015fturdu. Ara\u015ft\u0131rmac\u0131lar, Sahra \u00c7\u00f6l\u00fc&#8217;nde devasa r\u00fczgar ve g\u00fcne\u015f tarlalar\u0131n\u0131n kurulmas\u0131yla k\u00fcresel \u0131s\u0131nmn\u0131n yava\u015flayaca\u011f\u0131n\u0131 ve kuru Afrika b\u00f6lgesine ya\u011fmur ya\u011fmas\u0131na k\u00fc\u00e7\u00fckte olsa faydal\u0131 bir destek sa\u011flayabilece\u011fini dile getirdiler.<\/strong><\/p>\n<p>\u00d6ncelikle d\u00fcnyan\u0131n en b\u00fcy\u00fck \u00e7\u00f6l\u00fc konumunda yer alan Sahra \u00c7\u00f6l\u00fc\u2019n\u00fcn %20 sinin g\u00fcne\u015f panelleriyle kaplanmas\u0131 ve 3 milyon r\u00fczgar t\u00fcrbinin kurulmas\u0131 modellendirilirken yay\u0131mlanan raporda bu<\/p>\n<div id=\"attachment_78602\" style=\"width: 310px\" class=\"wp-caption alignleft\"><img aria-describedby=\"caption-attachment-78602\" loading=\"lazy\" class=\"wp-image-78602 size-medium\" src=\"https:\/\/www.enerjigazetesi.ist\/wp-content\/uploads\/2018\/09\/sahra-colunde-enerji-ruzgari-300x196.jpg\" alt=\"\" width=\"300\" height=\"196\" srcset=\"https:\/\/www.enerjigazetesi.ist\/wp-content\/uploads\/2018\/09\/sahra-colunde-enerji-ruzgari-300x196.jpg 300w, https:\/\/www.enerjigazetesi.ist\/wp-content\/uploads\/2018\/09\/sahra-colunde-enerji-ruzgari-76x50.jpg 76w, https:\/\/www.enerjigazetesi.ist\/wp-content\/uploads\/2018\/09\/sahra-colunde-enerji-ruzgari.jpg 428w\" sizes=\"(max-width: 300px) 100vw, 300px\" \/><p id=\"caption-attachment-78602\" class=\"wp-caption-text\">sahra-colunde-enerji-ruzgari<\/p><\/div>\n<p>b\u00fcy\u00fckl\u00fckteki g\u00fcc\u00fcn ve yerin neredeyse d\u00fcnyaya yetecek bir g\u00fc\u00e7 oldu\u011fu a\u00e7\u0131kland\u0131. Bu modelle r\u00fczgar ve g\u00fcne\u015f enerjisi \u00e7iftli\u011finin etkisiyle t\u00fcm Sahra genelinde ortalama ya\u011fmurun g\u00fcnde 0.24 milimetreden g\u00fcnde 0.59 mm&#8217;ye y\u00fckseldi\u011fi belirtildi. Bu ara\u015ft\u0131rman\u0131n en \u00f6nemli k\u0131sm\u0131 olan r\u00fczgar ve g\u00fcne\u015f enerjisi tesislerinden kaynaklanan Afrika \u00e7\u00f6l iklimindeki herhangi bir de\u011fi\u015fikli\u011fin pozitif etkisinin olaca\u011f\u0131n\u0131n ke\u015ffedilmesi oldu. Ayr\u0131ca ya\u011fmurun artmas\u0131yla bitkilerin art\u0131\u015f g\u00f6stermesi de di\u011fer bir olumlu etki olacakt\u0131r.<\/p>\n<p>Ya\u011fmur ve bitki \u00f6rt\u00fcs\u00fcndeki art\u0131\u015f, g\u00fcne\u015f ve r\u00fczgar enerjisinin sonucu olarak temiz elektrik ile birle\u015fti\u011finde, Sahra \u00c7\u00f6l\u00fc\u2019nde tar\u0131m, ekonomik kalk\u0131nma ve sosyal refahta \u00e7ok b\u00fcy\u00fck bir art\u0131\u015f olacakt\u0131r.<\/p>","protected":false},"excerpt":{"rendered":"<p>Sorry, this entry is only available in Turkish. For the sake of viewer convenience, the content is shown below in the alternative language. You may click the link to switch the active language.Science dergisinde yap\u0131lan ara\u015ft\u0131rma \u00e7evreye duyarl\u0131 herkes i\u00e7in b\u00fcy\u00fck bir heyecan olu\u015fturdu. Ara\u015ft\u0131rmac\u0131lar, Sahra \u00c7\u00f6l\u00fc&#8217;nde devasa r\u00fczgar ve g\u00fcne\u015f tarlalar\u0131n\u0131n kurulmas\u0131yla k\u00fcresel \u0131s\u0131nmn\u0131n [&hellip;]<\/p>\n","protected":false},"author":1,"featured_media":78602,"comment_status":"open","ping_status":"open","sticky":false,"template":"","format":"standard","meta":[],"categories":[53,49,50],"tags":[67,1009,23416,23133,142,23131,35002,24949,23318,34960,324,39224,39225],"views":1216,"_links":{"self":[{"href":"https:\/\/www.enerjigazetesi.ist\/en\/wp-json\/wp\/v2\/posts\/78601"}],"collection":[{"href":"https:\/\/www.enerjigazetesi.ist\/en\/wp-json\/wp\/v2\/posts"}],"about":[{"href":"https:\/\/www.enerjigazetesi.ist\/en\/wp-json\/wp\/v2\/types\/post"}],"author":[{"embeddable":true,"href":"https:\/\/www.enerjigazetesi.ist\/en\/wp-json\/wp\/v2\/users\/1"}],"replies":[{"embeddable":true,"href":"https:\/\/www.enerjigazetesi.ist\/en\/wp-json\/wp\/v2\/comments?post=78601"}],"version-history":[{"count":1,"href":"https:\/\/www.enerjigazetesi.ist\/en\/wp-json\/wp\/v2\/posts\/78601\/revisions"}],"predecessor-version":[{"id":78603,"href":"https:\/\/www.enerjigazetesi.ist\/en\/wp-json\/wp\/v2\/posts\/78601\/revisions\/78603"}],"wp:featuredmedia":[{"embeddable":true,"href":"https:\/\/www.enerjigazetesi.ist\/en\/wp-json\/wp\/v2\/media\/78602"}],"wp:attachment":[{"href":"https:\/\/www.enerjigazetesi.ist\/en\/wp-json\/wp\/v2\/media?parent=78601"}],"wp:term":[{"taxonomy":"category","embeddable":true,"href":"https:\/\/www.enerjigazetesi.ist\/en\/wp-json\/wp\/v2\/categories?post=78601"},{"taxonomy":"post_tag","embeddable":true,"href":"https:\/\/www.enerjigazetesi.ist\/en\/wp-json\/wp\/v2\/tags?post=78601"}],"curies":[{"name":"wp","href":"https:\/\/api.w.org\/{rel}","templated":true}]}}