{"id":78581,"date":"2018-09-12T12:17:33","date_gmt":"2018-09-12T09:17:33","guid":{"rendered":"https:\/\/www.enerjigazetesi.ist\/?p=78581"},"modified":"2018-09-12T12:18:01","modified_gmt":"2018-09-12T09:18:01","slug":"malatya-buyuksehir-belediyesinin-ges-i-uretime-gecti","status":"publish","type":"post","link":"https:\/\/www.enerjigazetesi.ist\/en\/malatya-buyuksehir-belediyesinin-ges-i-uretime-gecti\/","title":{"rendered":"(Turkish) Malatya B\u00fcy\u00fck\u015fehir Belediyesi&#8217;nin GES&#8217;i \u00dcretime Ge\u00e7ti&#8230;"},"content":{"rendered":"<p class=\"qtranxs-available-languages-message qtranxs-available-languages-message-en\">Sorry, this entry is only available in <a href=\"https:\/\/www.enerjigazetesi.ist\/tr\/wp-json\/wp\/v2\/posts\/78581\" class=\"qtranxs-available-language-link qtranxs-available-language-link-tr\" title=\"Turkish\">Turkish<\/a>. For the sake of viewer convenience, the content is shown below in the alternative language. You may click the link to switch the active language.<\/p><p><strong>Malatya\u2019da B\u00fcy\u00fck\u015fehir Belediyesi taraf\u0131ndan 60 bin metrekarelik alan \u00fczerine kurulan GES Santrali enerji \u00fcretimine ge\u00e7ti. Y\u0131lda 3 mw enerji \u00fcretimi ger\u00e7ekle\u015ftirecek GES Santrali yakla\u015f\u0131k olarak 5000 konutun ayd\u0131nlatma ihtiyac\u0131n\u0131 kar\u015f\u0131layacakt\u0131r. Santral ile B\u00fcy\u00fck\u015fehir Belediyesinin kasas\u0131na y\u0131ll\u0131k 3 milyon TL girmi\u015fte olacakt\u0131r.<\/strong><\/p>\n<p>Malatya belediyesi Ba\u015fkan\u0131 Sn. Polat, yapt\u0131\u011f\u0131 a\u00e7\u0131klamada, &#8220;Malatya&#8221;y\u0131 enerji \u00fcss\u00fc haline d\u00f6n\u00fc\u015ft\u00fcr\u00fcyoruz. Kurdu\u011fumuz ve kuraca\u011f\u0131m\u0131z enerji tesisleri B\u00fcy\u00fck\u015fehir Belediyemize \u00f6nemli miktarda <img loading=\"lazy\" class=\"alignleft size-medium wp-image-78582\" src=\"https:\/\/www.enerjigazetesi.ist\/wp-content\/uploads\/2018\/09\/malatyada-buyuksehir-belediyesi-60-bin-metrekarelik-alan-uzerine-kurdugu-ges-300x169.jpeg\" alt=\"\" width=\"300\" height=\"169\" srcset=\"https:\/\/www.enerjigazetesi.ist\/wp-content\/uploads\/2018\/09\/malatyada-buyuksehir-belediyesi-60-bin-metrekarelik-alan-uzerine-kurdugu-ges-300x169.jpeg 300w, https:\/\/www.enerjigazetesi.ist\/wp-content\/uploads\/2018\/09\/malatyada-buyuksehir-belediyesi-60-bin-metrekarelik-alan-uzerine-kurdugu-ges-500x282.jpeg 500w, https:\/\/www.enerjigazetesi.ist\/wp-content\/uploads\/2018\/09\/malatyada-buyuksehir-belediyesi-60-bin-metrekarelik-alan-uzerine-kurdugu-ges-80x45.jpeg 80w, https:\/\/www.enerjigazetesi.ist\/wp-content\/uploads\/2018\/09\/malatyada-buyuksehir-belediyesi-60-bin-metrekarelik-alan-uzerine-kurdugu-ges.jpeg 730w\" sizes=\"(max-width: 300px) 100vw, 300px\" \/>gelir kazand\u0131racakt\u0131r. Enerji a\u00e7\u0131s\u0131ndan d\u0131\u015fa ba\u011f\u0131ml\u0131l\u0131\u011f\u0131 azalt\u0131p GES Enerji Santralimiz ile do\u011fu dostu, \u00fcretilen enerjinin tamam\u0131 g\u00fcne\u015ften sa\u011flam\u0131\u015f olaca\u011f\u0131z. Tesisimiz y\u0131ll\u0131k 3 mw enerji \u00fcretimi ger\u00e7ekle\u015ftirmektedir ve 5000 hanenin ayd\u0131nlatma ihtiyac\u0131n\u0131 kar\u015f\u0131layacakt\u0131r.&#8221; dedi.<\/p>\n<p>Polat ayr\u0131ca, &#8220;Eski \u00e7\u00f6p sahas\u0131nda \u00e7\u00f6pten elektrik \u00fcretimi ger\u00e7ekle\u015ftiriyorduk. Entegre \u00c7evre Projemiz bitti\u011finde 12,4 mw elektri\u011fin \u00fcretimini oradan ger\u00e7ekle\u015ftirece\u011fiz. Ayr\u0131ca 1 mw enerji \u00fcretimi yapacak bir ba\u015fka GES projemiz de mevcuttur. Temeli at\u0131lan Kuyu\u00f6n\u00fc HES projemiz ise 2,2 mw kurulu g\u00fc\u00e7te olacakt\u0131r. Santraller tamamland\u0131\u011f\u0131nda toplamda 18,6 mw g\u00fcc\u00fcnde enerji \u00fcretim merkezi haline gelece\u011fiz. Durmay\u0131p \u00e7al\u0131\u015faca\u011f\u0131z, ko\u015faca\u011f\u0131z, ko\u015fturaca\u011f\u0131z. Do\u011fa ve \u00e7evre dostu enerji teknolojilerini yak\u0131ndan takip ederek d\u0131\u015fa ba\u011f\u0131ml\u0131l\u0131\u011f\u0131 azalt\u0131p, kendi enerjimizi kendimiz \u00fcretece\u011fiz&#8221; ifadelerini de kulland\u0131.<\/p>\n<p>Cansu K\u00d6STEL \u2013 Enerji Sistemleri M\u00fchendisi \u2013\u00a0<a href=\"mailto:cansu.kostel@gmail.com\" target=\"_blank\" rel=\"noopener\">cansu.kostel@gmail.com<\/a><\/p>","protected":false},"excerpt":{"rendered":"<p>Sorry, this entry is only available in Turkish. For the sake of viewer convenience, the content is shown below in the alternative language. You may click the link to switch the active language.Malatya\u2019da B\u00fcy\u00fck\u015fehir Belediyesi taraf\u0131ndan 60 bin metrekarelik alan \u00fczerine kurulan GES Santrali enerji \u00fcretimine ge\u00e7ti. Y\u0131lda 3 mw enerji \u00fcretimi ger\u00e7ekle\u015ftirecek GES Santrali [&hellip;]<\/p>\n","protected":false},"author":1,"featured_media":78582,"comment_status":"open","ping_status":"open","sticky":false,"template":"","format":"standard","meta":[],"categories":[51,53,49],"tags":[67,1009,2326,35038,23416,2569,35039,23133,23131],"views":1132,"_links":{"self":[{"href":"https:\/\/www.enerjigazetesi.ist\/en\/wp-json\/wp\/v2\/posts\/78581"}],"collection":[{"href":"https:\/\/www.enerjigazetesi.ist\/en\/wp-json\/wp\/v2\/posts"}],"about":[{"href":"https:\/\/www.enerjigazetesi.ist\/en\/wp-json\/wp\/v2\/types\/post"}],"author":[{"embeddable":true,"href":"https:\/\/www.enerjigazetesi.ist\/en\/wp-json\/wp\/v2\/users\/1"}],"replies":[{"embeddable":true,"href":"https:\/\/www.enerjigazetesi.ist\/en\/wp-json\/wp\/v2\/comments?post=78581"}],"version-history":[{"count":2,"href":"https:\/\/www.enerjigazetesi.ist\/en\/wp-json\/wp\/v2\/posts\/78581\/revisions"}],"predecessor-version":[{"id":78584,"href":"https:\/\/www.enerjigazetesi.ist\/en\/wp-json\/wp\/v2\/posts\/78581\/revisions\/78584"}],"wp:featuredmedia":[{"embeddable":true,"href":"https:\/\/www.enerjigazetesi.ist\/en\/wp-json\/wp\/v2\/media\/78582"}],"wp:attachment":[{"href":"https:\/\/www.enerjigazetesi.ist\/en\/wp-json\/wp\/v2\/media?parent=78581"}],"wp:term":[{"taxonomy":"category","embeddable":true,"href":"https:\/\/www.enerjigazetesi.ist\/en\/wp-json\/wp\/v2\/categories?post=78581"},{"taxonomy":"post_tag","embeddable":true,"href":"https:\/\/www.enerjigazetesi.ist\/en\/wp-json\/wp\/v2\/tags?post=78581"}],"curies":[{"name":"wp","href":"https:\/\/api.w.org\/{rel}","templated":true}]}}