{"id":78526,"date":"2018-09-11T10:19:07","date_gmt":"2018-09-11T07:19:07","guid":{"rendered":"https:\/\/www.enerjigazetesi.ist\/?p=78526"},"modified":"2018-09-11T10:19:07","modified_gmt":"2018-09-11T07:19:07","slug":"copten-enerji-madeni-cikti","status":"publish","type":"post","link":"https:\/\/www.enerjigazetesi.ist\/en\/copten-enerji-madeni-cikti\/","title":{"rendered":"(Turkish) \u00c7\u00f6pten Enerji Madeni \u00c7\u0131kt\u0131!"},"content":{"rendered":"<p class=\"qtranxs-available-languages-message qtranxs-available-languages-message-en\">Sorry, this entry is only available in <a href=\"https:\/\/www.enerjigazetesi.ist\/tr\/wp-json\/wp\/v2\/posts\/78526\" class=\"qtranxs-available-language-link qtranxs-available-language-link-tr\" title=\"Turkish\">Turkish<\/a>. For the sake of viewer convenience, the content is shown below in the alternative language. You may click the link to switch the active language.<\/p><p><strong>D\u00fcnya \u00fczerinde her an evsel at\u0131k say\u0131s\u0131 artar. Asl\u0131nda bu ilk anda k\u00f6t\u00fc bir\u015fey gibi g\u00f6r\u00fcnebilir. Ancak bu evsel at\u0131klar\u0131n enerji \u00fcretme i\u015fine yarad\u0131\u011f\u0131n\u0131 duydu\u011funuzda aksine iyi bir\u015fey oldu\u011funu anlayacaks\u0131n\u0131z&#8230;<\/strong><\/p>\n<p>Yery\u00fcz\u00fcnde insano\u011flu varl\u0131\u011f\u0131n\u0131 s\u00fcrd\u00fcrd\u00fc\u011f\u00fc m\u00fcddet\u00e7e her zaman evsel at\u0131klar da varl\u0131\u011f\u0131n\u0131 s\u00fcrd\u00fcrecektir.\u00a0 <img loading=\"lazy\" class=\"alignright size-medium wp-image-78527\" src=\"https:\/\/www.enerjigazetesi.ist\/wp-content\/uploads\/2018\/09\/copten-enerji-madeni-cikti-300x154.jpg\" alt=\"\" width=\"300\" height=\"154\" srcset=\"https:\/\/www.enerjigazetesi.ist\/wp-content\/uploads\/2018\/09\/copten-enerji-madeni-cikti-300x154.jpg 300w, https:\/\/www.enerjigazetesi.ist\/wp-content\/uploads\/2018\/09\/copten-enerji-madeni-cikti-500x257.jpg 500w, https:\/\/www.enerjigazetesi.ist\/wp-content\/uploads\/2018\/09\/copten-enerji-madeni-cikti-80x41.jpg 80w, https:\/\/www.enerjigazetesi.ist\/wp-content\/uploads\/2018\/09\/copten-enerji-madeni-cikti.jpg 682w\" sizes=\"(max-width: 300px) 100vw, 300px\" \/>Bu da bize bir nevi, be\u015feri yenilenebilir enerji kayna\u011f\u0131 imkan\u0131 sa\u011flayacakt\u0131r.<\/p>\n<p><strong>Peki bu evsel at\u0131klarla nas\u0131l m\u0131 enerji \u00fcretilir?<\/strong><\/p>\n<p>\u00c7\u00f6plerin \u00e7\u00fcr\u00fcmesi esnas\u0131nda \u00e7\u00f6p gaz\u0131 dedi\u011fimiz gaz meydana gelir. \u00c7\u00f6p gaz\u0131 y\u00fcksek oranda Metan (CH4) i\u00e7erir. \u00c7evre kirlili\u011fine yol a\u00e7an metan gaz\u0131n\u0131n havaya kar\u0131\u015fmas\u0131 elektrik \u00fcretimi ile engellenmektedir.<\/p>\n<p>Depolanan \u00e7\u00f6plerin i\u00e7ine belirli aral\u0131klarla delikli borular yatay veya dikey olarak d\u00f6\u015fenmektedir. Vakum pompas\u0131 ile metan bu borulardan \u00e7ekilir ve gaz motorlar\u0131 ile yak\u0131larak elektrik elde edilir<\/p>\n<p>Bu yol ile hem \u00e7evredeki \u00e7\u00f6plerden kurtulmu\u015f oluruz hem de enerji \u00fcretimi sa\u011flam\u0131\u015f oluruz.<\/p>\n<p>\u00d6yle ki Malatya&#8217;da b\u00f6yle bir tesis bulunmaktad\u0131r. Burada da termik y\u00f6ntemle at\u0131klar yak\u0131l\u0131r. Bu tesisin enerji \u00fcretimi 40 bin konutun enerji ihtiyac\u0131n\u0131 kar\u015f\u0131layacak d\u00fczeydedir.<\/p>\n<p>Ayn\u0131 \u015fekilde \u00fclkemizde baz\u0131 belediyelerde \u00e7\u00f6pten enerji \u00fcretimi yap\u0131lmaktad\u0131r.<\/p>\n<p>\u00c7\u00f6plerimizi hem \u00e7evre temizli\u011fi i\u00e7in hemde enerji ihtiyac\u0131na destek olmas\u0131 \u00fclkemizin her yerinde kuraca\u011f\u0131m\u0131z tesislerde de\u011ferlendirmeliyiz&#8230;<\/p>\n<p>Emre DURMU\u015e \u2013\u00a0Enerji Sistemleri M\u00fchendisi \u2013<strong>\u00a0<\/strong><a href=\"mailto:cvgt347@gmail.com\" target=\"_blank\" rel=\"noopener\">cvgt347@gmail.com<\/a><\/p>","protected":false},"excerpt":{"rendered":"<p>Sorry, this entry is only available in Turkish. For the sake of viewer convenience, the content is shown below in the alternative language. You may click the link to switch the active language.D\u00fcnya \u00fczerinde her an evsel at\u0131k say\u0131s\u0131 artar. Asl\u0131nda bu ilk anda k\u00f6t\u00fc bir\u015fey gibi g\u00f6r\u00fcnebilir. Ancak bu evsel at\u0131klar\u0131n enerji \u00fcretme i\u015fine [&hellip;]<\/p>\n","protected":false},"author":1,"featured_media":78527,"comment_status":"open","ping_status":"open","sticky":false,"template":"","format":"standard","meta":[],"categories":[51,53],"tags":[2860,34979,19638,26353,19,67,1009,3489],"views":1333,"_links":{"self":[{"href":"https:\/\/www.enerjigazetesi.ist\/en\/wp-json\/wp\/v2\/posts\/78526"}],"collection":[{"href":"https:\/\/www.enerjigazetesi.ist\/en\/wp-json\/wp\/v2\/posts"}],"about":[{"href":"https:\/\/www.enerjigazetesi.ist\/en\/wp-json\/wp\/v2\/types\/post"}],"author":[{"embeddable":true,"href":"https:\/\/www.enerjigazetesi.ist\/en\/wp-json\/wp\/v2\/users\/1"}],"replies":[{"embeddable":true,"href":"https:\/\/www.enerjigazetesi.ist\/en\/wp-json\/wp\/v2\/comments?post=78526"}],"version-history":[{"count":1,"href":"https:\/\/www.enerjigazetesi.ist\/en\/wp-json\/wp\/v2\/posts\/78526\/revisions"}],"predecessor-version":[{"id":78528,"href":"https:\/\/www.enerjigazetesi.ist\/en\/wp-json\/wp\/v2\/posts\/78526\/revisions\/78528"}],"wp:featuredmedia":[{"embeddable":true,"href":"https:\/\/www.enerjigazetesi.ist\/en\/wp-json\/wp\/v2\/media\/78527"}],"wp:attachment":[{"href":"https:\/\/www.enerjigazetesi.ist\/en\/wp-json\/wp\/v2\/media?parent=78526"}],"wp:term":[{"taxonomy":"category","embeddable":true,"href":"https:\/\/www.enerjigazetesi.ist\/en\/wp-json\/wp\/v2\/categories?post=78526"},{"taxonomy":"post_tag","embeddable":true,"href":"https:\/\/www.enerjigazetesi.ist\/en\/wp-json\/wp\/v2\/tags?post=78526"}],"curies":[{"name":"wp","href":"https:\/\/api.w.org\/{rel}","templated":true}]}}