{"id":78458,"date":"2018-09-09T20:02:02","date_gmt":"2018-09-09T17:02:02","guid":{"rendered":"https:\/\/www.enerjigazetesi.ist\/?p=78458"},"modified":"2018-09-09T20:02:02","modified_gmt":"2018-09-09T17:02:02","slug":"ozbekistan-ve-rusyadan-ozbekistanda-nukleer-santral-anlasmasi","status":"publish","type":"post","link":"https:\/\/www.enerjigazetesi.ist\/en\/ozbekistan-ve-rusyadan-ozbekistanda-nukleer-santral-anlasmasi\/","title":{"rendered":"(Turkish) \u00d6zbekistan ve Rusya&#8217;dan \u00d6zbekistan\u2019da N\u00fckleer Santral Anla\u015fmas\u0131"},"content":{"rendered":"<p class=\"qtranxs-available-languages-message qtranxs-available-languages-message-en\">Sorry, this entry is only available in <a href=\"https:\/\/www.enerjigazetesi.ist\/tr\/wp-json\/wp\/v2\/posts\/78458\" class=\"qtranxs-available-language-link qtranxs-available-language-link-tr\" title=\"Turkish\">Turkish<\/a>. For the sake of viewer convenience, the content is shown below in the alternative language. You may click the link to switch the active language.<\/p><p><strong>\u00d6zbekistan ve Rusya taraf\u0131ndan \u00d6zbekistan\u2019da bir n\u00fckleer santral tesisi kurulmas\u0131na y\u00f6nelik anla\u015fma imzaland\u0131.<img loading=\"lazy\" class=\"alignright size-medium wp-image-78459\" src=\"https:\/\/www.enerjigazetesi.ist\/wp-content\/uploads\/2018\/09\/ozbekistan-ve-rusyadan-ozbekistanda-nukleer-santral-anlasmasi-300x188.jpg\" alt=\"\" width=\"300\" height=\"188\" srcset=\"https:\/\/www.enerjigazetesi.ist\/wp-content\/uploads\/2018\/09\/ozbekistan-ve-rusyadan-ozbekistanda-nukleer-santral-anlasmasi-300x188.jpg 300w, https:\/\/www.enerjigazetesi.ist\/wp-content\/uploads\/2018\/09\/ozbekistan-ve-rusyadan-ozbekistanda-nukleer-santral-anlasmasi-500x314.jpg 500w, https:\/\/www.enerjigazetesi.ist\/wp-content\/uploads\/2018\/09\/ozbekistan-ve-rusyadan-ozbekistanda-nukleer-santral-anlasmasi-80x50.jpg 80w, https:\/\/www.enerjigazetesi.ist\/wp-content\/uploads\/2018\/09\/ozbekistan-ve-rusyadan-ozbekistanda-nukleer-santral-anlasmasi.jpg 590w\" sizes=\"(max-width: 300px) 100vw, 300px\" \/><\/strong><span id=\"more-101791\"><\/span><\/p>\n<p>\u00d6zbekistan ve Rusya, \u00d6zbekistan\u2019da n\u00fckleer santrali kurulmas\u0131 ile ilgili anla\u015fma imzalad\u0131. \u0130mza t\u00f6reni, resmi temaslara y\u00f6nelik Moskova\u2019da bulunan \u00d6zbekistan Ba\u015fbakan\u0131 Abdulla Aripov ve Rusya Ba\u015fbakan\u0131 Dmitriy Medvedev\u2019in g\u00f6r\u00fc\u015fmesinden sonra yap\u0131ld\u0131.<\/p>\n<p>\u00dclkenin Nevai vilayetinde yap\u0131lmas\u0131 \u00f6ng\u00f6r\u00fclm\u00fc\u015f olan ve iki bloktan meydana gelecek santralin her blo\u011fu 1200 mw kapasiteye sahip olup d\u00fcnyadaki en g\u00fcvenli ve modern bloklardan olu\u015facak n\u00fckleer santralin 2028 y\u0131l\u0131na kadar faaliyete ge\u00e7mesi planlanmaktad\u0131r.<\/p>","protected":false},"excerpt":{"rendered":"<p>Sorry, this entry is only available in Turkish. For the sake of viewer convenience, the content is shown below in the alternative language. You may click the link to switch the active language.\u00d6zbekistan ve Rusya taraf\u0131ndan \u00d6zbekistan\u2019da bir n\u00fckleer santral tesisi kurulmas\u0131na y\u00f6nelik anla\u015fma imzaland\u0131. \u00d6zbekistan ve Rusya, \u00d6zbekistan\u2019da n\u00fckleer santrali kurulmas\u0131 ile ilgili anla\u015fma [&hellip;]<\/p>\n","protected":false},"author":1,"featured_media":78459,"comment_status":"open","ping_status":"open","sticky":false,"template":"","format":"standard","meta":[],"categories":[53,43],"tags":[1768,67,1009,1133,21,23134,25480,88,34930,10997,39145,885],"views":1217,"_links":{"self":[{"href":"https:\/\/www.enerjigazetesi.ist\/en\/wp-json\/wp\/v2\/posts\/78458"}],"collection":[{"href":"https:\/\/www.enerjigazetesi.ist\/en\/wp-json\/wp\/v2\/posts"}],"about":[{"href":"https:\/\/www.enerjigazetesi.ist\/en\/wp-json\/wp\/v2\/types\/post"}],"author":[{"embeddable":true,"href":"https:\/\/www.enerjigazetesi.ist\/en\/wp-json\/wp\/v2\/users\/1"}],"replies":[{"embeddable":true,"href":"https:\/\/www.enerjigazetesi.ist\/en\/wp-json\/wp\/v2\/comments?post=78458"}],"version-history":[{"count":1,"href":"https:\/\/www.enerjigazetesi.ist\/en\/wp-json\/wp\/v2\/posts\/78458\/revisions"}],"predecessor-version":[{"id":78460,"href":"https:\/\/www.enerjigazetesi.ist\/en\/wp-json\/wp\/v2\/posts\/78458\/revisions\/78460"}],"wp:featuredmedia":[{"embeddable":true,"href":"https:\/\/www.enerjigazetesi.ist\/en\/wp-json\/wp\/v2\/media\/78459"}],"wp:attachment":[{"href":"https:\/\/www.enerjigazetesi.ist\/en\/wp-json\/wp\/v2\/media?parent=78458"}],"wp:term":[{"taxonomy":"category","embeddable":true,"href":"https:\/\/www.enerjigazetesi.ist\/en\/wp-json\/wp\/v2\/categories?post=78458"},{"taxonomy":"post_tag","embeddable":true,"href":"https:\/\/www.enerjigazetesi.ist\/en\/wp-json\/wp\/v2\/tags?post=78458"}],"curies":[{"name":"wp","href":"https:\/\/api.w.org\/{rel}","templated":true}]}}