{"id":78420,"date":"2018-09-07T17:16:38","date_gmt":"2018-09-07T14:16:38","guid":{"rendered":"https:\/\/www.enerjigazetesi.ist\/?p=78420"},"modified":"2018-09-07T17:16:38","modified_gmt":"2018-09-07T14:16:38","slug":"yeni-trend-yenilenebilir-enerjiyle-calisan-arabalar-niye-olmasin","status":"publish","type":"post","link":"https:\/\/www.enerjigazetesi.ist\/en\/yeni-trend-yenilenebilir-enerjiyle-calisan-arabalar-niye-olmasin\/","title":{"rendered":"(Turkish) Yeni Trend Yenilenebilir Enerjiyle \u00c7al\u0131\u015fan Arabalar Niye Olmas\u0131n?"},"content":{"rendered":"<p class=\"qtranxs-available-languages-message qtranxs-available-languages-message-en\">Sorry, this entry is only available in <a href=\"https:\/\/www.enerjigazetesi.ist\/tr\/wp-json\/wp\/v2\/posts\/78420\" class=\"qtranxs-available-language-link qtranxs-available-language-link-tr\" title=\"Turkish\">Turkish<\/a>. For the sake of viewer convenience, the content is shown below in the alternative language. You may click the link to switch the active language.<\/p><p><strong>\u0130nsanlar i\u00e7in yery\u00fcz\u00fcnde en cazip seyahat ara\u00e7lar\u0131 arabalard\u0131r. Bildi\u011fimiz \u00fczere arabalar\u0131 hareket ettirebilmek i\u00e7in petrol\u00fcn i\u015flenmesiyle elde edilen yak\u0131tlar kullan\u0131l\u0131r. Ancak g\u00fcn\u00fcm\u00fczde petrol hem h\u0131zla t\u00fckenmesi a\u00e7\u0131s\u0131ndan, hem de \u00e7evreye verdi\u011fi zarar a\u00e7\u0131s\u0131ndan, insano\u011flunu d\u00fc\u015f\u00fcnd\u00fcrmeye ba\u015flam\u0131\u015f ve bunun sonucunda elektrikle \u00e7al\u0131\u015fan arabalar \u00fcretilmeye ba\u015flanm\u0131\u015ft\u0131r.<\/strong><\/p>\n<p><img loading=\"lazy\" class=\"alignleft size-medium wp-image-78421\" src=\"https:\/\/www.enerjigazetesi.ist\/wp-content\/uploads\/2018\/09\/yeni-trend-yenilenebilir-enerjiyle-calisan-arabalar-niye-olmasin-300x138.jpg\" alt=\"\" width=\"300\" height=\"138\" srcset=\"https:\/\/www.enerjigazetesi.ist\/wp-content\/uploads\/2018\/09\/yeni-trend-yenilenebilir-enerjiyle-calisan-arabalar-niye-olmasin-300x138.jpg 300w, https:\/\/www.enerjigazetesi.ist\/wp-content\/uploads\/2018\/09\/yeni-trend-yenilenebilir-enerjiyle-calisan-arabalar-niye-olmasin-500x229.jpg 500w, https:\/\/www.enerjigazetesi.ist\/wp-content\/uploads\/2018\/09\/yeni-trend-yenilenebilir-enerjiyle-calisan-arabalar-niye-olmasin-80x37.jpg 80w, https:\/\/www.enerjigazetesi.ist\/wp-content\/uploads\/2018\/09\/yeni-trend-yenilenebilir-enerjiyle-calisan-arabalar-niye-olmasin.jpg 696w\" sizes=\"(max-width: 300px) 100vw, 300px\" \/>\u00d6zellikle yabanc\u0131 pazardaki Tesla \u015firketi \u00fcretti\u011fi elektrikli ara\u00e7larla, piyasada b\u00fcy\u00fck takdir toplam\u0131\u015ft\u0131r. \u00dclkemizde de son y\u0131llarda \u00fczerinde \u00e7al\u0131\u015f\u0131lan yerli arac\u0131m\u0131z\u0131n da elektrikli olaca\u011f\u0131 a\u00e7\u0131klanm\u0131\u015ft\u0131r.<\/p>\n<p>Buradan yola \u00e7\u0131kacak olursak gelecek 10 y\u0131l i\u00e7erisinde elektrikli ara\u00e7 pazar\u0131, \u00fclkemizde de varl\u0131\u011f\u0131n\u0131 sa\u011flayacakt\u0131r. Elektrikli ara\u00e7 piyasas\u0131n\u0131 daha da avantajl\u0131 hale getirmenin en g\u00fczel yolu&#8230;<\/p>\n<p><strong>&#8216;Yenilenebilir Enerji&#8217;&#8230;<\/strong><\/p>\n<p>Elektrikli ara\u00e7lar\u0131n \u015farj edilmesi i\u00e7in, tamamen \u00e7evreci bir yol olan &#8220;G\u00fcne\u015f Enerjili Elektrikli Ara\u00e7 \u015earj \u0130stasyonlar\u0131&#8221; kurulmaya ba\u015flanmal\u0131. B\u00f6ylece elektrikli ara\u00e7 piyasas\u0131na, hem temiz hem de maliyeti d\u00fc\u015f\u00fck bir nevi yak\u0131t sa\u011flanm\u0131\u015f olacakt\u0131r.<\/p>\n<p>Bu istasyonlarda \u00fcretilen enerjinin yenilenebilir enerji olmas\u0131 hem m\u00fc\u015fteriye hemde bu istasyonlar\u0131 i\u015fletenlere kar sa\u011flayacakt\u0131r.<\/p>\n<p>Elektrikli ara\u00e7 \u00fcretiyorsak ve elektrikli ara\u00e7 kullanmak istiyorsak \u00f6nce bu altyap\u0131y\u0131 sa\u011flamal\u0131y\u0131z. E\u011fer bunu ba\u015farabilirsek elektrikli ara\u00e7 piyasas\u0131, \u00fclkemizde daha g\u00f6zde hale gelecek ve h\u0131zla b\u00fcy\u00fcyecektir.<\/p>\n<p>Emre DURMU\u015e \u2013\u00a0Enerji Sistemleri M\u00fchendisi \u2013<strong>\u00a0<\/strong><a href=\"mailto:cvgt347@gmail.com\" target=\"_blank\" rel=\"noopener\">cvgt347@gmail.com<\/a><\/p>","protected":false},"excerpt":{"rendered":"<p>Sorry, this entry is only available in Turkish. For the sake of viewer convenience, the content is shown below in the alternative language. You may click the link to switch the active language.\u0130nsanlar i\u00e7in yery\u00fcz\u00fcnde en cazip seyahat ara\u00e7lar\u0131 arabalard\u0131r. Bildi\u011fimiz \u00fczere arabalar\u0131 hareket ettirebilmek i\u00e7in petrol\u00fcn i\u015flenmesiyle elde edilen yak\u0131tlar kullan\u0131l\u0131r. Ancak g\u00fcn\u00fcm\u00fczde petrol [&hellip;]<\/p>\n","protected":false},"author":1,"featured_media":78421,"comment_status":"open","ping_status":"open","sticky":false,"template":"","format":"standard","meta":[],"categories":[51,53,49],"tags":[215,1270,67,1009,39133,26829],"views":1067,"_links":{"self":[{"href":"https:\/\/www.enerjigazetesi.ist\/en\/wp-json\/wp\/v2\/posts\/78420"}],"collection":[{"href":"https:\/\/www.enerjigazetesi.ist\/en\/wp-json\/wp\/v2\/posts"}],"about":[{"href":"https:\/\/www.enerjigazetesi.ist\/en\/wp-json\/wp\/v2\/types\/post"}],"author":[{"embeddable":true,"href":"https:\/\/www.enerjigazetesi.ist\/en\/wp-json\/wp\/v2\/users\/1"}],"replies":[{"embeddable":true,"href":"https:\/\/www.enerjigazetesi.ist\/en\/wp-json\/wp\/v2\/comments?post=78420"}],"version-history":[{"count":1,"href":"https:\/\/www.enerjigazetesi.ist\/en\/wp-json\/wp\/v2\/posts\/78420\/revisions"}],"predecessor-version":[{"id":78422,"href":"https:\/\/www.enerjigazetesi.ist\/en\/wp-json\/wp\/v2\/posts\/78420\/revisions\/78422"}],"wp:featuredmedia":[{"embeddable":true,"href":"https:\/\/www.enerjigazetesi.ist\/en\/wp-json\/wp\/v2\/media\/78421"}],"wp:attachment":[{"href":"https:\/\/www.enerjigazetesi.ist\/en\/wp-json\/wp\/v2\/media?parent=78420"}],"wp:term":[{"taxonomy":"category","embeddable":true,"href":"https:\/\/www.enerjigazetesi.ist\/en\/wp-json\/wp\/v2\/categories?post=78420"},{"taxonomy":"post_tag","embeddable":true,"href":"https:\/\/www.enerjigazetesi.ist\/en\/wp-json\/wp\/v2\/tags?post=78420"}],"curies":[{"name":"wp","href":"https:\/\/api.w.org\/{rel}","templated":true}]}}