{"id":78394,"date":"2018-09-06T18:13:31","date_gmt":"2018-09-06T15:13:31","guid":{"rendered":"https:\/\/www.enerjigazetesi.ist\/?p=78394"},"modified":"2018-09-06T18:15:31","modified_gmt":"2018-09-06T15:15:31","slug":"ges-paket-policesiyle-uretim-kayiplari-artik-teminat-altinda","status":"publish","type":"post","link":"https:\/\/www.enerjigazetesi.ist\/en\/ges-paket-policesiyle-uretim-kayiplari-artik-teminat-altinda\/","title":{"rendered":"(Turkish) GES Paket Poli\u00e7esi\u2019yle \u00dcretim Kay\u0131plar\u0131 Art\u0131k Teminat Alt\u0131nda!"},"content":{"rendered":"<p class=\"qtranxs-available-languages-message qtranxs-available-languages-message-en\">Sorry, this entry is only available in <a href=\"https:\/\/www.enerjigazetesi.ist\/tr\/wp-json\/wp\/v2\/posts\/78394\" class=\"qtranxs-available-language-link qtranxs-available-language-link-tr\" title=\"Turkish\">Turkish<\/a>. For the sake of viewer convenience, the content is shown below in the alternative language. You may click the link to switch the active language.<\/p><p><strong>Anadolu Sigorta, yenilenebilir enerji sistemleri aras\u0131nda olduk\u00e7a \u00f6nemli bir yere sahip olan g\u00fcne\u015f enerji santrallerine (GES) \u00f6zel paket sigorta poli\u00e7esiyle teminat alt\u0131na ald\u0131\u011f\u0131 \u00fcretim kay\u0131plar\u0131n\u0131, art\u0131k maddi hasarlar\u0131n yan\u0131nda maddi hasara ba\u011fl\u0131 olmayan durumlarda da kar\u015f\u0131l\u0131yor. <\/strong><\/p>\n<p>Yenilenebilir enerji kaynaklar\u0131 aras\u0131nda olduk\u00e7a \u00f6nemli bir yere sahip olan g\u00fcne\u015f enerjisinin elektrik \u00fcretimindeki pay\u0131 g\u00fcn ge\u00e7tik\u00e7e art\u0131yor. T\u00fcrkiye\u2019de de bu alanda b\u00fcy\u00fck yat\u0131r\u0131mlar yap\u0131l\u0131yor. Uzun <img loading=\"lazy\" class=\"alignleft size-medium wp-image-78395\" src=\"https:\/\/www.enerjigazetesi.ist\/wp-content\/uploads\/2018\/09\/ges-paket-policesiyle-uretim-kayiplari-artik-teminat-altinda-300x300.jpg\" alt=\"\" width=\"300\" height=\"300\" srcset=\"https:\/\/www.enerjigazetesi.ist\/wp-content\/uploads\/2018\/09\/ges-paket-policesiyle-uretim-kayiplari-artik-teminat-altinda-300x300.jpg 300w, https:\/\/www.enerjigazetesi.ist\/wp-content\/uploads\/2018\/09\/ges-paket-policesiyle-uretim-kayiplari-artik-teminat-altinda-150x150.jpg 150w, https:\/\/www.enerjigazetesi.ist\/wp-content\/uploads\/2018\/09\/ges-paket-policesiyle-uretim-kayiplari-artik-teminat-altinda-400x400.jpg 400w, https:\/\/www.enerjigazetesi.ist\/wp-content\/uploads\/2018\/09\/ges-paket-policesiyle-uretim-kayiplari-artik-teminat-altinda-50x50.jpg 50w, https:\/\/www.enerjigazetesi.ist\/wp-content\/uploads\/2018\/09\/ges-paket-policesiyle-uretim-kayiplari-artik-teminat-altinda.jpg 488w\" sizes=\"(max-width: 300px) 100vw, 300px\" \/>y\u0131llard\u0131r enerji santrallerini t\u00fcm risklere kar\u015f\u0131 teminat alt\u0131na alarak, \u00f6zellikle yenilenebilir enerji alan\u0131ndaki kay\u0131plar\u0131 en aza indiren Anadolu Sigorta, 2016 y\u0131l\u0131nda G\u00fcne\u015f Enerji Santralleri Paket Poli\u00e7esi\u2019ni hayata ge\u00e7irmi\u015fti. Bu poli\u00e7eyle fotovoltaik paneller ile elektrik \u00fcretimi yapan g\u00fcne\u015f enerji santrallerini maddi hasarlara ve bunlar\u0131n sonucu olu\u015facak \u00fcretim kay\u0131plar\u0131na kar\u015f\u0131 teminat alt\u0131na alan Anadolu Sigorta, art\u0131k maddi hasara ba\u011fl\u0131 olmayan \u00fcretim kay\u0131plar\u0131na kar\u015f\u0131 da teminat sa\u011fl\u0131yor.<\/p>\n<p>Bu kapsamda, PV mod\u00fcller, g\u00fc\u00e7 eviriciler (invert\u00f6r), trafolar, iletim ve da\u011f\u0131t\u0131m hatlar\u0131, veri izleme sistemleri (SCADA), kapal\u0131 devre izleme sistemleri ve di\u011fer elektronik cihazlar, idari binalar, g\u00f6zetleme, denetleme kul\u00fcbeleri\/yap\u0131lar\u0131 gibi sistemin i\u015fletilebilmesi i\u00e7in tesis m\u00fclkiyetinde mevcut olan t\u00fcm k\u0131ymetler sigortalanabiliyor. Yang\u0131n, do\u011fal afetler, k\u00f6t\u00fc niyetli hareketler, h\u0131rs\u0131zl\u0131k, makine k\u0131r\u0131lmas\u0131, elektronik cihaz teminatlar\u0131n\u0131n yan\u0131 s\u0131ra, operasyonel k\u00e2r kayb\u0131 da poli\u00e7e kapsam\u0131nda kar\u015f\u0131lan\u0131yor.<\/p>\n<p><strong>G\u00fcne\u015f Enerji Santralleri Paket Poli\u00e7esi\u2019yle maddi hasara ba\u011fl\u0131 olmayan \u00fcretim kayb\u0131 da art\u0131k teminat alt\u0131nda<\/strong><\/p>\n<p>G\u00fcn\u00fcm\u00fczde ye\u015fil enerjinin d\u00fcnyan\u0131n en temel ihtiya\u00e7lar\u0131ndan biri haline geldi\u011fine dikkat \u00e7eken <strong>Anadolu Sigorta Genel M\u00fcd\u00fcr Yard\u0131mc\u0131s\u0131 Levent S\u00f6nmez<\/strong>, bu alandaki yat\u0131r\u0131mlarda s\u00fcrd\u00fcr\u00fclebilirli\u011fin \u00f6nemine i\u015faret etti. Kullan\u0131m kolayl\u0131\u011f\u0131 ve \u00e7evre dostu olmas\u0131 sebebiyle g\u00fcne\u015f enerjisinin de yenilenebilir enerjideki en \u00f6nemli yat\u0131r\u0131m alanlar\u0131ndan biri oldu\u011funu belirten <strong>S\u00f6nmez<\/strong> \u015funlar\u0131 s\u00f6yledi: \u201cG\u00fcne\u015f enerjisi pek \u00e7ok \u00f6zelli\u011fiyle gelece\u011fin enerji kayna\u011f\u0131 konumunda. Anadolu Sigorta olarak biz de temel misyonumuz olarak belirledi\u011fimiz hizmette ve m\u00fc\u015fteri memnuniyetinde s\u00fcrd\u00fcr\u00fclebilirlik anlay\u0131\u015f\u0131m\u0131zla, yenilenebilir enerji alan\u0131nda verdi\u011fimiz desteklere 2016 y\u0131l\u0131ndan bu yana G\u00fcne\u015f Enerji Santralleri Paket Poli\u00e7esi\u2019ni ekledik. Poli\u00e7eyi klasik performans kayb\u0131 teminat\u0131ndan farkl\u0131 olarak m\u00fc\u015fteri ihtiya\u00e7lar\u0131na ve riskin gereklili\u011fine uygun olarak \u00f6zelle\u015ftirdik. Buna ba\u011fl\u0131 olarak poli\u00e7emize maddi hasara ba\u011fl\u0131 olmayan \u00fcretim kay\u0131plar\u0131n\u0131 da dahil ettik ve m\u00fc\u015fterilerimizin kullan\u0131m\u0131na sunduk. Bu teminat ile; tesisin bulundu\u011fu adreste poli\u00e7e s\u00fcresi boyunca \u00f6l\u00e7\u00fclen y\u0131ll\u0131k global solar radyasyonun, tesise ait enerji \u00fcretim raporunda yer alan verilere k\u0131yasla daha d\u00fc\u015f\u00fck \u00f6l\u00e7\u00fclmesinden ve fotovoltaik panellerin ve eviricilerin (invert\u00f6r) tasar\u0131m, \u00fcretim veya montaj\u0131ndan kaynaklanacak i\u00e7sel\/b\u00fcnyevi kusurlara ba\u011fl\u0131 \u00fcretim kay\u0131plar\u0131 da art\u0131k G\u00fcne\u015f Enerji Santralleri Poli\u00e7esi\u2019yle g\u00fcvence alt\u0131na al\u0131nabiliyor.\u201d<\/p>\n<p>G\u00fcne\u015f enerji sistemlerine T\u00fcrkiye\u2019de \u00f6nemli yat\u0131r\u0131mlar yap\u0131ld\u0131\u011f\u0131n\u0131 hat\u0131rlatan <strong>S\u00f6nmez<\/strong>, \u201cBu nedenle, yat\u0131r\u0131mc\u0131lar i\u00e7in \u00f6nlem alamayacaklar\u0131 g\u00fcne\u015f \u0131\u015f\u0131n\u0131m\u0131ndaki azalman\u0131n yan\u0131 s\u0131ra yine yat\u0131r\u0131mc\u0131n\u0131n elinde olmayan tasar\u0131m, \u00fcretim ve montaj hatalar\u0131ndan kaynaklanacak \u00fcretim kayb\u0131na kar\u015f\u0131 teminat veren bu \u00fcr\u00fcn ile yenilenebilir enerji sekt\u00f6r\u00fcn\u00fc desteklemeyi hedefliyoruz. Bu konudaki \u00e7al\u0131\u015fmalar\u0131m\u0131z\u0131 da s\u00fcrd\u00fcrmeye devam edece\u011fiz\u201d dedi.<\/p>","protected":false},"excerpt":{"rendered":"<p>Sorry, this entry is only available in Turkish. For the sake of viewer convenience, the content is shown below in the alternative language. You may click the link to switch the active language.Anadolu Sigorta, yenilenebilir enerji sistemleri aras\u0131nda olduk\u00e7a \u00f6nemli bir yere sahip olan g\u00fcne\u015f enerji santrallerine (GES) \u00f6zel paket sigorta poli\u00e7esiyle teminat alt\u0131na ald\u0131\u011f\u0131 [&hellip;]<\/p>\n","protected":false},"author":1,"featured_media":78395,"comment_status":"open","ping_status":"open","sticky":false,"template":"","format":"standard","meta":[],"categories":[53,49],"tags":[39122,67,1009,2326,35038,39124,23416,2569,23131,39123,26829],"views":841,"_links":{"self":[{"href":"https:\/\/www.enerjigazetesi.ist\/en\/wp-json\/wp\/v2\/posts\/78394"}],"collection":[{"href":"https:\/\/www.enerjigazetesi.ist\/en\/wp-json\/wp\/v2\/posts"}],"about":[{"href":"https:\/\/www.enerjigazetesi.ist\/en\/wp-json\/wp\/v2\/types\/post"}],"author":[{"embeddable":true,"href":"https:\/\/www.enerjigazetesi.ist\/en\/wp-json\/wp\/v2\/users\/1"}],"replies":[{"embeddable":true,"href":"https:\/\/www.enerjigazetesi.ist\/en\/wp-json\/wp\/v2\/comments?post=78394"}],"version-history":[{"count":1,"href":"https:\/\/www.enerjigazetesi.ist\/en\/wp-json\/wp\/v2\/posts\/78394\/revisions"}],"predecessor-version":[{"id":78396,"href":"https:\/\/www.enerjigazetesi.ist\/en\/wp-json\/wp\/v2\/posts\/78394\/revisions\/78396"}],"wp:featuredmedia":[{"embeddable":true,"href":"https:\/\/www.enerjigazetesi.ist\/en\/wp-json\/wp\/v2\/media\/78395"}],"wp:attachment":[{"href":"https:\/\/www.enerjigazetesi.ist\/en\/wp-json\/wp\/v2\/media?parent=78394"}],"wp:term":[{"taxonomy":"category","embeddable":true,"href":"https:\/\/www.enerjigazetesi.ist\/en\/wp-json\/wp\/v2\/categories?post=78394"},{"taxonomy":"post_tag","embeddable":true,"href":"https:\/\/www.enerjigazetesi.ist\/en\/wp-json\/wp\/v2\/tags?post=78394"}],"curies":[{"name":"wp","href":"https:\/\/api.w.org\/{rel}","templated":true}]}}