{"id":78371,"date":"2018-09-29T23:57:08","date_gmt":"2018-09-29T20:57:08","guid":{"rendered":"https:\/\/www.enerjigazetesi.ist\/?p=78371"},"modified":"2018-09-29T23:57:04","modified_gmt":"2018-09-29T20:57:04","slug":"yazarimiz-cigdem-yorgancioglu-enerji-moderatorlugu-sapkasini-takacak","status":"publish","type":"post","link":"https:\/\/www.enerjigazetesi.ist\/en\/yazarimiz-cigdem-yorgancioglu-enerji-moderatorlugu-sapkasini-takacak\/","title":{"rendered":"(Turkish) Yazar\u0131m\u0131z Sn. Yorganc\u0131o\u011flu, Enerji Moderat\u00f6rl\u00fc\u011f\u00fc \u015eapkas\u0131n\u0131 Takacak!"},"content":{"rendered":"<p class=\"qtranxs-available-languages-message qtranxs-available-languages-message-en\">Sorry, this entry is only available in <a href=\"https:\/\/www.enerjigazetesi.ist\/tr\/wp-json\/wp\/v2\/posts\/78371\" class=\"qtranxs-available-language-link qtranxs-available-language-link-tr\" title=\"Turkish\">Turkish<\/a>. For the sake of viewer convenience, the content is shown below in the alternative language. You may click the link to switch the active language.<\/p><p><strong>Yeni d\u00f6nemde geli\u015ftirilmesi planlanan r\u00fczg\u00e2r ve g\u00fcne\u015f enerjisi projeleriyle bu projelerin finansman\u0131 Uluslararas\u0131 gaz boru hatlar\u0131ndaki (TANAP, T\u00fcrk Ak\u0131m\u0131) son geli\u015fmeler T\u00fcrkiye&#8217;de yenilenebilir enerji piyasas\u0131 ve gelecek planlar\u0131, n\u00fckleer teknolojilerin T\u00fcrkiye&#8217;nin enerji sekt\u00f6r\u00fcne etkisi gibi konular\u0131n ele al\u0131naca\u011f\u0131 9. TURKEY ENERGY FORUM, 1-2 Ekim 2018 tarihlerinde \u0130stanbul Shangri La Otel\u2019de ger\u00e7ekle\u015fecektir.<\/strong><\/p>\n<p>Forum\u2019un <strong>medya partneri<\/strong> olan <strong>&#8216;Enerji Gazetesi&#8217;<\/strong>,nin yazar\u0131 &amp; edit\u00f6r\u00fc ve enerji s\u00f6zle\u015fmeleri uzman\u0131 olan <strong>Sn. <img loading=\"lazy\" class=\"alignright size-medium wp-image-78372\" src=\"https:\/\/www.enerjigazetesi.ist\/wp-content\/uploads\/2018\/09\/yazarimiz-cigdem-yorgancioglu-enerji-moderatoru-sapkasini-takacak-300x168.jpg\" alt=\"\" width=\"300\" height=\"168\" srcset=\"https:\/\/www.enerjigazetesi.ist\/wp-content\/uploads\/2018\/09\/yazarimiz-cigdem-yorgancioglu-enerji-moderatoru-sapkasini-takacak-300x168.jpg 300w, https:\/\/www.enerjigazetesi.ist\/wp-content\/uploads\/2018\/09\/yazarimiz-cigdem-yorgancioglu-enerji-moderatoru-sapkasini-takacak-768x430.jpg 768w, https:\/\/www.enerjigazetesi.ist\/wp-content\/uploads\/2018\/09\/yazarimiz-cigdem-yorgancioglu-enerji-moderatoru-sapkasini-takacak-500x280.jpg 500w, https:\/\/www.enerjigazetesi.ist\/wp-content\/uploads\/2018\/09\/yazarimiz-cigdem-yorgancioglu-enerji-moderatoru-sapkasini-takacak-80x45.jpg 80w, https:\/\/www.enerjigazetesi.ist\/wp-content\/uploads\/2018\/09\/yazarimiz-cigdem-yorgancioglu-enerji-moderatoru-sapkasini-takacak.jpg 800w\" sizes=\"(max-width: 300px) 100vw, 300px\" \/>\u00c7i\u011fdem Yorganc\u0131o\u011flu<\/strong>, panel moderat\u00f6r\u00fc (Solar PV Industry Update: the State of the Market Under a Changing Regulatory Framework &#8211; G\u00fcne\u015f Enerjisi\u00a0 PV End\u00fcstrisi G\u00fcncellemesi: De\u011fi\u015fen reg\u00fclasyonlar\u0131n \u00c7er\u00e7evesi I\u015f\u0131\u011f\u0131nda Pazar\u0131n Durumu ) olarak yer alaca\u011f\u0131 foruma uluslararas\u0131 finansman ve dan\u0131\u015fmanl\u0131k kurulu\u015flar\u0131, hukuk \u015firketleri ve sekt\u00f6r oyuncular\u0131 kat\u0131l\u0131m sa\u011flayacakt\u0131r.<\/p>\n<p>Konferansa kay\u0131t i\u00e7in <a href=\"mailto:emine.acar@eelevents.co.uk\">emine.acar@eelevents.co.uk<\/a> adresinden sizde irtibata ge\u00e7erek <strong>%25 indirimli kay\u0131t<\/strong> f\u0131rsat\u0131 i\u00e7in ise <strong>Enerji Gazetesi \u00fcyesi<\/strong> oldu\u011funuzu ( irtibata ge\u00e7tiginiz de ) belirtmeniz gerekmektedir.<\/p>\n<p><a href=\"https:\/\/www.enerjigazetesi.ist\/turkey-energy-forum.pdf\" target=\"_blank\" rel=\"noopener\"><strong>Turkey Energy Forum Detayl\u0131 Program\u0131 \u0130\u00e7in TIKLAYINIZ &gt;&gt;&gt;<\/strong><\/a><\/p>","protected":false},"excerpt":{"rendered":"<p>Sorry, this entry is only available in Turkish. For the sake of viewer convenience, the content is shown below in the alternative language. You may click the link to switch the active language.Yeni d\u00f6nemde geli\u015ftirilmesi planlanan r\u00fczg\u00e2r ve g\u00fcne\u015f enerjisi projeleriyle bu projelerin finansman\u0131 Uluslararas\u0131 gaz boru hatlar\u0131ndaki (TANAP, T\u00fcrk Ak\u0131m\u0131) son geli\u015fmeler T\u00fcrkiye&#8217;de yenilenebilir [&hellip;]<\/p>\n","protected":false},"author":1,"featured_media":78372,"comment_status":"open","ping_status":"open","sticky":false,"template":"","format":"standard","meta":[],"categories":[46,53,49,43,50],"tags":[38813,34390,67,1009,39119,38814],"views":1575,"_links":{"self":[{"href":"https:\/\/www.enerjigazetesi.ist\/en\/wp-json\/wp\/v2\/posts\/78371"}],"collection":[{"href":"https:\/\/www.enerjigazetesi.ist\/en\/wp-json\/wp\/v2\/posts"}],"about":[{"href":"https:\/\/www.enerjigazetesi.ist\/en\/wp-json\/wp\/v2\/types\/post"}],"author":[{"embeddable":true,"href":"https:\/\/www.enerjigazetesi.ist\/en\/wp-json\/wp\/v2\/users\/1"}],"replies":[{"embeddable":true,"href":"https:\/\/www.enerjigazetesi.ist\/en\/wp-json\/wp\/v2\/comments?post=78371"}],"version-history":[{"count":13,"href":"https:\/\/www.enerjigazetesi.ist\/en\/wp-json\/wp\/v2\/posts\/78371\/revisions"}],"predecessor-version":[{"id":79525,"href":"https:\/\/www.enerjigazetesi.ist\/en\/wp-json\/wp\/v2\/posts\/78371\/revisions\/79525"}],"wp:featuredmedia":[{"embeddable":true,"href":"https:\/\/www.enerjigazetesi.ist\/en\/wp-json\/wp\/v2\/media\/78372"}],"wp:attachment":[{"href":"https:\/\/www.enerjigazetesi.ist\/en\/wp-json\/wp\/v2\/media?parent=78371"}],"wp:term":[{"taxonomy":"category","embeddable":true,"href":"https:\/\/www.enerjigazetesi.ist\/en\/wp-json\/wp\/v2\/categories?post=78371"},{"taxonomy":"post_tag","embeddable":true,"href":"https:\/\/www.enerjigazetesi.ist\/en\/wp-json\/wp\/v2\/tags?post=78371"}],"curies":[{"name":"wp","href":"https:\/\/api.w.org\/{rel}","templated":true}]}}