{"id":78270,"date":"2018-09-03T16:28:36","date_gmt":"2018-09-03T13:28:36","guid":{"rendered":"https:\/\/www.enerjigazetesi.ist\/?p=78270"},"modified":"2018-09-03T16:28:36","modified_gmt":"2018-09-03T13:28:36","slug":"izoder-genel-sekreteri-timur-diz-oldu","status":"publish","type":"post","link":"https:\/\/www.enerjigazetesi.ist\/en\/izoder-genel-sekreteri-timur-diz-oldu\/","title":{"rendered":"(Turkish) \u0130ZODER Genel Sekreteri Timur Diz Oldu"},"content":{"rendered":"<p class=\"qtranxs-available-languages-message qtranxs-available-languages-message-en\">Sorry, this entry is only available in <a href=\"https:\/\/www.enerjigazetesi.ist\/tr\/wp-json\/wp\/v2\/posts\/78270\" class=\"qtranxs-available-language-link qtranxs-available-language-link-tr\" title=\"Turkish\">Turkish<\/a>. For the sake of viewer convenience, the content is shown below in the alternative language. You may click the link to switch the active language.<\/p><p><strong>T\u00fcrkiye yal\u0131t\u0131m sekt\u00f6r\u00fcn\u00fcn \u00e7at\u0131 \u00f6rg\u00fct\u00fc \u0130ZODER\u2019de, yeni yap\u0131lanma kapsam\u0131nda \u00f6nemli bir atama ger\u00e7ekle\u015ftirildi. Dernek \u00e7at\u0131s\u0131 alt\u0131nda 16 y\u0131ld\u0131r g\u00f6rev yapan Teknik \u0130\u015f Geli\u015ftirme <img loading=\"lazy\" class=\"alignleft size-medium wp-image-78271\" src=\"https:\/\/www.enerjigazetesi.ist\/wp-content\/uploads\/2018\/09\/izoder-genel-sekreteri-timur-diz-oldu-300x289.jpg\" alt=\"\" width=\"300\" height=\"289\" srcset=\"https:\/\/www.enerjigazetesi.ist\/wp-content\/uploads\/2018\/09\/izoder-genel-sekreteri-timur-diz-oldu-300x289.jpg 300w, https:\/\/www.enerjigazetesi.ist\/wp-content\/uploads\/2018\/09\/izoder-genel-sekreteri-timur-diz-oldu-415x400.jpg 415w, https:\/\/www.enerjigazetesi.ist\/wp-content\/uploads\/2018\/09\/izoder-genel-sekreteri-timur-diz-oldu-52x50.jpg 52w, https:\/\/www.enerjigazetesi.ist\/wp-content\/uploads\/2018\/09\/izoder-genel-sekreteri-timur-diz-oldu.jpg 506w\" sizes=\"(max-width: 300px) 100vw, 300px\" \/>Y\u00f6neticisi Timur Diz, \u0130ZODER Genel Sekreterli\u011fi\u2019ne getirildi.<\/strong><\/p>\n<p>Yal\u0131t\u0131m konusunda kamuoyunu ve sekt\u00f6r\u00fc bilin\u00e7lendirmeyi ama\u00e7 edinen \u0130ZODER (Is\u0131 Su Ses ve Yang\u0131n Yal\u0131t\u0131mc\u0131lar\u0131 Derne\u011fi)\u2019de, Y\u00f6netim Kurulunun karar\u0131yla \u00f6nemli bir atama yap\u0131ld\u0131. Yal\u0131t\u0131m sekt\u00f6r\u00fcn\u00fcn geli\u015fiminde daha etkin olmak hedefiyle yeniden yap\u0131lanan \u0130ZODER\u2019in Genel Sekreterli\u011fi\u2019ne, dernek b\u00fcnyesinde uzun y\u0131llar g\u00f6rev yapan deneyimli isim Timur Diz getirildi.<\/p>\n<p>\u0130ZODER\u2019in bir kurulu\u015fu olan TEBAR A.\u015e\u2019nin de Genel M\u00fcd\u00fcr\u00fc olan Timur Diz, 1 Eyl\u00fcl 2018 itibar\u0131yla \u0130ZODER Genel Sekreteri olarak g\u00f6rev yapmaya ba\u015flad\u0131. Daha \u00f6nce bu g\u00f6revi y\u00fcr\u00fcten Ertu\u011frul \u015een ise 2011 y\u0131l\u0131ndan bu yana s\u00fcrd\u00fcrd\u00fc\u011f\u00fc \u0130ZODER Y\u00f6netim Kurulu Ba\u015fkan Yard\u0131mc\u0131s\u0131 ve Murahhas Azas\u0131 olarak g\u00f6revine devam ediyor.<\/p>","protected":false},"excerpt":{"rendered":"<p>Sorry, this entry is only available in Turkish. For the sake of viewer convenience, the content is shown below in the alternative language. You may click the link to switch the active language.T\u00fcrkiye yal\u0131t\u0131m sekt\u00f6r\u00fcn\u00fcn \u00e7at\u0131 \u00f6rg\u00fct\u00fc \u0130ZODER\u2019de, yeni yap\u0131lanma kapsam\u0131nda \u00f6nemli bir atama ger\u00e7ekle\u015ftirildi. Dernek \u00e7at\u0131s\u0131 alt\u0131nda 16 y\u0131ld\u0131r g\u00f6rev yapan Teknik \u0130\u015f Geli\u015ftirme [&hellip;]<\/p>\n","protected":false},"author":1,"featured_media":78271,"comment_status":"open","ping_status":"open","sticky":false,"template":"","format":"standard","meta":[],"categories":[53,52],"tags":[67,1009,26559,25455,675,39089,793],"views":907,"_links":{"self":[{"href":"https:\/\/www.enerjigazetesi.ist\/en\/wp-json\/wp\/v2\/posts\/78270"}],"collection":[{"href":"https:\/\/www.enerjigazetesi.ist\/en\/wp-json\/wp\/v2\/posts"}],"about":[{"href":"https:\/\/www.enerjigazetesi.ist\/en\/wp-json\/wp\/v2\/types\/post"}],"author":[{"embeddable":true,"href":"https:\/\/www.enerjigazetesi.ist\/en\/wp-json\/wp\/v2\/users\/1"}],"replies":[{"embeddable":true,"href":"https:\/\/www.enerjigazetesi.ist\/en\/wp-json\/wp\/v2\/comments?post=78270"}],"version-history":[{"count":1,"href":"https:\/\/www.enerjigazetesi.ist\/en\/wp-json\/wp\/v2\/posts\/78270\/revisions"}],"predecessor-version":[{"id":78272,"href":"https:\/\/www.enerjigazetesi.ist\/en\/wp-json\/wp\/v2\/posts\/78270\/revisions\/78272"}],"wp:featuredmedia":[{"embeddable":true,"href":"https:\/\/www.enerjigazetesi.ist\/en\/wp-json\/wp\/v2\/media\/78271"}],"wp:attachment":[{"href":"https:\/\/www.enerjigazetesi.ist\/en\/wp-json\/wp\/v2\/media?parent=78270"}],"wp:term":[{"taxonomy":"category","embeddable":true,"href":"https:\/\/www.enerjigazetesi.ist\/en\/wp-json\/wp\/v2\/categories?post=78270"},{"taxonomy":"post_tag","embeddable":true,"href":"https:\/\/www.enerjigazetesi.ist\/en\/wp-json\/wp\/v2\/tags?post=78270"}],"curies":[{"name":"wp","href":"https:\/\/api.w.org\/{rel}","templated":true}]}}