{"id":78264,"date":"2018-09-03T13:00:55","date_gmt":"2018-09-03T10:00:55","guid":{"rendered":"https:\/\/www.enerjigazetesi.ist\/?p=78264"},"modified":"2018-09-03T13:01:52","modified_gmt":"2018-09-03T10:01:52","slug":"izmir-yenilenebilir-enerji-konferansi-izyeko-21-eylulde-yapilacak","status":"publish","type":"post","link":"https:\/\/www.enerjigazetesi.ist\/en\/izmir-yenilenebilir-enerji-konferansi-izyeko-21-eylulde-yapilacak\/","title":{"rendered":"(Turkish) \u0130zmir Yenilenebilir Enerji Konferans\u0131 \u0130ZYEKO, 21 Eyl\u00fcl&#8217;de Yap\u0131lacak"},"content":{"rendered":"<p class=\"qtranxs-available-languages-message qtranxs-available-languages-message-en\">Sorry, this entry is only available in <a href=\"https:\/\/www.enerjigazetesi.ist\/tr\/wp-json\/wp\/v2\/posts\/78264\" class=\"qtranxs-available-language-link qtranxs-available-language-link-tr\" title=\"Turkish\">Turkish<\/a>. For the sake of viewer convenience, the content is shown below in the alternative language. You may click the link to switch the active language.<\/p><p><\/p>\n<h4 data-fontsize=\"14\" data-lineheight=\"20\"><strong>\u0130zmir B\u00fcy\u00fck\u015fehir Belediyesi taraf\u0131ndan \u0130zmir Sanayi ve \u0130\u015fadamlar\u0131 Derne\u011fi (\u0130ZS\u0130AD) ve \u0130zmir Enerji Kooperatifi&#8217;nin i\u015fbirli\u011fi ile 21 Eyl\u00fcl tarihinde &#8220;\u0130zmir Yenilenebilir Enerji Konferans\u0131 (\u0130ZYEKO)&#8221; yap\u0131lacakt\u0131r.<\/strong><\/h4>\n<p><img loading=\"lazy\" class=\"alignleft size-medium wp-image-78265\" src=\"https:\/\/www.enerjigazetesi.ist\/wp-content\/uploads\/2018\/09\/izmir-yenilenebilir-enerji-konferansi-izyeko-21-eylulde-yapilacak-300x200.jpg\" alt=\"\" width=\"300\" height=\"200\" srcset=\"https:\/\/www.enerjigazetesi.ist\/wp-content\/uploads\/2018\/09\/izmir-yenilenebilir-enerji-konferansi-izyeko-21-eylulde-yapilacak-300x200.jpg 300w, https:\/\/www.enerjigazetesi.ist\/wp-content\/uploads\/2018\/09\/izmir-yenilenebilir-enerji-konferansi-izyeko-21-eylulde-yapilacak-500x333.jpg 500w, https:\/\/www.enerjigazetesi.ist\/wp-content\/uploads\/2018\/09\/izmir-yenilenebilir-enerji-konferansi-izyeko-21-eylulde-yapilacak-75x50.jpg 75w, https:\/\/www.enerjigazetesi.ist\/wp-content\/uploads\/2018\/09\/izmir-yenilenebilir-enerji-konferansi-izyeko-21-eylulde-yapilacak.jpg 600w\" sizes=\"(max-width: 300px) 100vw, 300px\" \/>\u0130smet \u0130n\u00f6n\u00fc K\u00fclt\u00fcr Merkezi&#8217;nde d\u00fczenlenecek olan konferansta, yurt i\u00e7inde ve yurt d\u0131\u015f\u0131nda yenilenebilir enerji sekt\u00f6r\u00fcnde ya\u015fanan son geli\u015fmeler enerji kooperatif\u00e7ili\u011fi, 10kW alt\u0131 GES\u2019ler ve end\u00fcstriyel \u00e7at\u0131 pazar\u0131 hakk\u0131nda son geli\u015fmeler masaya yat\u0131r\u0131lacakt\u0131r.<\/p>\n<p>Yeni enerji modelleri hakk\u0131nda kamu kurumlar\u0131n\u0131n ve \u00f6zel kurumlar\u0131n g\u00f6r\u00fc\u015flerine de yer verecek olan konferans program\u0131na\u00a0<a href=\"http:\/\/www.izyeko.com\/#schedules\">buradan<\/a>\u00a0ula\u015fabilirsiniz.<\/p>\n<p><strong>Detayl\u0131 Bilgi ve Kay\u0131t \u0130\u00e7in:<\/strong>\u00a0<a href=\"http:\/\/www.izyeko.com\/\" target=\"_blank\" rel=\"noopener\">http:\/\/www.izyeko.com\u00a0<\/a>adresini ziyaret edebilirsiniz.<\/p>","protected":false},"excerpt":{"rendered":"<p>Sorry, this entry is only available in Turkish. For the sake of viewer convenience, the content is shown below in the alternative language. You may click the link to switch the active language. \u0130zmir B\u00fcy\u00fck\u015fehir Belediyesi taraf\u0131ndan \u0130zmir Sanayi ve \u0130\u015fadamlar\u0131 Derne\u011fi (\u0130ZS\u0130AD) ve \u0130zmir Enerji Kooperatifi&#8217;nin i\u015fbirli\u011fi ile 21 Eyl\u00fcl tarihinde &#8220;\u0130zmir Yenilenebilir Enerji [&hellip;]<\/p>\n","protected":false},"author":1,"featured_media":78265,"comment_status":"open","ping_status":"open","sticky":false,"template":"","format":"standard","meta":[],"categories":[53,49,50],"tags":[39086,67,1009,2326,23416,10632,31383,39084,39082,39085,39083,474,24949,26829],"views":1649,"_links":{"self":[{"href":"https:\/\/www.enerjigazetesi.ist\/en\/wp-json\/wp\/v2\/posts\/78264"}],"collection":[{"href":"https:\/\/www.enerjigazetesi.ist\/en\/wp-json\/wp\/v2\/posts"}],"about":[{"href":"https:\/\/www.enerjigazetesi.ist\/en\/wp-json\/wp\/v2\/types\/post"}],"author":[{"embeddable":true,"href":"https:\/\/www.enerjigazetesi.ist\/en\/wp-json\/wp\/v2\/users\/1"}],"replies":[{"embeddable":true,"href":"https:\/\/www.enerjigazetesi.ist\/en\/wp-json\/wp\/v2\/comments?post=78264"}],"version-history":[{"count":1,"href":"https:\/\/www.enerjigazetesi.ist\/en\/wp-json\/wp\/v2\/posts\/78264\/revisions"}],"predecessor-version":[{"id":78266,"href":"https:\/\/www.enerjigazetesi.ist\/en\/wp-json\/wp\/v2\/posts\/78264\/revisions\/78266"}],"wp:featuredmedia":[{"embeddable":true,"href":"https:\/\/www.enerjigazetesi.ist\/en\/wp-json\/wp\/v2\/media\/78265"}],"wp:attachment":[{"href":"https:\/\/www.enerjigazetesi.ist\/en\/wp-json\/wp\/v2\/media?parent=78264"}],"wp:term":[{"taxonomy":"category","embeddable":true,"href":"https:\/\/www.enerjigazetesi.ist\/en\/wp-json\/wp\/v2\/categories?post=78264"},{"taxonomy":"post_tag","embeddable":true,"href":"https:\/\/www.enerjigazetesi.ist\/en\/wp-json\/wp\/v2\/tags?post=78264"}],"curies":[{"name":"wp","href":"https:\/\/api.w.org\/{rel}","templated":true}]}}