{"id":78240,"date":"2018-09-02T23:31:24","date_gmt":"2018-09-02T20:31:24","guid":{"rendered":"https:\/\/www.enerjigazetesi.ist\/?p=78240"},"modified":"2018-09-02T23:33:05","modified_gmt":"2018-09-02T20:33:05","slug":"bis-enerji-santralini-ekimde-faaliyete-gecirecek","status":"publish","type":"post","link":"https:\/\/www.enerjigazetesi.ist\/en\/bis-enerji-santralini-ekimde-faaliyete-gecirecek\/","title":{"rendered":"(Turkish) Bis Enerji, Santralini Ekim&#8217;de Faaliyete Ge\u00e7irecek"},"content":{"rendered":"<p class=\"qtranxs-available-languages-message qtranxs-available-languages-message-en\">Sorry, this entry is only available in <a href=\"https:\/\/www.enerjigazetesi.ist\/tr\/wp-json\/wp\/v2\/posts\/78240\" class=\"qtranxs-available-language-link qtranxs-available-language-link-tr\" title=\"Turkish\">Turkish<\/a>. For the sake of viewer convenience, the content is shown below in the alternative language. You may click the link to switch the active language.<\/p><p><strong>Bis Enerji Elektrik \u00dcretim A\u015e taraf\u0131ndan Kamu Ayd\u0131nlatma Platformu \u00fczerinden yap\u0131lan a\u00e7\u0131klamada, kredit\u00f6r bankalar, kamu kurulu\u015flar\u0131 ve tahvil yat\u0131r\u0131mc\u0131lar\u0131yla bor\u00e7lar\u0131n yeniden yap\u0131land\u0131r\u0131lmas\u0131 i\u00e7in olumlu g\u00f6r\u00fc\u015fmeler yapt\u0131klar\u0131n\u0131 ifade ederek santrali Ekim 2018\u2019de yeniden faaliyete ge\u00e7irmeyi planlad\u0131klar\u0131n\u0131 a\u00e7\u0131klad\u0131.\u00a0<\/strong><\/p>\n<p><img loading=\"lazy\" class=\"alignright size-medium wp-image-78241\" src=\"https:\/\/www.enerjigazetesi.ist\/wp-content\/uploads\/2018\/09\/bis-enerji-santralini-ekimde-faaliyete-gecirecek-300x168.jpg\" alt=\"\" width=\"300\" height=\"168\" srcset=\"https:\/\/www.enerjigazetesi.ist\/wp-content\/uploads\/2018\/09\/bis-enerji-santralini-ekimde-faaliyete-gecirecek-300x168.jpg 300w, https:\/\/www.enerjigazetesi.ist\/wp-content\/uploads\/2018\/09\/bis-enerji-santralini-ekimde-faaliyete-gecirecek-500x280.jpg 500w, https:\/\/www.enerjigazetesi.ist\/wp-content\/uploads\/2018\/09\/bis-enerji-santralini-ekimde-faaliyete-gecirecek-80x45.jpg 80w, https:\/\/www.enerjigazetesi.ist\/wp-content\/uploads\/2018\/09\/bis-enerji-santralini-ekimde-faaliyete-gecirecek.jpg 660w\" sizes=\"(max-width: 300px) 100vw, 300px\" \/>Yap\u0131lan a\u00e7\u0131klamada &#8220;\u015eirketimiz b\u00fcnyesindeki enerji santralinin en k\u0131sa s\u00fcrede yeniden faaliyete ge\u00e7mesi amac\u0131yla kredit\u00f6r bankalar, kamu kurulu\u015flar\u0131 ve tahvil yat\u0131r\u0131mc\u0131lar\u0131yla bor\u00e7lar\u0131n yeniden yap\u0131land\u0131r\u0131lmas\u0131 i\u00e7in olumlu g\u00f6r\u00fc\u015fmeler yap\u0131lm\u0131\u015f olup, faaliyete ge\u00e7me s\u00fcrecimize ili\u015fkin \u00e7al\u0131\u015fmalarda son a\u015famaya gelinmi\u015ftir. Ancak bayram tatili nedeniyle \u00e7al\u0131\u015fmalar hen\u00fcz tamamlanamam\u0131\u015ft\u0131r. Santralin yeniden \u00e7al\u0131\u015fmaya ba\u015flamas\u0131 Ekim 2018 olarak planlanm\u0131\u015ft\u0131r.<\/p>\n<p>Enerji santralimizin yeniden faaliyete ba\u015flamas\u0131 ile, yat\u0131r\u0131mc\u0131lar\u0131m\u0131z ile mutab\u0131k kal\u0131narak yap\u0131lacak yeniden yap\u0131land\u0131rma plan\u0131 \u00e7er\u00e7evesinde tahvil y\u00fck\u00fcml\u00fcl\u00fcklerimiz yerine getirilmeye ba\u015flayacakt\u0131r.&#8221; denildi.<\/p>\n<p><strong>Kupon \u00f6demesi ertelendi<\/strong><br \/>\nBu \u00e7er\u00e7evede, 31.08.2018 tarihinde yap\u0131lmas\u0131 gereken 3.000.000 TL tutar\u0131ndaki anapara ve hesaplanan faiz \u00f6demesinin daha sonra duyurulacak olan yeni \u00f6deme plan\u0131na uygun olarak ve yeni d\u00f6nem baz al\u0131nacak kupon faizi \u00fczerinden g\u00fcncellenerek ertelenmesi zaruriyeti do\u011fmu\u015ftur.<\/p>\n<p>Konuya ili\u015fkin detayl\u0131 bilgilendirme ve yeniden yap\u0131land\u0131rma plan\u0131na ili\u015fkin detaylar k\u0131sa s\u00fcre i\u00e7erisinde yat\u0131r\u0131mc\u0131lar\u0131m\u0131zla payla\u015f\u0131lacakt\u0131r.\u201d<\/p>","protected":false},"excerpt":{"rendered":"<p>Sorry, this entry is only available in Turkish. For the sake of viewer convenience, the content is shown below in the alternative language. You may click the link to switch the active language.Bis Enerji Elektrik \u00dcretim A\u015e taraf\u0131ndan Kamu Ayd\u0131nlatma Platformu \u00fczerinden yap\u0131lan a\u00e7\u0131klamada, kredit\u00f6r bankalar, kamu kurulu\u015flar\u0131 ve tahvil yat\u0131r\u0131mc\u0131lar\u0131yla bor\u00e7lar\u0131n yeniden yap\u0131land\u0131r\u0131lmas\u0131 i\u00e7in [&hellip;]<\/p>\n","protected":false},"author":1,"featured_media":78241,"comment_status":"open","ping_status":"open","sticky":false,"template":"","format":"standard","meta":[],"categories":[51,53],"tags":[39066,68,34979,19638,26353,67,1009,39068,3235,39067],"views":721,"_links":{"self":[{"href":"https:\/\/www.enerjigazetesi.ist\/en\/wp-json\/wp\/v2\/posts\/78240"}],"collection":[{"href":"https:\/\/www.enerjigazetesi.ist\/en\/wp-json\/wp\/v2\/posts"}],"about":[{"href":"https:\/\/www.enerjigazetesi.ist\/en\/wp-json\/wp\/v2\/types\/post"}],"author":[{"embeddable":true,"href":"https:\/\/www.enerjigazetesi.ist\/en\/wp-json\/wp\/v2\/users\/1"}],"replies":[{"embeddable":true,"href":"https:\/\/www.enerjigazetesi.ist\/en\/wp-json\/wp\/v2\/comments?post=78240"}],"version-history":[{"count":2,"href":"https:\/\/www.enerjigazetesi.ist\/en\/wp-json\/wp\/v2\/posts\/78240\/revisions"}],"predecessor-version":[{"id":78243,"href":"https:\/\/www.enerjigazetesi.ist\/en\/wp-json\/wp\/v2\/posts\/78240\/revisions\/78243"}],"wp:featuredmedia":[{"embeddable":true,"href":"https:\/\/www.enerjigazetesi.ist\/en\/wp-json\/wp\/v2\/media\/78241"}],"wp:attachment":[{"href":"https:\/\/www.enerjigazetesi.ist\/en\/wp-json\/wp\/v2\/media?parent=78240"}],"wp:term":[{"taxonomy":"category","embeddable":true,"href":"https:\/\/www.enerjigazetesi.ist\/en\/wp-json\/wp\/v2\/categories?post=78240"},{"taxonomy":"post_tag","embeddable":true,"href":"https:\/\/www.enerjigazetesi.ist\/en\/wp-json\/wp\/v2\/tags?post=78240"}],"curies":[{"name":"wp","href":"https:\/\/api.w.org\/{rel}","templated":true}]}}