{"id":78231,"date":"2018-09-02T22:26:26","date_gmt":"2018-09-02T19:26:26","guid":{"rendered":"https:\/\/www.enerjigazetesi.ist\/?p=78231"},"modified":"2018-09-02T22:26:26","modified_gmt":"2018-09-02T19:26:26","slug":"iran-iraka-elektrik-ihracatini-surdurecek","status":"publish","type":"post","link":"https:\/\/www.enerjigazetesi.ist\/en\/iran-iraka-elektrik-ihracatini-surdurecek\/","title":{"rendered":"(Turkish) \u0130ran, Irak\u2019a Elektrik \u0130hracat\u0131n\u0131 S\u00fcrd\u00fcrecek"},"content":{"rendered":"<p class=\"qtranxs-available-languages-message qtranxs-available-languages-message-en\">Sorry, this entry is only available in <a href=\"https:\/\/www.enerjigazetesi.ist\/tr\/wp-json\/wp\/v2\/posts\/78231\" class=\"qtranxs-available-language-link qtranxs-available-language-link-tr\" title=\"Turkish\">Turkish<\/a>. For the sake of viewer convenience, the content is shown below in the alternative language. You may click the link to switch the active language.<\/p><p><strong>Irak\u2019\u0131n ithal etti\u011fi elektri\u011fin bedelini d\u00fczenli \u00f6dememesi \u00fczerine elektrik ihracat\u0131n\u0131 durduran \u0130ran taraf\u0131ndan enerji hatlar\u0131n\u0131 yeniden a\u00e7ma karar\u0131 al\u0131nd\u0131. A\u00e7\u0131klamaya g\u00f6re, Irak h\u00fck\u00fcmetinin elektrik bedelini \u00f6dememesi ve yaz d\u00f6neminde i\u00e7 t\u00fcketimin artmas\u0131 da ihracat\u0131 durdurma nedenleri aras\u0131nda yer almaktayd\u0131.<\/strong><\/p>\n<p><img loading=\"lazy\" class=\"alignleft size-medium wp-image-78232\" src=\"https:\/\/www.enerjigazetesi.ist\/wp-content\/uploads\/2018\/09\/iran-iraka-elektrik-ihracatini-surdurecek-300x169.jpg\" alt=\"\" width=\"300\" height=\"169\" srcset=\"https:\/\/www.enerjigazetesi.ist\/wp-content\/uploads\/2018\/09\/iran-iraka-elektrik-ihracatini-surdurecek-300x169.jpg 300w, https:\/\/www.enerjigazetesi.ist\/wp-content\/uploads\/2018\/09\/iran-iraka-elektrik-ihracatini-surdurecek-500x282.jpg 500w, https:\/\/www.enerjigazetesi.ist\/wp-content\/uploads\/2018\/09\/iran-iraka-elektrik-ihracatini-surdurecek-80x45.jpg 80w, https:\/\/www.enerjigazetesi.ist\/wp-content\/uploads\/2018\/09\/iran-iraka-elektrik-ihracatini-surdurecek.jpg 600w\" sizes=\"(max-width: 300px) 100vw, 300px\" \/>Bu yaz elektrik ve su kesintileri, \u0130ran\u2019da baz\u0131 g\u00f6sterilere neden olurken \u0130ran Enerji Bakanl\u0131\u011f\u0131 taraf\u0131ndan g\u00f6sterilerle ilgili yap\u0131lan a\u00e7\u0131klamada yaz d\u00f6neminde kendini daha \u00e7ok hissettiren kurakl\u0131\u011f\u0131n hem su kaynaklar\u0131n\u0131 kuruttu\u011fu hem de hidroelektrik tesislerinin performans\u0131n\u0131 d\u00fc\u015f\u00fcrd\u00fc\u011f\u00fc ifade edildi.<\/p>\n<p>Suudi Arabistan, ge\u00e7ti\u011fimiz ay b\u00f6lgede n\u00fcfuz rekabeti i\u00e7inde oldu\u011fu \u0130ran\u2019\u0131n elektrik vermeyi durdurmas\u0131ndan sonra Irak\u2019a indirimli elektrik verme \u00f6nerisinde bulunmu\u015ftu. Fakat \u0130ran Enerji Bakanl\u0131\u011f\u0131 taraf\u0131ndan \u00f6demelerin yeniden ba\u015flamas\u0131 \u00fczerine Irak\u2019a yeniden elektrik verilmeye ba\u015fland\u0131\u011f\u0131 duyuruldu. Irak\u2019la beraber Afganistan ve Pakistan\u2019a toplam da 200 &#8211; 250 MW elektrik ihra\u00e7 edildi\u011fi de a\u00e7\u0131kland\u0131.<\/p>","protected":false},"excerpt":{"rendered":"<p>Sorry, this entry is only available in Turkish. For the sake of viewer convenience, the content is shown below in the alternative language. You may click the link to switch the active language.Irak\u2019\u0131n ithal etti\u011fi elektri\u011fin bedelini d\u00fczenli \u00f6dememesi \u00fczerine elektrik ihracat\u0131n\u0131 durduran \u0130ran taraf\u0131ndan enerji hatlar\u0131n\u0131 yeniden a\u00e7ma karar\u0131 al\u0131nd\u0131. A\u00e7\u0131klamaya g\u00f6re, Irak h\u00fck\u00fcmetinin [&hellip;]<\/p>\n","protected":false},"author":1,"featured_media":78232,"comment_status":"open","ping_status":"open","sticky":false,"template":"","format":"standard","meta":[],"categories":[51,53],"tags":[68,34979,19638,26353,67,1009,9757,39063,39064,39065,945],"views":693,"_links":{"self":[{"href":"https:\/\/www.enerjigazetesi.ist\/en\/wp-json\/wp\/v2\/posts\/78231"}],"collection":[{"href":"https:\/\/www.enerjigazetesi.ist\/en\/wp-json\/wp\/v2\/posts"}],"about":[{"href":"https:\/\/www.enerjigazetesi.ist\/en\/wp-json\/wp\/v2\/types\/post"}],"author":[{"embeddable":true,"href":"https:\/\/www.enerjigazetesi.ist\/en\/wp-json\/wp\/v2\/users\/1"}],"replies":[{"embeddable":true,"href":"https:\/\/www.enerjigazetesi.ist\/en\/wp-json\/wp\/v2\/comments?post=78231"}],"version-history":[{"count":1,"href":"https:\/\/www.enerjigazetesi.ist\/en\/wp-json\/wp\/v2\/posts\/78231\/revisions"}],"predecessor-version":[{"id":78233,"href":"https:\/\/www.enerjigazetesi.ist\/en\/wp-json\/wp\/v2\/posts\/78231\/revisions\/78233"}],"wp:featuredmedia":[{"embeddable":true,"href":"https:\/\/www.enerjigazetesi.ist\/en\/wp-json\/wp\/v2\/media\/78232"}],"wp:attachment":[{"href":"https:\/\/www.enerjigazetesi.ist\/en\/wp-json\/wp\/v2\/media?parent=78231"}],"wp:term":[{"taxonomy":"category","embeddable":true,"href":"https:\/\/www.enerjigazetesi.ist\/en\/wp-json\/wp\/v2\/categories?post=78231"},{"taxonomy":"post_tag","embeddable":true,"href":"https:\/\/www.enerjigazetesi.ist\/en\/wp-json\/wp\/v2\/tags?post=78231"}],"curies":[{"name":"wp","href":"https:\/\/api.w.org\/{rel}","templated":true}]}}