{"id":78158,"date":"2018-08-31T00:35:32","date_gmt":"2018-08-30T21:35:32","guid":{"rendered":"https:\/\/www.enerjigazetesi.ist\/?p=78158"},"modified":"2018-08-31T00:36:01","modified_gmt":"2018-08-30T21:36:01","slug":"ingilterenin-yesil-enerjisini-sicak-hava-carpti","status":"publish","type":"post","link":"https:\/\/www.enerjigazetesi.ist\/en\/ingilterenin-yesil-enerjisini-sicak-hava-carpti\/","title":{"rendered":"(Turkish) \u0130ngiltere\u2019nin Ye\u015fil Enerjisini S\u0131cak Hava \u00c7arpt\u0131!"},"content":{"rendered":"<p class=\"qtranxs-available-languages-message qtranxs-available-languages-message-en\">Sorry, this entry is only available in <a href=\"https:\/\/www.enerjigazetesi.ist\/tr\/wp-json\/wp\/v2\/posts\/78158\" class=\"qtranxs-available-language-link qtranxs-available-language-link-tr\" title=\"Turkish\">Turkish<\/a>. For the sake of viewer convenience, the content is shown below in the alternative language. You may click the link to switch the active language.<\/p><p><strong>\u0130ngiltere\u2019de bu yaz etkisini uzunca s\u00fcredir hissedilen s\u0131cak hava dalgas\u0131, \u00fclkedeki ye\u015fil enerji ekonomisini adeta alt \u00fcst ederek karbon emisyonlar\u0131nda da art\u0131\u015f yaratt\u0131.<\/strong><\/p>\n<p>S\u0131cak havan\u0131n y\u00fcksek g\u00fcne\u015f \u0131\u015f\u0131n\u0131m de\u011ferleri g\u00fcne\u015f panellerinin elektrik \u00fcretimi i\u00e7in olduk\u00e7a fazla \u00fcretim <img loading=\"lazy\" class=\"alignleft size-medium wp-image-78159\" src=\"https:\/\/www.enerjigazetesi.ist\/wp-content\/uploads\/2018\/08\/ingilterenin-yesil-enerjisini-sicak-hava-carpti-300x200.jpg\" alt=\"\" width=\"300\" height=\"200\" srcset=\"https:\/\/www.enerjigazetesi.ist\/wp-content\/uploads\/2018\/08\/ingilterenin-yesil-enerjisini-sicak-hava-carpti-300x200.jpg 300w, https:\/\/www.enerjigazetesi.ist\/wp-content\/uploads\/2018\/08\/ingilterenin-yesil-enerjisini-sicak-hava-carpti-768x512.jpg 768w, https:\/\/www.enerjigazetesi.ist\/wp-content\/uploads\/2018\/08\/ingilterenin-yesil-enerjisini-sicak-hava-carpti-1024x682.jpg 1024w, https:\/\/www.enerjigazetesi.ist\/wp-content\/uploads\/2018\/08\/ingilterenin-yesil-enerjisini-sicak-hava-carpti-500x333.jpg 500w, https:\/\/www.enerjigazetesi.ist\/wp-content\/uploads\/2018\/08\/ingilterenin-yesil-enerjisini-sicak-hava-carpti-75x50.jpg 75w, https:\/\/www.enerjigazetesi.ist\/wp-content\/uploads\/2018\/08\/ingilterenin-yesil-enerjisini-sicak-hava-carpti.jpg 1698w\" sizes=\"(max-width: 300px) 100vw, 300px\" \/>yaparken r\u00fczgar \u00e7iftliklerinde ise r\u00fczgar kurakl\u0131\u011f\u0131 meydana geldi. Bu da t\u00fcrbin kanatlar\u0131n\u0131n g\u00fcnlerce bo\u015fta kalmas\u0131 gibi sonu\u00e7lar yaratt\u0131.<\/p>\n<p>R\u00fczgar enerjisi \u00fcretimi bir \u00f6nceki y\u0131la g\u00f6re y\u00fczde 10\u2019dan fazla art\u0131\u015f g\u00f6sterirken tedarik edilen elektri\u011fin pay\u0131 ise ge\u00e7ti\u011fimiz y\u0131l 12.9\u2019dan bu yaz d\u00f6nemi y\u00fczde 10,4\u2019e geriledi. G\u00fcne\u015f enerjisi \u00fcretimde rekor de\u011ferleri g\u00f6rm\u00fc\u015f olsada talebin kar\u015f\u0131lanmas\u0131na y\u00f6nelik gaz santralleri devreye al\u0131nd\u0131. B\u00f6ylece karbon yo\u011funlu\u011fu son \u00fc\u00e7 ayda ortalama y\u00fczde 8 art\u0131\u015f g\u00f6sterdi.<\/p>\n<p>Milli \u015eebeke operasyon direkt\u00f6r\u00fc olan Duncan Burt taraf\u0131ndan ise \u201cEnerji de arz ve talebi y\u00f6netmeyi s\u00fcrd\u00fcrebilmemiz i\u00e7in farkl\u0131 bir enerji kar\u0131\u015f\u0131m\u0131na sahip olman\u0131n neden \u00f6nemli oldu\u011funu g\u00f6rmekteyiz.\u201d ifadeleri kullan\u0131ld\u0131.<\/p>","protected":false},"excerpt":{"rendered":"<p>Sorry, this entry is only available in Turkish. For the sake of viewer convenience, the content is shown below in the alternative language. You may click the link to switch the active language.\u0130ngiltere\u2019de bu yaz etkisini uzunca s\u00fcredir hissedilen s\u0131cak hava dalgas\u0131, \u00fclkedeki ye\u015fil enerji ekonomisini adeta alt \u00fcst ederek karbon emisyonlar\u0131nda da art\u0131\u015f yaratt\u0131. [&hellip;]<\/p>\n","protected":false},"author":1,"featured_media":78159,"comment_status":"open","ping_status":"open","sticky":false,"template":"","format":"standard","meta":[],"categories":[53,49,50],"tags":[67,1009,2326,35038,23416,23133,474,35002,24949,23318,26829],"views":1196,"_links":{"self":[{"href":"https:\/\/www.enerjigazetesi.ist\/en\/wp-json\/wp\/v2\/posts\/78158"}],"collection":[{"href":"https:\/\/www.enerjigazetesi.ist\/en\/wp-json\/wp\/v2\/posts"}],"about":[{"href":"https:\/\/www.enerjigazetesi.ist\/en\/wp-json\/wp\/v2\/types\/post"}],"author":[{"embeddable":true,"href":"https:\/\/www.enerjigazetesi.ist\/en\/wp-json\/wp\/v2\/users\/1"}],"replies":[{"embeddable":true,"href":"https:\/\/www.enerjigazetesi.ist\/en\/wp-json\/wp\/v2\/comments?post=78158"}],"version-history":[{"count":1,"href":"https:\/\/www.enerjigazetesi.ist\/en\/wp-json\/wp\/v2\/posts\/78158\/revisions"}],"predecessor-version":[{"id":78160,"href":"https:\/\/www.enerjigazetesi.ist\/en\/wp-json\/wp\/v2\/posts\/78158\/revisions\/78160"}],"wp:featuredmedia":[{"embeddable":true,"href":"https:\/\/www.enerjigazetesi.ist\/en\/wp-json\/wp\/v2\/media\/78159"}],"wp:attachment":[{"href":"https:\/\/www.enerjigazetesi.ist\/en\/wp-json\/wp\/v2\/media?parent=78158"}],"wp:term":[{"taxonomy":"category","embeddable":true,"href":"https:\/\/www.enerjigazetesi.ist\/en\/wp-json\/wp\/v2\/categories?post=78158"},{"taxonomy":"post_tag","embeddable":true,"href":"https:\/\/www.enerjigazetesi.ist\/en\/wp-json\/wp\/v2\/tags?post=78158"}],"curies":[{"name":"wp","href":"https:\/\/api.w.org\/{rel}","templated":true}]}}