{"id":78124,"date":"2018-08-29T17:54:20","date_gmt":"2018-08-29T14:54:20","guid":{"rendered":"https:\/\/www.enerjigazetesi.ist\/?p=78124"},"modified":"2018-08-29T17:54:20","modified_gmt":"2018-08-29T14:54:20","slug":"facebook-2021-yilina-kadar-yenilenebilir-enerjiye-gecis-yapacak","status":"publish","type":"post","link":"https:\/\/www.enerjigazetesi.ist\/en\/facebook-2021-yilina-kadar-yenilenebilir-enerjiye-gecis-yapacak\/","title":{"rendered":"(Turkish) Facebook 2021 Y\u0131l\u0131na Kadar Yenilenebilir Enerjiye Ge\u00e7i\u015f Yapacak"},"content":{"rendered":"<p class=\"qtranxs-available-languages-message qtranxs-available-languages-message-en\">Sorry, this entry is only available in <a href=\"https:\/\/www.enerjigazetesi.ist\/tr\/wp-json\/wp\/v2\/posts\/78124\" class=\"qtranxs-available-language-link qtranxs-available-language-link-tr\" title=\"Turkish\">Turkish<\/a>. For the sake of viewer convenience, the content is shown below in the alternative language. You may click the link to switch the active language.<\/p><p><strong>Dev sosyal a\u011f Facebook taraf\u0131ndan \u00e7evreci ad\u0131mlar at\u0131lma haz\u0131rl\u0131klar\u0131na ba\u015flan\u0131yor. \u015eirket bundan sonraki faaliyetlerini yenilenebilir enerjiyle g\u00fc\u00e7lendirmeyi hedefliyor. B\u00f6ylece sera gaz\u0131 emisyonlar\u0131n\u0131 da d\u00fc\u015f\u00fcrmeyi hedefleyen bu proje, 2021&#8217;e kadar tamamlanacak.<\/strong><span id=\"more-101622\"><\/span><\/p>\n<p><img loading=\"lazy\" class=\"alignleft size-medium wp-image-78125\" src=\"https:\/\/www.enerjigazetesi.ist\/wp-content\/uploads\/2018\/08\/facebook-2021-yilina-kadar-yenilenebilir-enerjiye-gecis-yapacak-300x174.jpg\" alt=\"\" width=\"300\" height=\"174\" srcset=\"https:\/\/www.enerjigazetesi.ist\/wp-content\/uploads\/2018\/08\/facebook-2021-yilina-kadar-yenilenebilir-enerjiye-gecis-yapacak-300x174.jpg 300w, https:\/\/www.enerjigazetesi.ist\/wp-content\/uploads\/2018\/08\/facebook-2021-yilina-kadar-yenilenebilir-enerjiye-gecis-yapacak-768x445.jpg 768w, https:\/\/www.enerjigazetesi.ist\/wp-content\/uploads\/2018\/08\/facebook-2021-yilina-kadar-yenilenebilir-enerjiye-gecis-yapacak-500x289.jpg 500w, https:\/\/www.enerjigazetesi.ist\/wp-content\/uploads\/2018\/08\/facebook-2021-yilina-kadar-yenilenebilir-enerjiye-gecis-yapacak-80x46.jpg 80w, https:\/\/www.enerjigazetesi.ist\/wp-content\/uploads\/2018\/08\/facebook-2021-yilina-kadar-yenilenebilir-enerjiye-gecis-yapacak.jpg 843w\" sizes=\"(max-width: 300px) 100vw, 300px\" \/>A\u00e7\u0131klama yapan Facebook, 2020&#8217;nin sonuna kadar t\u00fcm k\u00fcresel faaliyetlerini yenilenebilir enerjiyle g\u00fc\u00e7lendirmenin planland\u0131\u011f\u0131 a\u00e7\u0131kland\u0131. Bunun yan\u0131 s\u0131ra sera gaz\u0131 emisyonlar\u0131n\u0131 da ayn\u0131 s\u00fcre\u00e7 i\u00e7erisinde y\u00fczde 75 oran\u0131nda azaltma taahh\u00fcd\u00fcnde bulunuldu.<\/p>\n<p>Facebook s\u00f6zc\u00fcs\u00fc yapt\u0131\u011f\u0131 a\u00e7\u0131klamada, \u201c\u0130htiya\u00e7lar\u0131m\u0131za uyan ve enerji piyasalar\u0131n\u0131 ileriye ta\u015f\u0131yabilecek yenilenebilir enerji \u00e7\u00f6z\u00fcmleri bulmak i\u00e7in a\u00e7\u0131k ve yenilik\u00e7i bir yakla\u015f\u0131m getirmekteyiz. Altyap\u0131y\u0131 in\u015fa ederek di\u011fer al\u0131c\u0131lara projeler a\u00e7arak veya ye\u015fil tarife kurarak; m\u00fc\u015fterilerin yerel tesislerinden yenilenebilir enerji sat\u0131n almalar\u0131n\u0131 sa\u011flayarak, di\u011fer \u015firketler ve kurulu\u015flar i\u00e7in yenilenebilir enerji kaynaklar\u0131na eri\u015fim sa\u011flamak i\u00e7in \u00e7al\u0131\u015fmaktay\u0131z\u201d ifadelerini kulland\u0131.<\/p>","protected":false},"excerpt":{"rendered":"<p>Sorry, this entry is only available in Turkish. For the sake of viewer convenience, the content is shown below in the alternative language. You may click the link to switch the active language.Dev sosyal a\u011f Facebook taraf\u0131ndan \u00e7evreci ad\u0131mlar at\u0131lma haz\u0131rl\u0131klar\u0131na ba\u015flan\u0131yor. \u015eirket bundan sonraki faaliyetlerini yenilenebilir enerjiyle g\u00fc\u00e7lendirmeyi hedefliyor. B\u00f6ylece sera gaz\u0131 emisyonlar\u0131n\u0131 da [&hellip;]<\/p>\n","protected":false},"author":1,"featured_media":78125,"comment_status":"open","ping_status":"open","sticky":false,"template":"","format":"standard","meta":[],"categories":[53,49,50],"tags":[67,1009,2326,35038,23416,23133,35002,24949,23318],"views":877,"_links":{"self":[{"href":"https:\/\/www.enerjigazetesi.ist\/en\/wp-json\/wp\/v2\/posts\/78124"}],"collection":[{"href":"https:\/\/www.enerjigazetesi.ist\/en\/wp-json\/wp\/v2\/posts"}],"about":[{"href":"https:\/\/www.enerjigazetesi.ist\/en\/wp-json\/wp\/v2\/types\/post"}],"author":[{"embeddable":true,"href":"https:\/\/www.enerjigazetesi.ist\/en\/wp-json\/wp\/v2\/users\/1"}],"replies":[{"embeddable":true,"href":"https:\/\/www.enerjigazetesi.ist\/en\/wp-json\/wp\/v2\/comments?post=78124"}],"version-history":[{"count":1,"href":"https:\/\/www.enerjigazetesi.ist\/en\/wp-json\/wp\/v2\/posts\/78124\/revisions"}],"predecessor-version":[{"id":78126,"href":"https:\/\/www.enerjigazetesi.ist\/en\/wp-json\/wp\/v2\/posts\/78124\/revisions\/78126"}],"wp:featuredmedia":[{"embeddable":true,"href":"https:\/\/www.enerjigazetesi.ist\/en\/wp-json\/wp\/v2\/media\/78125"}],"wp:attachment":[{"href":"https:\/\/www.enerjigazetesi.ist\/en\/wp-json\/wp\/v2\/media?parent=78124"}],"wp:term":[{"taxonomy":"category","embeddable":true,"href":"https:\/\/www.enerjigazetesi.ist\/en\/wp-json\/wp\/v2\/categories?post=78124"},{"taxonomy":"post_tag","embeddable":true,"href":"https:\/\/www.enerjigazetesi.ist\/en\/wp-json\/wp\/v2\/tags?post=78124"}],"curies":[{"name":"wp","href":"https:\/\/api.w.org\/{rel}","templated":true}]}}