{"id":78116,"date":"2018-08-29T16:36:43","date_gmt":"2018-08-29T13:36:43","guid":{"rendered":"https:\/\/www.enerjigazetesi.ist\/?p=78116"},"modified":"2018-08-30T16:21:31","modified_gmt":"2018-08-30T13:21:31","slug":"kuresel-ruzgar-ve-gunes-enerjisi-ureticileri-ilk-trilyon-wattlarini-gordu","status":"publish","type":"post","link":"https:\/\/www.enerjigazetesi.ist\/en\/kuresel-ruzgar-ve-gunes-enerjisi-ureticileri-ilk-trilyon-wattlarini-gordu\/","title":{"rendered":"(Turkish) K\u00fcresel R\u00fczgar ve G\u00fcne\u015f Enerjisi \u00dcreticileri &#8220;\u0130lk Trilyon Watt&#8221;lar\u0131n\u0131 G\u00f6rd\u00fc!"},"content":{"rendered":"<p class=\"qtranxs-available-languages-message qtranxs-available-languages-message-en\">Sorry, this entry is only available in <a href=\"https:\/\/www.enerjigazetesi.ist\/tr\/wp-json\/wp\/v2\/posts\/78116\" class=\"qtranxs-available-language-link qtranxs-available-language-link-tr\" title=\"Turkish\">Turkish<\/a>. For the sake of viewer convenience, the content is shown below in the alternative language. You may click the link to switch the active language.<\/p><p><\/p>\n<h3 data-fontsize=\"16\" data-lineheight=\"24\">K\u00fcresel r\u00fczgar ve g\u00fcne\u015f enerjisinde kurulu kapasite Haziran ay\u0131 sonunda 1 TW\u2019\u0131 (Terawatt) a\u015farak rekor seviyeye ula\u015ft\u0131.\u00a0Bir \u00a0sonraki\u00a01 TW\u2019\u0131n 2023 y\u0131l\u0131na kadar ger\u00e7ekle\u015fece\u011fi tahmin ediliyor.<\/h3>\n<p>Bloomberg New Energy Finance\u2019\u0131n (BNEF) haz\u0131rlad\u0131\u011f\u0131 \u00e7al\u0131\u015fmaya g\u00f6re, t\u00fcm d\u00fcnyada Haziran ay\u0131 sonu itibariyle toplam 1.013 GW r\u00fczgar ve g\u00fcne\u015f enerjisi kapasitesi bulunuyor.<\/p>\n<p><a href=\"http:\/\/gunder.org.tr\/wp-content\/uploads\/tablo-bnef-global-solar-wind.jpg\"><img loading=\"lazy\" class=\"aligncenter wp-image-4488 \" src=\"http:\/\/gunder.org.tr\/wp-content\/uploads\/tablo-bnef-global-solar-wind.jpg\" alt=\"\" width=\"999\" height=\"521\" \/><\/a>Analize g\u00f6re,\u00a0g\u00fcne\u015f ve r\u00fczgar enerjisi kapasitesi 40 y\u0131ll\u0131k s\u00fcrecin sonunda 2,3 trilyon dolarl\u0131k yat\u0131r\u0131mla 1 TW seviyesine ula\u015ft\u0131.\u00a0Bir \u00a0sonraki\u00a01 TW ise 2023 y\u0131l\u0131na kadar ger\u00e7ekle\u015ftirilecek ve 1.2 trilyon dolara mal olacak.<\/p>\n<p><strong>Kaynak:\u00a0<a href=\"https:\/\/www.bloomberg.com\/news\/articles\/2018-08-02\/green-energy-capacity-passes-a-trillion-watts\">Bloomberg NEF<\/a><\/strong><\/p>","protected":false},"excerpt":{"rendered":"<p>Sorry, this entry is only available in Turkish. For the sake of viewer convenience, the content is shown below in the alternative language. You may click the link to switch the active language. K\u00fcresel r\u00fczgar ve g\u00fcne\u015f enerjisinde kurulu kapasite Haziran ay\u0131 sonunda 1 TW\u2019\u0131 (Terawatt) a\u015farak rekor seviyeye ula\u015ft\u0131.\u00a0Bir \u00a0sonraki\u00a01 TW\u2019\u0131n 2023 y\u0131l\u0131na kadar [&hellip;]<\/p>\n","protected":false},"author":1,"featured_media":38905,"comment_status":"open","ping_status":"open","sticky":false,"template":"","format":"standard","meta":[],"categories":[53,49,50],"tags":[67,1009,2326,23416,2569,474,24949,231],"views":1340,"_links":{"self":[{"href":"https:\/\/www.enerjigazetesi.ist\/en\/wp-json\/wp\/v2\/posts\/78116"}],"collection":[{"href":"https:\/\/www.enerjigazetesi.ist\/en\/wp-json\/wp\/v2\/posts"}],"about":[{"href":"https:\/\/www.enerjigazetesi.ist\/en\/wp-json\/wp\/v2\/types\/post"}],"author":[{"embeddable":true,"href":"https:\/\/www.enerjigazetesi.ist\/en\/wp-json\/wp\/v2\/users\/1"}],"replies":[{"embeddable":true,"href":"https:\/\/www.enerjigazetesi.ist\/en\/wp-json\/wp\/v2\/comments?post=78116"}],"version-history":[{"count":2,"href":"https:\/\/www.enerjigazetesi.ist\/en\/wp-json\/wp\/v2\/posts\/78116\/revisions"}],"predecessor-version":[{"id":78127,"href":"https:\/\/www.enerjigazetesi.ist\/en\/wp-json\/wp\/v2\/posts\/78116\/revisions\/78127"}],"wp:featuredmedia":[{"embeddable":true,"href":"https:\/\/www.enerjigazetesi.ist\/en\/wp-json\/wp\/v2\/media\/38905"}],"wp:attachment":[{"href":"https:\/\/www.enerjigazetesi.ist\/en\/wp-json\/wp\/v2\/media?parent=78116"}],"wp:term":[{"taxonomy":"category","embeddable":true,"href":"https:\/\/www.enerjigazetesi.ist\/en\/wp-json\/wp\/v2\/categories?post=78116"},{"taxonomy":"post_tag","embeddable":true,"href":"https:\/\/www.enerjigazetesi.ist\/en\/wp-json\/wp\/v2\/tags?post=78116"}],"curies":[{"name":"wp","href":"https:\/\/api.w.org\/{rel}","templated":true}]}}