{"id":78087,"date":"2018-08-28T18:01:35","date_gmt":"2018-08-28T15:01:35","guid":{"rendered":"https:\/\/www.enerjigazetesi.ist\/?p=78087"},"modified":"2018-08-28T18:01:35","modified_gmt":"2018-08-28T15:01:35","slug":"elazigin-sarigul-koyunde-gunes-enerjisi-santrali-ges-kurulumu-yapilacak","status":"publish","type":"post","link":"https:\/\/www.enerjigazetesi.ist\/en\/elazigin-sarigul-koyunde-gunes-enerjisi-santrali-ges-kurulumu-yapilacak\/","title":{"rendered":"(Turkish) Elaz\u0131\u011f&#8217;\u0131n Sar\u0131g\u00fcl K\u00f6y\u00fc&#8217;nde G\u00fcne\u015f Enerjisi Santrali (GES) Kurulumu Yap\u0131lacak"},"content":{"rendered":"<p class=\"qtranxs-available-languages-message qtranxs-available-languages-message-en\">Sorry, this entry is only available in <a href=\"https:\/\/www.enerjigazetesi.ist\/tr\/wp-json\/wp\/v2\/posts\/78087\" class=\"qtranxs-available-language-link qtranxs-available-language-link-tr\" title=\"Turkish\">Turkish<\/a>. For the sake of viewer convenience, the content is shown below in the alternative language. You may click the link to switch the active language.<\/p><p><strong>Elaz\u0131\u011f&#8217;\u0131n Sar\u0131g\u00fcl k\u00f6y\u00fcne g\u00fcne\u015f enerji santral\u0131 kurulumu ile g\u00fcne\u015ften elde edilecek enerjiyle hem k\u00f6ydeki evlerin hemde bah\u00e7elerin elektrik ihtiya\u00e7lar\u0131n\u0131n kar\u015f\u0131lanmas\u0131 \u00f6ng\u00f6r\u00fclmektedir.<img loading=\"lazy\" class=\"alignright size-medium wp-image-78089\" src=\"https:\/\/www.enerjigazetesi.ist\/wp-content\/uploads\/2018\/08\/elazigin-sarigul-koyunde-gunes-enerjisi-santrali-ges-kurulumu-yapilacak-300x169.png\" alt=\"\" width=\"300\" height=\"169\" srcset=\"https:\/\/www.enerjigazetesi.ist\/wp-content\/uploads\/2018\/08\/elazigin-sarigul-koyunde-gunes-enerjisi-santrali-ges-kurulumu-yapilacak-300x169.png 300w, https:\/\/www.enerjigazetesi.ist\/wp-content\/uploads\/2018\/08\/elazigin-sarigul-koyunde-gunes-enerjisi-santrali-ges-kurulumu-yapilacak-500x281.png 500w, https:\/\/www.enerjigazetesi.ist\/wp-content\/uploads\/2018\/08\/elazigin-sarigul-koyunde-gunes-enerjisi-santrali-ges-kurulumu-yapilacak-80x45.png 80w, https:\/\/www.enerjigazetesi.ist\/wp-content\/uploads\/2018\/08\/elazigin-sarigul-koyunde-gunes-enerjisi-santrali-ges-kurulumu-yapilacak.png 640w\" sizes=\"(max-width: 300px) 100vw, 300px\" \/><\/strong><\/p>\n<p>Projeyle ilk olarak Elaz\u0131\u011f\u2019\u0131n merkeze ba\u011fl\u0131 Sar\u0131g\u00fcl k\u00f6y\u00fcnde santrali kurulaca\u011f\u0131 bilgisi verilirken merkeze 28 kilometre uzakl\u0131kta yer alan 64 hanelik k\u00f6y\u00fcn sakinleri de ihalesi yap\u0131lan projenin hayata ge\u00e7irilmesini b\u00fcy\u00fck bir heyecan ile beklemektedir.<\/p>\n<p>Di\u011fer yandan Elaz\u0131\u011f&#8217;da baz\u0131 b\u00f6lgelerde de G\u00fcne\u015f tarlalar\u0131 kurularak, elektrik \u00fcretiminin ba\u015flad\u0131\u011f\u0131 bilgisi de verilirken \u00f6rnek g\u00fcne\u015f tarlalar\u0131ndan yola \u00e7\u0131k\u0131larak, k\u00f6ylerde belirli noktalara da benzer enerji \u00fcretimi i\u00e7in tarlalar kurulmas\u0131yla \u00f6zellikle bah\u00e7elerde kullan\u0131lan elektri\u011fin faturas\u0131n\u0131n da ciddi oranda d\u00fc\u015fece\u011fi belirtilmektedir.<\/p>\n<p>Kaynak: <a href=\"https:\/\/www.haberturk.com\/elazig-haberleri\/62999104-bu-koy-gunes-enerjisiyle-aydinlanacakturkiyenin-enerjide-disa-bagimliligini-sonlandirmak\" target=\"_blank\" rel=\"nofollow noopener\">Haberturk<\/a><\/p>\n<p>&nbsp;<\/p>","protected":false},"excerpt":{"rendered":"<p>Sorry, this entry is only available in Turkish. For the sake of viewer convenience, the content is shown below in the alternative language. You may click the link to switch the active language.Elaz\u0131\u011f&#8217;\u0131n Sar\u0131g\u00fcl k\u00f6y\u00fcne g\u00fcne\u015f enerji santral\u0131 kurulumu ile g\u00fcne\u015ften elde edilecek enerjiyle hem k\u00f6ydeki evlerin hemde bah\u00e7elerin elektrik ihtiya\u00e7lar\u0131n\u0131n kar\u015f\u0131lanmas\u0131 \u00f6ng\u00f6r\u00fclmektedir. Projeyle ilk [&hellip;]<\/p>\n","protected":false},"author":1,"featured_media":78089,"comment_status":"open","ping_status":"open","sticky":false,"template":"","format":"standard","meta":[],"categories":[53,49],"tags":[4249,67,1009,2326,23416,2569,23133,23131,39013],"views":1125,"_links":{"self":[{"href":"https:\/\/www.enerjigazetesi.ist\/en\/wp-json\/wp\/v2\/posts\/78087"}],"collection":[{"href":"https:\/\/www.enerjigazetesi.ist\/en\/wp-json\/wp\/v2\/posts"}],"about":[{"href":"https:\/\/www.enerjigazetesi.ist\/en\/wp-json\/wp\/v2\/types\/post"}],"author":[{"embeddable":true,"href":"https:\/\/www.enerjigazetesi.ist\/en\/wp-json\/wp\/v2\/users\/1"}],"replies":[{"embeddable":true,"href":"https:\/\/www.enerjigazetesi.ist\/en\/wp-json\/wp\/v2\/comments?post=78087"}],"version-history":[{"count":1,"href":"https:\/\/www.enerjigazetesi.ist\/en\/wp-json\/wp\/v2\/posts\/78087\/revisions"}],"predecessor-version":[{"id":78090,"href":"https:\/\/www.enerjigazetesi.ist\/en\/wp-json\/wp\/v2\/posts\/78087\/revisions\/78090"}],"wp:featuredmedia":[{"embeddable":true,"href":"https:\/\/www.enerjigazetesi.ist\/en\/wp-json\/wp\/v2\/media\/78089"}],"wp:attachment":[{"href":"https:\/\/www.enerjigazetesi.ist\/en\/wp-json\/wp\/v2\/media?parent=78087"}],"wp:term":[{"taxonomy":"category","embeddable":true,"href":"https:\/\/www.enerjigazetesi.ist\/en\/wp-json\/wp\/v2\/categories?post=78087"},{"taxonomy":"post_tag","embeddable":true,"href":"https:\/\/www.enerjigazetesi.ist\/en\/wp-json\/wp\/v2\/tags?post=78087"}],"curies":[{"name":"wp","href":"https:\/\/api.w.org\/{rel}","templated":true}]}}