{"id":78039,"date":"2018-08-27T16:00:51","date_gmt":"2018-08-27T13:00:51","guid":{"rendered":"https:\/\/www.enerjigazetesi.ist\/?p=78039"},"modified":"2018-08-27T16:00:51","modified_gmt":"2018-08-27T13:00:51","slug":"kahta-osbnin-ilk-gunes-enerjisi-santralleri-devreye-girdi","status":"publish","type":"post","link":"https:\/\/www.enerjigazetesi.ist\/en\/kahta-osbnin-ilk-gunes-enerjisi-santralleri-devreye-girdi\/","title":{"rendered":"(Turkish) Kahta OSB&#8217;nin \u0130lk G\u00fcne\u015f Enerjisi Santralleri Devreye Girdi"},"content":{"rendered":"<p class=\"qtranxs-available-languages-message qtranxs-available-languages-message-en\">Sorry, this entry is only available in <a href=\"https:\/\/www.enerjigazetesi.ist\/tr\/wp-json\/wp\/v2\/posts\/78039\" class=\"qtranxs-available-language-link qtranxs-available-language-link-tr\" title=\"Turkish\">Turkish<\/a>. For the sake of viewer convenience, the content is shown below in the alternative language. You may click the link to switch the active language.<\/p><p><strong>ADIYAMAN&#8217;\u0131n Kahta il\u00e7esinde Organize Sanayi B\u00f6lgesi\u2019nde yer alan yenilenebilir enerji kaynakl\u0131 ilk g\u00fcne\u015f enerji santralleri devreye al\u0131nd\u0131.<\/strong><\/p>\n<p>OSB\u2019de faaliyet g\u00f6stermekte olan iki firma taraf\u0131ndan hem \u00e7at\u0131 hem de arazide kurulan g\u00fcne\u015f panelleri Teda\u015f Genel M\u00fcd\u00fcrl\u00fc\u011f\u00fc ve OSB yetkililerince ge\u00e7ici kabul i\u015flemleri ger\u00e7ekle\u015ftirilerek faaliyete ge\u00e7irildi.<\/p>\n<p><img loading=\"lazy\" class=\"alignright size-medium wp-image-78040\" src=\"https:\/\/www.enerjigazetesi.ist\/wp-content\/uploads\/2018\/08\/kahta-osbnin-ilk-gunes-enerjisi-santralleri-devreye-girdi-300x169.jpg\" alt=\"\" width=\"300\" height=\"169\" srcset=\"https:\/\/www.enerjigazetesi.ist\/wp-content\/uploads\/2018\/08\/kahta-osbnin-ilk-gunes-enerjisi-santralleri-devreye-girdi-300x169.jpg 300w, https:\/\/www.enerjigazetesi.ist\/wp-content\/uploads\/2018\/08\/kahta-osbnin-ilk-gunes-enerjisi-santralleri-devreye-girdi-500x281.jpg 500w, https:\/\/www.enerjigazetesi.ist\/wp-content\/uploads\/2018\/08\/kahta-osbnin-ilk-gunes-enerjisi-santralleri-devreye-girdi-80x45.jpg 80w, https:\/\/www.enerjigazetesi.ist\/wp-content\/uploads\/2018\/08\/kahta-osbnin-ilk-gunes-enerjisi-santralleri-devreye-girdi.jpg 590w\" sizes=\"(max-width: 300px) 100vw, 300px\" \/>240 kW ve 150 kW kurulu g\u00fcce sahip olarak kurulan g\u00fcne\u015f santralleri y\u0131lda yakla\u015f\u0131k 700 bin kilowatt\u00a0saat (kWh) elektrik enerjisi \u00fcretecek olup 400 ton karbon sal\u0131n\u0131m\u0131n\u0131 engelleyecek kapasiteye sahip olacakt\u0131r. G\u00fcne\u015f \u0131\u015f\u0131n\u0131m\u0131 a\u00e7\u0131s\u0131ndan ortalama 1800 kWh\/ metrekareye\u00a0sahip ve g\u00fcne\u015flenme s\u00fcreleri uzunlu\u011fu olarakta T\u00fcrkiye\u2019nin en \u00f6nemli merkezlerinden biri konumundaki Kahta Organize Sanayi B\u00f6lgesi\u2019nin ilk g\u00fcne\u015f enerji santralleri \u00e7evre dostu enerji \u00fcretimi ile \u00fclke ekonomisine katk\u0131 sa\u011flayacak. Toplam olarak 1600 fotovoltaik panel ve 12 eviricinin kullan\u0131ld\u0131\u011f\u0131 projede maliyet ise yakla\u015f\u0131k 1 milyon 800 bin TL&#8217;dir.<\/p>","protected":false},"excerpt":{"rendered":"<p>Sorry, this entry is only available in Turkish. For the sake of viewer convenience, the content is shown below in the alternative language. You may click the link to switch the active language.ADIYAMAN&#8217;\u0131n Kahta il\u00e7esinde Organize Sanayi B\u00f6lgesi\u2019nde yer alan yenilenebilir enerji kaynakl\u0131 ilk g\u00fcne\u015f enerji santralleri devreye al\u0131nd\u0131. OSB\u2019de faaliyet g\u00f6stermekte olan iki firma [&hellip;]<\/p>\n","protected":false},"author":1,"featured_media":78040,"comment_status":"open","ping_status":"open","sticky":false,"template":"","format":"standard","meta":[],"categories":[51,53,49],"tags":[67,1009,2326,23416,2569,23133,23131,36764,36765],"views":671,"_links":{"self":[{"href":"https:\/\/www.enerjigazetesi.ist\/en\/wp-json\/wp\/v2\/posts\/78039"}],"collection":[{"href":"https:\/\/www.enerjigazetesi.ist\/en\/wp-json\/wp\/v2\/posts"}],"about":[{"href":"https:\/\/www.enerjigazetesi.ist\/en\/wp-json\/wp\/v2\/types\/post"}],"author":[{"embeddable":true,"href":"https:\/\/www.enerjigazetesi.ist\/en\/wp-json\/wp\/v2\/users\/1"}],"replies":[{"embeddable":true,"href":"https:\/\/www.enerjigazetesi.ist\/en\/wp-json\/wp\/v2\/comments?post=78039"}],"version-history":[{"count":1,"href":"https:\/\/www.enerjigazetesi.ist\/en\/wp-json\/wp\/v2\/posts\/78039\/revisions"}],"predecessor-version":[{"id":78041,"href":"https:\/\/www.enerjigazetesi.ist\/en\/wp-json\/wp\/v2\/posts\/78039\/revisions\/78041"}],"wp:featuredmedia":[{"embeddable":true,"href":"https:\/\/www.enerjigazetesi.ist\/en\/wp-json\/wp\/v2\/media\/78040"}],"wp:attachment":[{"href":"https:\/\/www.enerjigazetesi.ist\/en\/wp-json\/wp\/v2\/media?parent=78039"}],"wp:term":[{"taxonomy":"category","embeddable":true,"href":"https:\/\/www.enerjigazetesi.ist\/en\/wp-json\/wp\/v2\/categories?post=78039"},{"taxonomy":"post_tag","embeddable":true,"href":"https:\/\/www.enerjigazetesi.ist\/en\/wp-json\/wp\/v2\/tags?post=78039"}],"curies":[{"name":"wp","href":"https:\/\/api.w.org\/{rel}","templated":true}]}}