{"id":78015,"date":"2018-08-26T22:59:08","date_gmt":"2018-08-26T19:59:08","guid":{"rendered":"https:\/\/www.enerjigazetesi.ist\/?p=78015"},"modified":"2018-08-26T22:59:08","modified_gmt":"2018-08-26T19:59:08","slug":"ab-yenilenebilir-enerjideki-hedefini-belirledi","status":"publish","type":"post","link":"https:\/\/www.enerjigazetesi.ist\/en\/ab-yenilenebilir-enerjideki-hedefini-belirledi\/","title":{"rendered":"(Turkish) AB Yenilenebilir Enerji&#8217;deki Hedefini Belirledi"},"content":{"rendered":"<p class=\"qtranxs-available-languages-message qtranxs-available-languages-message-en\">Sorry, this entry is only available in <a href=\"https:\/\/www.enerjigazetesi.ist\/tr\/wp-json\/wp\/v2\/posts\/78015\" class=\"qtranxs-available-language-link qtranxs-available-language-link-tr\" title=\"Turkish\">Turkish<\/a>. For the sake of viewer convenience, the content is shown below in the alternative language. You may click the link to switch the active language.<\/p><p><strong>Avrupa Birli\u011fi \u00fcyesi \u00fclkeler taraf\u0131ndan 2030 y\u0131l\u0131na kadar enerjinin en az y\u00fczde 32&#8217;sinin yenilenebilir kaynaklardan sa\u011flanmas\u0131 konusunda anla\u015fma sa\u011fland\u0131.<\/strong><\/p>\n<p><img loading=\"lazy\" class=\"alignleft size-medium wp-image-78016\" src=\"https:\/\/www.enerjigazetesi.ist\/wp-content\/uploads\/2018\/08\/ab-yenilenebilir-enerjideki-hedefini-belirledi-300x182.jpg\" alt=\"\" width=\"300\" height=\"182\" srcset=\"https:\/\/www.enerjigazetesi.ist\/wp-content\/uploads\/2018\/08\/ab-yenilenebilir-enerjideki-hedefini-belirledi-300x182.jpg 300w, https:\/\/www.enerjigazetesi.ist\/wp-content\/uploads\/2018\/08\/ab-yenilenebilir-enerjideki-hedefini-belirledi-500x304.jpg 500w, https:\/\/www.enerjigazetesi.ist\/wp-content\/uploads\/2018\/08\/ab-yenilenebilir-enerjideki-hedefini-belirledi-80x50.jpg 80w, https:\/\/www.enerjigazetesi.ist\/wp-content\/uploads\/2018\/08\/ab-yenilenebilir-enerjideki-hedefini-belirledi.jpg 612w\" sizes=\"(max-width: 300px) 100vw, 300px\" \/>Avrupa Birli\u011fi&#8217;nce aylar s\u00fcren g\u00f6r\u00fc\u015fmeler ve s\u0131k s\u0131k de\u011fi\u015ftirilen hedeflerden sonra yeni iklim kurallar\u0131 \u00fczerindeki \u00e7al\u0131\u015fmalarda tamamland\u0131. Nihai anla\u015fma sonucunda 2030&#8217;a kadar toplam enerji tasarruf hedefinin y\u00fczde 32,5 olaca\u011f\u0131 belirtilirken yenilenebilir enerjinin toplam enerji \u00fcretimi i\u00e7indeki pay\u0131n\u0131n ise y\u00fczde 32 olaca\u011f\u0131 ortaya kondu.<\/p>\n<p>Y\u0131l ba\u015f\u0131nda AB bu hedefi y\u00fczde 35 olarak belirlemi\u015fken AP ve Avrupa Konseyi ortak anla\u015fmaya ula\u015fmaya y\u00f6nelik\u00a0 komisyonla \u00fc\u00e7l\u00fc g\u00f6r\u00fc\u015fmeler yapmaya ba\u015flam\u0131\u015ft\u0131.<\/p>","protected":false},"excerpt":{"rendered":"<p>Sorry, this entry is only available in Turkish. For the sake of viewer convenience, the content is shown below in the alternative language. You may click the link to switch the active language.Avrupa Birli\u011fi \u00fcyesi \u00fclkeler taraf\u0131ndan 2030 y\u0131l\u0131na kadar enerjinin en az y\u00fczde 32&#8217;sinin yenilenebilir kaynaklardan sa\u011flanmas\u0131 konusunda anla\u015fma sa\u011fland\u0131. Avrupa Birli\u011fi&#8217;nce aylar s\u00fcren [&hellip;]<\/p>\n","protected":false},"author":1,"featured_media":78016,"comment_status":"open","ping_status":"open","sticky":false,"template":"","format":"standard","meta":[],"categories":[53,49,50],"tags":[1192,14489,67,1009,103,10057,842,105,26829],"views":911,"_links":{"self":[{"href":"https:\/\/www.enerjigazetesi.ist\/en\/wp-json\/wp\/v2\/posts\/78015"}],"collection":[{"href":"https:\/\/www.enerjigazetesi.ist\/en\/wp-json\/wp\/v2\/posts"}],"about":[{"href":"https:\/\/www.enerjigazetesi.ist\/en\/wp-json\/wp\/v2\/types\/post"}],"author":[{"embeddable":true,"href":"https:\/\/www.enerjigazetesi.ist\/en\/wp-json\/wp\/v2\/users\/1"}],"replies":[{"embeddable":true,"href":"https:\/\/www.enerjigazetesi.ist\/en\/wp-json\/wp\/v2\/comments?post=78015"}],"version-history":[{"count":1,"href":"https:\/\/www.enerjigazetesi.ist\/en\/wp-json\/wp\/v2\/posts\/78015\/revisions"}],"predecessor-version":[{"id":78017,"href":"https:\/\/www.enerjigazetesi.ist\/en\/wp-json\/wp\/v2\/posts\/78015\/revisions\/78017"}],"wp:featuredmedia":[{"embeddable":true,"href":"https:\/\/www.enerjigazetesi.ist\/en\/wp-json\/wp\/v2\/media\/78016"}],"wp:attachment":[{"href":"https:\/\/www.enerjigazetesi.ist\/en\/wp-json\/wp\/v2\/media?parent=78015"}],"wp:term":[{"taxonomy":"category","embeddable":true,"href":"https:\/\/www.enerjigazetesi.ist\/en\/wp-json\/wp\/v2\/categories?post=78015"},{"taxonomy":"post_tag","embeddable":true,"href":"https:\/\/www.enerjigazetesi.ist\/en\/wp-json\/wp\/v2\/tags?post=78015"}],"curies":[{"name":"wp","href":"https:\/\/api.w.org\/{rel}","templated":true}]}}