{"id":78004,"date":"2018-08-25T22:30:57","date_gmt":"2018-08-25T19:30:57","guid":{"rendered":"https:\/\/www.enerjigazetesi.ist\/?p=78004"},"modified":"2018-08-25T22:30:57","modified_gmt":"2018-08-25T19:30:57","slug":"gunes-arabasinin-boyutu-kucultulerek-verimi-artirilacak","status":"publish","type":"post","link":"https:\/\/www.enerjigazetesi.ist\/en\/gunes-arabasinin-boyutu-kucultulerek-verimi-artirilacak\/","title":{"rendered":"(Turkish) G\u00fcne\u015f Arabas\u0131n\u0131n Boyutu K\u00fc\u00e7\u00fclt\u00fclerek Verimi Art\u0131r\u0131lacak"},"content":{"rendered":"<p class=\"qtranxs-available-languages-message qtranxs-available-languages-message-en\">Sorry, this entry is only available in <a href=\"https:\/\/www.enerjigazetesi.ist\/tr\/wp-json\/wp\/v2\/posts\/78004\" class=\"qtranxs-available-language-link qtranxs-available-language-link-tr\" title=\"Turkish\">Turkish<\/a>. For the sake of viewer convenience, the content is shown below in the alternative language. You may click the link to switch the active language.<\/p><p><strong>\u0130zmir\u2019de 15 y\u0131l \u00f6nce kurularak 5\u2019i elektrikli, 5\u2019i de g\u00fcne\u015f enerjisi ile \u00e7al\u0131\u015fan 10 ara\u00e7 \u00fcretimi yapan Dokuz Eyl\u00fcl \u00dcniversitesi (DE\u00dc) Solaris G\u00fcne\u015f Arabalar\u0131 ekibi, gelecek y\u0131l Avustralya\u2019da d\u00fczenlenecek World Solar Challenge 2019 i\u00e7in 11\u2019inci ara\u00e7lar\u0131 olan S10\u2019u yapma haz\u0131rl\u0131klar\u0131n\u0131 s\u00fcrd\u00fcr\u00fcyor.<\/strong><\/p>\n<p>Kat\u0131ld\u0131klar\u0131 her yar\u0131\u015fta ve \u00fcrettikleri her ara\u00e7ta deneyimlerine deneyim katan ekip, saatte 25 kilometre <img loading=\"lazy\" class=\"alignright size-medium wp-image-78005\" src=\"https:\/\/www.enerjigazetesi.ist\/wp-content\/uploads\/2018\/08\/gunes-arabasinin-boyutu-kucultulerek-verimi-artirilacak-300x169.jpg\" alt=\"\" width=\"300\" height=\"169\" srcset=\"https:\/\/www.enerjigazetesi.ist\/wp-content\/uploads\/2018\/08\/gunes-arabasinin-boyutu-kucultulerek-verimi-artirilacak-300x169.jpg 300w, https:\/\/www.enerjigazetesi.ist\/wp-content\/uploads\/2018\/08\/gunes-arabasinin-boyutu-kucultulerek-verimi-artirilacak-500x281.jpg 500w, https:\/\/www.enerjigazetesi.ist\/wp-content\/uploads\/2018\/08\/gunes-arabasinin-boyutu-kucultulerek-verimi-artirilacak-80x45.jpg 80w, https:\/\/www.enerjigazetesi.ist\/wp-content\/uploads\/2018\/08\/gunes-arabasinin-boyutu-kucultulerek-verimi-artirilacak.jpg 750w\" sizes=\"(max-width: 300px) 100vw, 300px\" \/>h\u0131zla gidebilen, 300 kilogram a\u011f\u0131rl\u0131\u011f\u0131nda ve 50 kilometre menzile sahip ara\u00e7tan, bug\u00fcn 199 kilogram a\u011f\u0131rl\u0131\u011f\u0131nda ve ortalama 50 kilometre h\u0131z yapabilen bir araca ula\u015ft\u0131lar<\/p>\n<p>Solaris Projesi\u2019nin y\u00fcr\u00fct\u00fcc\u00fcl\u00fc\u011f\u00fcn\u00fc ve dan\u0131\u015fmanl\u0131\u011f\u0131n\u0131 y\u00fcr\u00fcten DE\u00dc Makine M\u00fchendisli\u011fi \u00d6\u011fretim \u00dcyesi Do\u00e7. Dr. Ayta\u00e7 G\u00f6ren taraf\u0131ndan yola \u201cy\u00fczde 100 yerlilik\u201d slogan\u0131yla \u00e7\u0131kt\u0131klar\u0131 vurguland\u0131. Bu yar\u0131\u015flar i\u00e7in yeni bir ara\u00e7 haz\u0131rl\u0131\u011f\u0131na ba\u015flad\u0131klar\u0131n\u0131 dile getiren G\u00f6ren, \u201cS10, 4 metrekare fotovoltaik alana sahip, 150 kilograml\u0131k bir ara\u00e7 olacakt\u0131r. Tasar\u0131m\u0131n\u0131 yapt\u0131k, asimetrik bir ta\u015f\u0131t d\u00fc\u015f\u00fcnmekteyiz. Arac\u0131n boyutunu y\u00fczde 33 k\u00fc\u00e7\u00fclterek verimlili\u011fi art\u0131racak \u00e7al\u0131\u015fmalar\u0131m\u0131z oldu, bunlar\u0131 uygulamaya koyaca\u011f\u0131z. Ayrodinamik a\u00e7\u0131s\u0131ndan yeni arac\u0131m\u0131zda verimi bir \u00f6ncekine g\u00f6re y\u00fczde 54 art\u0131\u015fa gittik. Bizim hedefimiz ilk 10\u2019da yer almak. S10\u2019da motor ve motor s\u00fcr\u00fcc\u00fcs\u00fc dahil hepsi kendi tasar\u0131m\u0131m\u0131z ve \u00fcretimimizdir.\u201d dedi.<\/p>\n<p>Kaynak: <a href=\"http:\/\/www.hurriyet.com.tr\/teknoloji\/gunes-arabasinda-boyutu-kucultup-verimi-artiracaklar-40913649\" target=\"_blank\" rel=\"noopener\">H\u00fcrriyet<\/a><\/p>","protected":false},"excerpt":{"rendered":"<p>Sorry, this entry is only available in Turkish. For the sake of viewer convenience, the content is shown below in the alternative language. You may click the link to switch the active language.\u0130zmir\u2019de 15 y\u0131l \u00f6nce kurularak 5\u2019i elektrikli, 5\u2019i de g\u00fcne\u015f enerjisi ile \u00e7al\u0131\u015fan 10 ara\u00e7 \u00fcretimi yapan Dokuz Eyl\u00fcl \u00dcniversitesi (DE\u00dc) Solaris G\u00fcne\u015f [&hellip;]<\/p>\n","protected":false},"author":1,"featured_media":78005,"comment_status":"open","ping_status":"open","sticky":false,"template":"","format":"standard","meta":[],"categories":[53,49],"tags":[37855,4400,67,1009,150,17256,23416,23133,23131,2689,35263,38984,38983],"views":689,"_links":{"self":[{"href":"https:\/\/www.enerjigazetesi.ist\/en\/wp-json\/wp\/v2\/posts\/78004"}],"collection":[{"href":"https:\/\/www.enerjigazetesi.ist\/en\/wp-json\/wp\/v2\/posts"}],"about":[{"href":"https:\/\/www.enerjigazetesi.ist\/en\/wp-json\/wp\/v2\/types\/post"}],"author":[{"embeddable":true,"href":"https:\/\/www.enerjigazetesi.ist\/en\/wp-json\/wp\/v2\/users\/1"}],"replies":[{"embeddable":true,"href":"https:\/\/www.enerjigazetesi.ist\/en\/wp-json\/wp\/v2\/comments?post=78004"}],"version-history":[{"count":1,"href":"https:\/\/www.enerjigazetesi.ist\/en\/wp-json\/wp\/v2\/posts\/78004\/revisions"}],"predecessor-version":[{"id":78006,"href":"https:\/\/www.enerjigazetesi.ist\/en\/wp-json\/wp\/v2\/posts\/78004\/revisions\/78006"}],"wp:featuredmedia":[{"embeddable":true,"href":"https:\/\/www.enerjigazetesi.ist\/en\/wp-json\/wp\/v2\/media\/78005"}],"wp:attachment":[{"href":"https:\/\/www.enerjigazetesi.ist\/en\/wp-json\/wp\/v2\/media?parent=78004"}],"wp:term":[{"taxonomy":"category","embeddable":true,"href":"https:\/\/www.enerjigazetesi.ist\/en\/wp-json\/wp\/v2\/categories?post=78004"},{"taxonomy":"post_tag","embeddable":true,"href":"https:\/\/www.enerjigazetesi.ist\/en\/wp-json\/wp\/v2\/tags?post=78004"}],"curies":[{"name":"wp","href":"https:\/\/api.w.org\/{rel}","templated":true}]}}