{"id":77942,"date":"2018-08-23T21:35:10","date_gmt":"2018-08-23T18:35:10","guid":{"rendered":"https:\/\/www.enerjigazetesi.ist\/?p=77942"},"modified":"2018-08-23T21:55:35","modified_gmt":"2018-08-23T18:55:35","slug":"gunes-enerjili-bisikletle-cikilan-dunya-turunda-sultanahmet-camii-molasi","status":"publish","type":"post","link":"https:\/\/www.enerjigazetesi.ist\/en\/gunes-enerjili-bisikletle-cikilan-dunya-turunda-sultanahmet-camii-molasi\/","title":{"rendered":"(Turkish) G\u00fcne\u015f Enerjili Bisikletle \u00c7\u0131k\u0131lan D\u00fcnya Turu&#8217;nda Sultanahmet Camii Molas\u0131!"},"content":{"rendered":"<p class=\"qtranxs-available-languages-message qtranxs-available-languages-message-en\">Sorry, this entry is only available in <a href=\"https:\/\/www.enerjigazetesi.ist\/tr\/wp-json\/wp\/v2\/posts\/77942\" class=\"qtranxs-available-language-link qtranxs-available-language-link-tr\" title=\"Turkish\">Turkish<\/a>. For the sake of viewer convenience, the content is shown below in the alternative language. You may click the link to switch the active language.<\/p><p><\/p>\n<p class=\"selectionShareable\"><strong>Fransa&#8217;da teknoloji m\u00fchendisli\u011fi \u00fczerine \u00e7al\u0131\u015fan 48 ya\u015f\u0131ndaki Jean Claude taraf\u0131ndan g\u00fcne\u015f enerjili bisikleti ile \u00e7\u0131k\u0131lan d\u00fcnya turunda T\u00fcrkiye dura\u011f\u0131 olan Sultanahmet\u00a0 Camii&#8217;nde mola verildi. <\/strong><\/p>\n<p class=\"selectionShareable\">Claude, kendi tasarlad\u0131\u011f\u0131 bisikletin tavan k\u0131sm\u0131nda bulunan paneller g\u00fcne\u015ften ald\u0131\u011f\u0131 \u0131\u015f\u0131nlar\u0131 enerjiye \u00e7evirmektedir. Ak\u00fcde biriken enerji ise kullan\u0131larak bisikletin yol almas\u0131n\u0131 sa\u011flamaktad\u0131r.<\/p>\n<p class=\"selectionShareable\"><strong><img loading=\"lazy\" class=\"alignleft size-medium wp-image-77943\" src=\"https:\/\/www.enerjigazetesi.ist\/wp-content\/uploads\/2018\/08\/gunes-enerjili-bisiklet-ile-dunya-turunda-sultanahmet-camiinde-mola-300x208.jpg\" alt=\"\" width=\"300\" height=\"208\" srcset=\"https:\/\/www.enerjigazetesi.ist\/wp-content\/uploads\/2018\/08\/gunes-enerjili-bisiklet-ile-dunya-turunda-sultanahmet-camiinde-mola-300x208.jpg 300w, https:\/\/www.enerjigazetesi.ist\/wp-content\/uploads\/2018\/08\/gunes-enerjili-bisiklet-ile-dunya-turunda-sultanahmet-camiinde-mola-500x347.jpg 500w, https:\/\/www.enerjigazetesi.ist\/wp-content\/uploads\/2018\/08\/gunes-enerjili-bisiklet-ile-dunya-turunda-sultanahmet-camiinde-mola-72x50.jpg 72w, https:\/\/www.enerjigazetesi.ist\/wp-content\/uploads\/2018\/08\/gunes-enerjili-bisiklet-ile-dunya-turunda-sultanahmet-camiinde-mola.jpg 640w\" sizes=\"(max-width: 300px) 100vw, 300px\" \/>&#8220;GELECE\u011e\u0130N ARA\u00c7LARI G\u00dcNE\u015e ENERJ\u0130S\u0130 \u0130LE \u00c7ALI\u015eACAK&#8221;<\/strong><\/p>\n<p class=\"selectionShareable\">Bisikleti tamamen kendi taraf\u0131ndan yapt\u0131\u011f\u0131 g\u00fcne\u015f enerjisi sistemi ile \u00e7al\u0131\u015ft\u0131\u011f\u0131n\u0131 belirten Claude, amac\u0131n\u0131n g\u00fcne\u015f enerjisi ile \u00e7ok uzun mesafe yap\u0131labilece\u011fini g\u00f6stermek oldu\u011funu dile getirdi. Fransa&#8217;da teknoloji m\u00fchendisi oldu\u011funu s\u00f6yleyen Claude, &#8220;\u0130stanbul&#8217;a ilk defa geldim d\u00fcnya turumda bana heyecan veren yer buras\u0131 olmu\u015ftur. Sultanahmet Camii&#8217;ni \u00e7ok merak etmekteydim. Toplam olarak 15 bin kilometre civar\u0131 yol yapaca\u011f\u0131m. Gelece\u011fin ara\u00e7lar\u0131 g\u00fcne\u015f enerjisiyle \u00e7al\u0131\u015facak. B\u00f6ylelikle temiz enerji ile uzun yollar yap\u0131laca\u011f\u0131n\u0131 g\u00f6stermeyi hedeflemekteyim&#8221; ifadelerini kulland\u0131.<\/p>\n<p><\/p>","protected":false},"excerpt":{"rendered":"<p>Sorry, this entry is only available in Turkish. For the sake of viewer convenience, the content is shown below in the alternative language. You may click the link to switch the active language. Fransa&#8217;da teknoloji m\u00fchendisli\u011fi \u00fczerine \u00e7al\u0131\u015fan 48 ya\u015f\u0131ndaki Jean Claude taraf\u0131ndan g\u00fcne\u015f enerjili bisikleti ile \u00e7\u0131k\u0131lan d\u00fcnya turunda T\u00fcrkiye dura\u011f\u0131 olan Sultanahmet\u00a0 Camii&#8217;nde [&hellip;]<\/p>\n","protected":false},"author":1,"featured_media":77943,"comment_status":"open","ping_status":"open","sticky":false,"template":"","format":"standard","meta":[],"categories":[51,53,49],"tags":[1558,67,1009,38964,23416,38965,23133,23131,38966,38967],"views":1446,"_links":{"self":[{"href":"https:\/\/www.enerjigazetesi.ist\/en\/wp-json\/wp\/v2\/posts\/77942"}],"collection":[{"href":"https:\/\/www.enerjigazetesi.ist\/en\/wp-json\/wp\/v2\/posts"}],"about":[{"href":"https:\/\/www.enerjigazetesi.ist\/en\/wp-json\/wp\/v2\/types\/post"}],"author":[{"embeddable":true,"href":"https:\/\/www.enerjigazetesi.ist\/en\/wp-json\/wp\/v2\/users\/1"}],"replies":[{"embeddable":true,"href":"https:\/\/www.enerjigazetesi.ist\/en\/wp-json\/wp\/v2\/comments?post=77942"}],"version-history":[{"count":6,"href":"https:\/\/www.enerjigazetesi.ist\/en\/wp-json\/wp\/v2\/posts\/77942\/revisions"}],"predecessor-version":[{"id":77952,"href":"https:\/\/www.enerjigazetesi.ist\/en\/wp-json\/wp\/v2\/posts\/77942\/revisions\/77952"}],"wp:featuredmedia":[{"embeddable":true,"href":"https:\/\/www.enerjigazetesi.ist\/en\/wp-json\/wp\/v2\/media\/77943"}],"wp:attachment":[{"href":"https:\/\/www.enerjigazetesi.ist\/en\/wp-json\/wp\/v2\/media?parent=77942"}],"wp:term":[{"taxonomy":"category","embeddable":true,"href":"https:\/\/www.enerjigazetesi.ist\/en\/wp-json\/wp\/v2\/categories?post=77942"},{"taxonomy":"post_tag","embeddable":true,"href":"https:\/\/www.enerjigazetesi.ist\/en\/wp-json\/wp\/v2\/tags?post=77942"}],"curies":[{"name":"wp","href":"https:\/\/api.w.org\/{rel}","templated":true}]}}