{"id":77902,"date":"2018-08-23T12:39:37","date_gmt":"2018-08-23T09:39:37","guid":{"rendered":"https:\/\/www.enerjigazetesi.ist\/?p=77902"},"modified":"2018-08-23T12:40:45","modified_gmt":"2018-08-23T09:40:45","slug":"avrupada-komur-terk-edilmeli","status":"publish","type":"post","link":"https:\/\/www.enerjigazetesi.ist\/en\/avrupada-komur-terk-edilmeli\/","title":{"rendered":"(Turkish) &#8221;Avrupa&#8217;da K\u00f6m\u00fcr Terk Edilmeli&#8221;"},"content":{"rendered":"<p class=\"qtranxs-available-languages-message qtranxs-available-languages-message-en\">Sorry, this entry is only available in <a href=\"https:\/\/www.enerjigazetesi.ist\/tr\/wp-json\/wp\/v2\/posts\/77902\" class=\"qtranxs-available-language-link qtranxs-available-language-link-tr\" title=\"Turkish\">Turkish<\/a>. For the sake of viewer convenience, the content is shown below in the alternative language. You may click the link to switch the active language.<\/p><p><strong>Avrupa Birli\u011fi Komisyonu taraf\u0131ndan yeni iklimi koruma hedefleri a\u00e7\u0131klan\u0131rken komisyon 2030&#8217;a kadar sera gaz\u0131 emisyonlar\u0131n\u0131n 1990 y\u0131l\u0131 d\u00fczeyinin y\u00fczde 55\u2019ine indirilmesine y\u00f6nelik tavsiye de bulunmaktad\u0131r.<\/strong><\/p>\n<p>Polonya\u2019daki Birle\u015fmi\u015f Milletler \u0130klim Konferans\u0131 \u00f6ncesi ba\u015flayan iklim tart\u0131\u015fmas\u0131nda Frankfurter Allgemeine Zeitung, \u201cAvrupa iklimi koruma \u015fampiyonlu\u011funu \u00e7oktan kaybetmi\u015f durumda. Enerji verimlili\u011fini ve \u00e7evre dostu enerjileri kapsayan iklim stratejisi sadece bir ba\u015flang\u0131\u00e7 olabilir. Avrupa k\u00f6m\u00fcrden elektrik \u00fcretmeye son vermek <img loading=\"lazy\" class=\"size-medium wp-image-77903 alignleft\" src=\"https:\/\/www.enerjigazetesi.ist\/wp-content\/uploads\/2018\/08\/avrupada-komur-terk-edilmeli-300x169.jpg\" alt=\"\" width=\"300\" height=\"169\" srcset=\"https:\/\/www.enerjigazetesi.ist\/wp-content\/uploads\/2018\/08\/avrupada-komur-terk-edilmeli-300x169.jpg 300w, https:\/\/www.enerjigazetesi.ist\/wp-content\/uploads\/2018\/08\/avrupada-komur-terk-edilmeli-500x281.jpg 500w, https:\/\/www.enerjigazetesi.ist\/wp-content\/uploads\/2018\/08\/avrupada-komur-terk-edilmeli-80x45.jpg 80w, https:\/\/www.enerjigazetesi.ist\/wp-content\/uploads\/2018\/08\/avrupada-komur-terk-edilmeli.jpg 700w\" sizes=\"(max-width: 300px) 100vw, 300px\" \/>ve sera gaz\u0131 emisyonlar\u0131n\u0131 asgariye indirmek zorundad\u0131r. Konferans\u0131n ev sahibi Polonya en fazla k\u00f6m\u00fcr yakan AB \u00fclkelerinin ba\u015f\u0131nda geliyor. Komisyon AB \u00fclkeleri aras\u0131nda tart\u0131\u015fma \u00e7\u0131kmamas\u0131 i\u00e7in bu ger\u00e7e\u011fi a\u00e7\u0131k\u00e7a dile getirmek istemedi.\u201d ifadelerini kulland\u0131.<\/p>\n<p>Frankfurter Rundschau gazetesinin yorumunda ise, \u201cAB ekolojik enerjileri ve enerji verimlili\u011fini artt\u0131rma planlar\u0131n\u0131 uygularsa, sera gaz\u0131 emisyonunu d\u00fc\u015f\u00fcrme hedefine ula\u015fabilir. Ancak iki sorunlu nokta var: Birincisi AB\u2019nin planlar\u0131n\u0131n Paris \u0130klim Anla\u015fmas\u0131nda \u00f6ng\u00f6r\u00fclen 1,5 derecelik \u0131s\u0131nma hedefini tutturmaya yetmeyecek olmas\u0131. Bunun i\u00e7in sera gaz\u0131 emisyonlar\u0131n\u0131n 1990 d\u00fczeyinin y\u00fczde 55\u2019ine de\u011fil, y\u00fczde 45\u2019ine indirilmesi gerekir. \u0130kincisi, yenilenebilir enerjilere ge\u00e7i\u015fi sa\u011flay\u0131p enerji tasarrufunu artt\u0131r\u0131c\u0131 ara\u00e7lar\u0131n devreye sokulmas\u0131 gerekti\u011fidir. 2020 y\u0131l\u0131 i\u00e7in saptad\u0131\u011f\u0131 ulusal iklimi koruma hedefi iflas eden Almanya bu alanda \u00f6nc\u00fcl\u00fck rol\u00fcn\u00fc \u00fcstlenebilir.\u201d dedi.<\/p>","protected":false},"excerpt":{"rendered":"<p>Sorry, this entry is only available in Turkish. For the sake of viewer convenience, the content is shown below in the alternative language. You may click the link to switch the active language.Avrupa Birli\u011fi Komisyonu taraf\u0131ndan yeni iklimi koruma hedefleri a\u00e7\u0131klan\u0131rken komisyon 2030&#8217;a kadar sera gaz\u0131 emisyonlar\u0131n\u0131n 1990 y\u0131l\u0131 d\u00fczeyinin y\u00fczde 55\u2019ine indirilmesine y\u00f6nelik tavsiye [&hellip;]<\/p>\n","protected":false},"author":1,"featured_media":77903,"comment_status":"open","ping_status":"open","sticky":false,"template":"","format":"standard","meta":[],"categories":[53,24649],"tags":[1192,1964,21627,67,1009,38952,1675,24143],"views":733,"_links":{"self":[{"href":"https:\/\/www.enerjigazetesi.ist\/en\/wp-json\/wp\/v2\/posts\/77902"}],"collection":[{"href":"https:\/\/www.enerjigazetesi.ist\/en\/wp-json\/wp\/v2\/posts"}],"about":[{"href":"https:\/\/www.enerjigazetesi.ist\/en\/wp-json\/wp\/v2\/types\/post"}],"author":[{"embeddable":true,"href":"https:\/\/www.enerjigazetesi.ist\/en\/wp-json\/wp\/v2\/users\/1"}],"replies":[{"embeddable":true,"href":"https:\/\/www.enerjigazetesi.ist\/en\/wp-json\/wp\/v2\/comments?post=77902"}],"version-history":[{"count":2,"href":"https:\/\/www.enerjigazetesi.ist\/en\/wp-json\/wp\/v2\/posts\/77902\/revisions"}],"predecessor-version":[{"id":77905,"href":"https:\/\/www.enerjigazetesi.ist\/en\/wp-json\/wp\/v2\/posts\/77902\/revisions\/77905"}],"wp:featuredmedia":[{"embeddable":true,"href":"https:\/\/www.enerjigazetesi.ist\/en\/wp-json\/wp\/v2\/media\/77903"}],"wp:attachment":[{"href":"https:\/\/www.enerjigazetesi.ist\/en\/wp-json\/wp\/v2\/media?parent=77902"}],"wp:term":[{"taxonomy":"category","embeddable":true,"href":"https:\/\/www.enerjigazetesi.ist\/en\/wp-json\/wp\/v2\/categories?post=77902"},{"taxonomy":"post_tag","embeddable":true,"href":"https:\/\/www.enerjigazetesi.ist\/en\/wp-json\/wp\/v2\/tags?post=77902"}],"curies":[{"name":"wp","href":"https:\/\/api.w.org\/{rel}","templated":true}]}}