{"id":77841,"date":"2018-08-21T23:07:05","date_gmt":"2018-08-21T20:07:05","guid":{"rendered":"https:\/\/www.enerjigazetesi.ist\/?p=77841"},"modified":"2018-08-21T23:07:05","modified_gmt":"2018-08-21T20:07:05","slug":"yenilenebilir-enerjiden-kuresel-enerji-yarisina-girmek-icin-hazirlik","status":"publish","type":"post","link":"https:\/\/www.enerjigazetesi.ist\/en\/yenilenebilir-enerjiden-kuresel-enerji-yarisina-girmek-icin-hazirlik\/","title":{"rendered":"(Turkish) Yenilenebilir Enerji&#8217;den K\u00fcresel Enerji Yar\u0131\u015f\u0131na Girmek \u0130\u00e7in Haz\u0131rl\u0131k&#8230;"},"content":{"rendered":"<p class=\"qtranxs-available-languages-message qtranxs-available-languages-message-en\">Sorry, this entry is only available in <a href=\"https:\/\/www.enerjigazetesi.ist\/tr\/wp-json\/wp\/v2\/posts\/77841\" class=\"qtranxs-available-language-link qtranxs-available-language-link-tr\" title=\"Turkish\">Turkish<\/a>. For the sake of viewer convenience, the content is shown below in the alternative language. You may click the link to switch the active language.<\/p><p><strong>\u00c7ok yak\u0131nda g\u00fcne\u015f ve r\u00fczgar enerjisi \u00f6l\u00e7ek ve maliyet baz\u0131nda petrol ve do\u011falgazla rekabet edebilir hale gelecek.<\/strong><\/p>\n<p>2010&#8217;da su \u0131s\u0131t\u0131c\u0131n\u0131z\u0131 kaynatmak i\u00e7in g\u00fcne\u015f enerjisi kullanmak yakla\u015f\u0131k 0,03 \u00a3\u2019e mal olurken UBS\u2019deki <img loading=\"lazy\" class=\"alignleft size-medium wp-image-77842\" src=\"https:\/\/www.enerjigazetesi.ist\/wp-content\/uploads\/2018\/08\/yenilenebilir-enerjiden-kuresel-enerji-yarisina-girmek-icin-hazirlik-300x200.jpg\" alt=\"\" width=\"300\" height=\"200\" srcset=\"https:\/\/www.enerjigazetesi.ist\/wp-content\/uploads\/2018\/08\/yenilenebilir-enerjiden-kuresel-enerji-yarisina-girmek-icin-hazirlik-300x200.jpg 300w, https:\/\/www.enerjigazetesi.ist\/wp-content\/uploads\/2018\/08\/yenilenebilir-enerjiden-kuresel-enerji-yarisina-girmek-icin-hazirlik-75x50.jpg 75w, https:\/\/www.enerjigazetesi.ist\/wp-content\/uploads\/2018\/08\/yenilenebilir-enerjiden-kuresel-enerji-yarisina-girmek-icin-hazirlik.jpg 399w\" sizes=\"(max-width: 300px) 100vw, 300px\" \/>ara\u015ft\u0131rma ekibinin tahminlerine g\u00f6re, 2020&#8217;ye gelindi\u011finde maliyet bir sentin yar\u0131s\u0131na d\u00fc\u015fm\u00fc\u015f olacak. 2030 y\u0131l\u0131na kadar ise, maliyet s\u0131f\u0131ra yak\u0131n olup neredeyse \u00fccretsiz olacak. Bu gezegen ve muhtemelen ekonomi i\u00e7in harika bir haber. Sadece \u00e7ay yapman\u0131n d\u0131\u015f\u0131nda bol, ucuz, temiz enerjinin pek \u00e7ok alanda kullan\u0131labilece\u011finin habercisi olmaktad\u0131r.<\/p>\n<p>Yenilenebilir enerjilerin yak\u0131nda t\u00fcm alternatiflerden daha ucuz olabilece\u011fi inanc\u0131 enerji sekt\u00f6r\u00fcnde bir kurumsal eylem dalgas\u0131na sebep oldu. Halihaz\u0131rda pek \u00e7ok b\u00fcy\u00fck Avrupa \u015firketi (sekt\u00f6r endeksinin yakla\u015f\u0131k yar\u0131s\u0131) k\u0131sa bir s\u00fcre \u00f6nce bas\u0131n yoluyla al\u0131mlar, elden \u00e7\u0131karmalar veya devralmalar\u0131 duyurmas\u0131yla bu i\u015fleri b\u00fcy\u00fck \u00f6l\u00e7\u00fcde yeniden \u015fekillendirebilece\u011fini m\u00fcjdeledi. Bu konuda en son ad\u0131m offshore r\u00fczgar uzman\u0131 Orsted\u2019den geldi. Ge\u00e7ti\u011fimiz hafta yapt\u0131\u011f\u0131 a\u00e7\u0131klamaya g\u00f6re Lincoln Clean Energy\u2019yi sat\u0131n al\u0131p i\u015flerini ABD onshore r\u00fczgarlar\u0131nda geni\u015fleteceklerini duyurdu.<\/p>\n<p>Sekt\u00f6r\u00fcn temel ekonomisi de\u011fi\u015fti\u011fi i\u00e7in, kurumsal faaliyetlerin mant\u0131kl\u0131 oldu\u011funa inan\u0131l\u0131yor. Ge\u00e7en y\u0131l, herhangi bir s\u00fcbvansiyon ya da vergi kesintisi olmaks\u0131z\u0131n uygulanabilir olan b\u00fcy\u00fck r\u00fczgar ve g\u00fcne\u015f enerjisi projelerinin ortaya \u00e7\u0131kmas\u0131; yenilenebilir enerji kaynaklar\u0131n\u0131n, d\u00fcnyan\u0131n enerji bakanlar\u0131n\u0131n karar verdikleri h\u0131zdan ziyade, teknoloji geli\u015fiminin izin verdi\u011fi kadar h\u0131zl\u0131 b\u00fcy\u00fcmeye ba\u015flayabilece\u011fi anlam\u0131na geldi. \u0130kinci fakt\u00f6r ise, h\u00fck\u00fcmetlerin maliyetleri sabitlemesi. S\u00fcbvansiyonlar\u0131n mevcut oldu\u011fu durumlarda, \u015firketler art\u0131k rekabet\u00e7i ihalelerde teklif vermeli. Bu a\u00e7\u0131k art\u0131rma modeli, hi\u00e7 kimsenin beklemedi\u011fi bir seviyede yenilik ve verimlili\u011fi art\u0131r\u0131yor. \u00d6rne\u011fin; \u0130ngiltere\u2019de, ihale sadece \u00fc\u00e7 y\u0131l i\u00e7inde deniz r\u00fczgar\u0131 maliyetini yar\u0131dan fazla azaltt\u0131. Almanya\u2019da ise, 2015\u2019ten bu yana kabaca yar\u0131ya kadar yenilenebilir enerji primini azaltmaya yard\u0131mc\u0131 oldu.<\/p>\n<p>Maliyetler \u00fczerindeki bu bask\u0131n\u0131n bir ba\u015fka \u00f6nemli etkisi daha var; geli\u015ftiricileri \u00f6l\u00e7ek i\u00e7in yeni ve k\u00fcresel bir yar\u0131\u015fa do\u011fru itmek. \u0130lk olarak, r\u00fczgar ve g\u00fcne\u015f \u00e7iftlikleri b\u00fcy\u00fcyor. G\u00fcn\u00fcm\u00fczde baz\u0131 g\u00fcne\u015f enerjisi projeleri, bir milyon panelden daha fazla ve a\u00e7\u0131k deniz r\u00fczgar t\u00fcrbinleri, 100 metreye yak\u0131n b\u0131\u00e7aklara sahip bir g\u00f6kdelenden daha uzun. \u0130kincisi, \u015firketler, tedarik zincirlerinde daha fazla sat\u0131n alma g\u00fcc\u00fc ve daha fazla sinerji, veri ve i\u015fletme uzmanl\u0131klar\u0131n\u0131 yenilenebilir portf\u00f6ylerinden \u00e7\u0131kard\u0131klar\u0131 i\u00e7in giderek daha da b\u00fcy\u00fcyorlar. Bu sebeple, end\u00fcstrinin yap\u0131s\u0131n\u0131n de\u011fi\u015fmesi art\u0131k bir ihtiya\u00e7. Sonu\u00e7 olarak; hizmet sekt\u00f6r\u00fc topun a\u011fz\u0131nda ve y\u00f6netim ekiplerinin plan yapmalar\u0131 i\u00e7in \u00e7ok erken de\u011fil.<\/p>\n<p>Kaynak:\u00a0\u201dRenewables are primed to enter the global energy race\u201d, Financial Times<\/p>","protected":false},"excerpt":{"rendered":"<p>Sorry, this entry is only available in Turkish. For the sake of viewer convenience, the content is shown below in the alternative language. You may click the link to switch the active language.\u00c7ok yak\u0131nda g\u00fcne\u015f ve r\u00fczgar enerjisi \u00f6l\u00e7ek ve maliyet baz\u0131nda petrol ve do\u011falgazla rekabet edebilir hale gelecek. 2010&#8217;da su \u0131s\u0131t\u0131c\u0131n\u0131z\u0131 kaynatmak i\u00e7in g\u00fcne\u015f [&hellip;]<\/p>\n","protected":false},"author":1,"featured_media":77842,"comment_status":"open","ping_status":"open","sticky":false,"template":"","format":"standard","meta":[],"categories":[53,49,50],"tags":[67,1009,23416,23133,23131,38933,24949,23318,34960,26829],"views":544,"_links":{"self":[{"href":"https:\/\/www.enerjigazetesi.ist\/en\/wp-json\/wp\/v2\/posts\/77841"}],"collection":[{"href":"https:\/\/www.enerjigazetesi.ist\/en\/wp-json\/wp\/v2\/posts"}],"about":[{"href":"https:\/\/www.enerjigazetesi.ist\/en\/wp-json\/wp\/v2\/types\/post"}],"author":[{"embeddable":true,"href":"https:\/\/www.enerjigazetesi.ist\/en\/wp-json\/wp\/v2\/users\/1"}],"replies":[{"embeddable":true,"href":"https:\/\/www.enerjigazetesi.ist\/en\/wp-json\/wp\/v2\/comments?post=77841"}],"version-history":[{"count":1,"href":"https:\/\/www.enerjigazetesi.ist\/en\/wp-json\/wp\/v2\/posts\/77841\/revisions"}],"predecessor-version":[{"id":77843,"href":"https:\/\/www.enerjigazetesi.ist\/en\/wp-json\/wp\/v2\/posts\/77841\/revisions\/77843"}],"wp:featuredmedia":[{"embeddable":true,"href":"https:\/\/www.enerjigazetesi.ist\/en\/wp-json\/wp\/v2\/media\/77842"}],"wp:attachment":[{"href":"https:\/\/www.enerjigazetesi.ist\/en\/wp-json\/wp\/v2\/media?parent=77841"}],"wp:term":[{"taxonomy":"category","embeddable":true,"href":"https:\/\/www.enerjigazetesi.ist\/en\/wp-json\/wp\/v2\/categories?post=77841"},{"taxonomy":"post_tag","embeddable":true,"href":"https:\/\/www.enerjigazetesi.ist\/en\/wp-json\/wp\/v2\/tags?post=77841"}],"curies":[{"name":"wp","href":"https:\/\/api.w.org\/{rel}","templated":true}]}}