{"id":77820,"date":"2018-08-20T22:10:55","date_gmt":"2018-08-20T19:10:55","guid":{"rendered":"https:\/\/www.enerjigazetesi.ist\/?p=77820"},"modified":"2018-08-20T22:13:20","modified_gmt":"2018-08-20T19:13:20","slug":"almanya-abdnin-tehdidine-ragmen-kuzey-akim-2den-vazgecmeyecek","status":"publish","type":"post","link":"https:\/\/www.enerjigazetesi.ist\/en\/almanya-abdnin-tehdidine-ragmen-kuzey-akim-2den-vazgecmeyecek\/","title":{"rendered":"(Turkish) Almanya, ABD\u2019nin Tehdidine Ra\u011fmen Kuzey Ak\u0131m 2\u2019den Vazge\u00e7meyecek"},"content":{"rendered":"<p class=\"qtranxs-available-languages-message qtranxs-available-languages-message-en\">Sorry, this entry is only available in <a href=\"https:\/\/www.enerjigazetesi.ist\/tr\/wp-json\/wp\/v2\/posts\/77820\" class=\"qtranxs-available-language-link qtranxs-available-language-link-tr\" title=\"Turkish\">Turkish<\/a>. For the sake of viewer convenience, the content is shown below in the alternative language. You may click the link to switch the active language.<\/p><p><strong>Almanya, Kuzey Ak\u0131m 2 Projesi\u2019ne kar\u015f\u0131 olan Amerika Birle\u015fik Devletleri\u2019ne (ABD) y\u00f6nelik yeni bir a\u00e7\u0131klama yapt\u0131. Bu a\u00e7\u0131klamay\u0131 yapan Almanya\u2019n\u0131n Sosyal Demokrat Parti Genel Ba\u015fkan\u0131 Andrea Nales taraf\u0131ndan \u00fclkenin enerji anla\u015fmas\u0131ndan caymayaca\u011f\u0131 ifade edildi.<\/strong><\/p>\n<p><span id=\"more-101526\"><img loading=\"lazy\" class=\"alignleft size-medium wp-image-77821\" src=\"https:\/\/www.enerjigazetesi.ist\/wp-content\/uploads\/2018\/08\/almanya-abdnin-tehdidine-ragmen-kuzey-akim-2den-vazgecmeyecek-300x162.jpg\" alt=\"\" width=\"300\" height=\"162\" srcset=\"https:\/\/www.enerjigazetesi.ist\/wp-content\/uploads\/2018\/08\/almanya-abdnin-tehdidine-ragmen-kuzey-akim-2den-vazgecmeyecek-300x162.jpg 300w, https:\/\/www.enerjigazetesi.ist\/wp-content\/uploads\/2018\/08\/almanya-abdnin-tehdidine-ragmen-kuzey-akim-2den-vazgecmeyecek-768x415.jpg 768w, https:\/\/www.enerjigazetesi.ist\/wp-content\/uploads\/2018\/08\/almanya-abdnin-tehdidine-ragmen-kuzey-akim-2den-vazgecmeyecek-500x271.jpg 500w, https:\/\/www.enerjigazetesi.ist\/wp-content\/uploads\/2018\/08\/almanya-abdnin-tehdidine-ragmen-kuzey-akim-2den-vazgecmeyecek-80x43.jpg 80w, https:\/\/www.enerjigazetesi.ist\/wp-content\/uploads\/2018\/08\/almanya-abdnin-tehdidine-ragmen-kuzey-akim-2den-vazgecmeyecek.jpg 1000w\" sizes=\"(max-width: 300px) 100vw, 300px\" \/><\/span>Funke\u2019ye yap\u0131lan a\u00e7\u0131klamada, Almanya\u2019n\u0131n salt ABD Ba\u015fkan\u0131 Donald Trump\u2019\u0131n muhalif olmas\u0131 nedeni ile Almanya\u2019n\u0131n enerji politikas\u0131ndan vazge\u00e7meyece\u011fi belirtildi.<\/p>\n<p>Ayr\u0131ca Nales, Almanya\u2019n\u0131n bir\u00e7ok \u00fclkeden enerji alarak bununla birlikte ba\u015fkaca bir gaz boru hatt\u0131n\u0131n da enerji konusunda kendilerini Rusya\u2019ya ba\u011f\u0131ml\u0131 k\u0131lmayaca\u011f\u0131n\u0131 ifade etti. ABD Ba\u015fkan\u0131 Trump ise, ge\u00e7en d\u00f6nemler i\u00e7inde Almanya\u2019y\u0131 Rus do\u011falgaz\u0131na y\u00fcksek miktarlarda para \u00f6dedi\u011fi ve bundan dolay\u0131 da yeni bir boru hatt\u0131 in\u015fa etmesinden \u00f6t\u00fcr\u00fc su\u00e7lamalar y\u00f6neltmi\u015fti. Ayn\u0131 zamanda ABD, Kuzey Ak\u0131m 2 Projesi\u2019ne kar\u015f\u0131 oldu\u011funu bir\u00e7ok kere dile getirmi\u015f ve projeye kat\u0131lan firmalar\u0131 da farkl\u0131 yapt\u0131r\u0131mlar yapmakla tehditte bulunmu\u015ftu.<\/p>","protected":false},"excerpt":{"rendered":"<p>Sorry, this entry is only available in Turkish. For the sake of viewer convenience, the content is shown below in the alternative language. You may click the link to switch the active language.Almanya, Kuzey Ak\u0131m 2 Projesi\u2019ne kar\u015f\u0131 olan Amerika Birle\u015fik Devletleri\u2019ne (ABD) y\u00f6nelik yeni bir a\u00e7\u0131klama yapt\u0131. Bu a\u00e7\u0131klamay\u0131 yapan Almanya\u2019n\u0131n Sosyal Demokrat Parti [&hellip;]<\/p>\n","protected":false},"author":1,"featured_media":77821,"comment_status":"open","ping_status":"open","sticky":false,"template":"","format":"standard","meta":[],"categories":[46,53],"tags":[1198,38926,929,3512,876,1128,19761,23219,67,1009,86,25467,1772],"views":525,"_links":{"self":[{"href":"https:\/\/www.enerjigazetesi.ist\/en\/wp-json\/wp\/v2\/posts\/77820"}],"collection":[{"href":"https:\/\/www.enerjigazetesi.ist\/en\/wp-json\/wp\/v2\/posts"}],"about":[{"href":"https:\/\/www.enerjigazetesi.ist\/en\/wp-json\/wp\/v2\/types\/post"}],"author":[{"embeddable":true,"href":"https:\/\/www.enerjigazetesi.ist\/en\/wp-json\/wp\/v2\/users\/1"}],"replies":[{"embeddable":true,"href":"https:\/\/www.enerjigazetesi.ist\/en\/wp-json\/wp\/v2\/comments?post=77820"}],"version-history":[{"count":3,"href":"https:\/\/www.enerjigazetesi.ist\/en\/wp-json\/wp\/v2\/posts\/77820\/revisions"}],"predecessor-version":[{"id":77824,"href":"https:\/\/www.enerjigazetesi.ist\/en\/wp-json\/wp\/v2\/posts\/77820\/revisions\/77824"}],"wp:featuredmedia":[{"embeddable":true,"href":"https:\/\/www.enerjigazetesi.ist\/en\/wp-json\/wp\/v2\/media\/77821"}],"wp:attachment":[{"href":"https:\/\/www.enerjigazetesi.ist\/en\/wp-json\/wp\/v2\/media?parent=77820"}],"wp:term":[{"taxonomy":"category","embeddable":true,"href":"https:\/\/www.enerjigazetesi.ist\/en\/wp-json\/wp\/v2\/categories?post=77820"},{"taxonomy":"post_tag","embeddable":true,"href":"https:\/\/www.enerjigazetesi.ist\/en\/wp-json\/wp\/v2\/tags?post=77820"}],"curies":[{"name":"wp","href":"https:\/\/api.w.org\/{rel}","templated":true}]}}