{"id":77786,"date":"2018-08-19T23:00:26","date_gmt":"2018-08-19T20:00:26","guid":{"rendered":"https:\/\/www.enerjigazetesi.ist\/?p=77786"},"modified":"2018-08-19T23:00:26","modified_gmt":"2018-08-19T20:00:26","slug":"turkiyenin-sebekesi-60-gw-gucunde-ruzgar-ve-gunes-enerjisini-kaldirabilir","status":"publish","type":"post","link":"https:\/\/www.enerjigazetesi.ist\/en\/turkiyenin-sebekesi-60-gw-gucunde-ruzgar-ve-gunes-enerjisini-kaldirabilir\/","title":{"rendered":"(Turkish) T\u00fcrkiye&#8217;nin \u015eebekesi 60 GW G\u00fcc\u00fcnde R\u00fczgar ve G\u00fcne\u015f Enerjisini Kald\u0131rabilir"},"content":{"rendered":"<p class=\"qtranxs-available-languages-message qtranxs-available-languages-message-en\">Sorry, this entry is only available in <a href=\"https:\/\/www.enerjigazetesi.ist\/tr\/wp-json\/wp\/v2\/posts\/77786\" class=\"qtranxs-available-language-link qtranxs-available-language-link-tr\" title=\"Turkish\">Turkish<\/a>. For the sake of viewer convenience, the content is shown below in the alternative language. You may click the link to switch the active language.<\/p><p><strong>\u201cT\u00fcrkiye\u2019nin Elektrik Sekt\u00f6r\u00fcnde Yenilenebilir Kaynaklar\u0131n Artan Pay\u0131\u201d raporunda,\u00a0T\u00fcrkiye\u2019nin enerji d\u00f6n\u00fc\u015f\u00fcm\u00fc yolunda yeni bir sayfa a\u00e7an \u00e7al\u0131\u015fma, T\u00fcrkiye\u2019nin elektrik iletim hatlar\u0131n\u0131 TE\u0130A\u015e\u2019\u0131n \u201810 Y\u0131ll\u0131k Yat\u0131r\u0131m Plan\u0131\u2019 \u0131\u015f\u0131\u011f\u0131nda inceleyerek T\u00fcrkiye\u2019nin r\u00fczgar ve g\u00fcne\u015f enerjisi potansiyelini de\u011ferlendirip farkl\u0131 senaryolar\u0131 ortaya koymaktad\u0131r. Raporun en \u00e7arp\u0131c\u0131 olan senaryosu ise T\u00fcrkiye\u2019nin 2026&#8217;da r\u00fczgar ve g\u00fcne\u015f kapasitesini 60 GW\u2019a y\u00fckseltmesinin \u00f6n\u00fcnde \u015febeke taraf\u0131ndan bir engel te\u015fkil edilmedi\u011fine i\u015faret ediliyor.<\/strong><\/p>\n<p><img loading=\"lazy\" class=\"alignleft size-medium wp-image-77787\" src=\"https:\/\/www.enerjigazetesi.ist\/wp-content\/uploads\/2018\/08\/turkiyenin-sebekesi-60-gw-gucunde-ruzgar-ve-gunes-enerjisini-kaldirabilir-300x193.jpg\" alt=\"\" width=\"300\" height=\"193\" srcset=\"https:\/\/www.enerjigazetesi.ist\/wp-content\/uploads\/2018\/08\/turkiyenin-sebekesi-60-gw-gucunde-ruzgar-ve-gunes-enerjisini-kaldirabilir-300x193.jpg 300w, https:\/\/www.enerjigazetesi.ist\/wp-content\/uploads\/2018\/08\/turkiyenin-sebekesi-60-gw-gucunde-ruzgar-ve-gunes-enerjisini-kaldirabilir-500x321.jpg 500w, https:\/\/www.enerjigazetesi.ist\/wp-content\/uploads\/2018\/08\/turkiyenin-sebekesi-60-gw-gucunde-ruzgar-ve-gunes-enerjisini-kaldirabilir-78x50.jpg 78w, https:\/\/www.enerjigazetesi.ist\/wp-content\/uploads\/2018\/08\/turkiyenin-sebekesi-60-gw-gucunde-ruzgar-ve-gunes-enerjisini-kaldirabilir.jpg 700w\" sizes=\"(max-width: 300px) 100vw, 300px\" \/>Yap\u0131lan analize g\u00f6re, sisteme esneklik sa\u011flayan yeni teknolojilerin kullan\u0131m\u0131, daha efektif \u015febeke y\u00f6netimi ve planlamas\u0131 ve kabul edilebilir bir ek yat\u0131r\u0131mla sekiz y\u0131l sonra, T\u00fcrkiye elektrik \u015febekesinin g\u00fcn\u00fcm\u00fcze nazaran 6 kat g\u00fcne\u015f ve r\u00fczgar enerjisi kald\u0131rmas\u0131 m\u00fcmk\u00fcn olacakt\u0131r. B\u00f6ylece g\u00fcne\u015f ve r\u00fczgardan \u00fcretilecek elektrik, toplam t\u00fcketimin y\u00fczde 31\u2019ini; di\u011fer yenilenebilir enerji kaynaklar\u0131n\u0131n da hesaba kat\u0131lmas\u0131yla, yenilenebilir enerji toplam t\u00fcketimin y\u00fczde 53\u2019\u00fcn\u00fc kar\u015f\u0131layabilecek d\u00fczeye gelmektedir.<\/p>\n<p>SHURA Enerji D\u00f6n\u00fc\u015f\u00fcm\u00fc Merkezi\u2019nin Direkt\u00f6r\u00fc Dr. De\u011fer Sayg\u0131n taraf\u0131ndan raporun bulgular\u0131n\u0131n T\u00fcrkiye elektrik sekt\u00f6r\u00fcnde \u00f6nemli bir bo\u015flu\u011fu doldurdu\u011fu belirtilerek;<br \/>\n\u201c\u00c7al\u0131\u015fman\u0131n sonu\u00e7lar\u0131 heyecan vericidir; T\u00fcrkiye, h\u0131zla b\u00fcy\u00fcyen ekonomisi ve giderek rekabete a\u00e7\u0131lan enerji piyasas\u0131yla sekiz y\u0131l sonra toplam elektrik t\u00fcketiminin y\u00fczde 50\u2019sini ba\u015fta g\u00fcne\u015f ve r\u00fczgar olmak \u00fczere yenilenebilir enerjiden kar\u015f\u0131lamay\u0131 konu\u015fabilecek potansiyeldedir&#8221; denildi.<\/p>","protected":false},"excerpt":{"rendered":"<p>Sorry, this entry is only available in Turkish. For the sake of viewer convenience, the content is shown below in the alternative language. You may click the link to switch the active language.\u201cT\u00fcrkiye\u2019nin Elektrik Sekt\u00f6r\u00fcnde Yenilenebilir Kaynaklar\u0131n Artan Pay\u0131\u201d raporunda,\u00a0T\u00fcrkiye\u2019nin enerji d\u00f6n\u00fc\u015f\u00fcm\u00fc yolunda yeni bir sayfa a\u00e7an \u00e7al\u0131\u015fma, T\u00fcrkiye\u2019nin elektrik iletim hatlar\u0131n\u0131 TE\u0130A\u015e\u2019\u0131n \u201810 Y\u0131ll\u0131k [&hellip;]<\/p>\n","protected":false},"author":1,"featured_media":77787,"comment_status":"open","ping_status":"open","sticky":false,"template":"","format":"standard","meta":[],"categories":[51,53,49,50],"tags":[19,67,1009,2326,17944,227,23416,2569,474,69,24949,231,14860],"views":694,"_links":{"self":[{"href":"https:\/\/www.enerjigazetesi.ist\/en\/wp-json\/wp\/v2\/posts\/77786"}],"collection":[{"href":"https:\/\/www.enerjigazetesi.ist\/en\/wp-json\/wp\/v2\/posts"}],"about":[{"href":"https:\/\/www.enerjigazetesi.ist\/en\/wp-json\/wp\/v2\/types\/post"}],"author":[{"embeddable":true,"href":"https:\/\/www.enerjigazetesi.ist\/en\/wp-json\/wp\/v2\/users\/1"}],"replies":[{"embeddable":true,"href":"https:\/\/www.enerjigazetesi.ist\/en\/wp-json\/wp\/v2\/comments?post=77786"}],"version-history":[{"count":1,"href":"https:\/\/www.enerjigazetesi.ist\/en\/wp-json\/wp\/v2\/posts\/77786\/revisions"}],"predecessor-version":[{"id":77788,"href":"https:\/\/www.enerjigazetesi.ist\/en\/wp-json\/wp\/v2\/posts\/77786\/revisions\/77788"}],"wp:featuredmedia":[{"embeddable":true,"href":"https:\/\/www.enerjigazetesi.ist\/en\/wp-json\/wp\/v2\/media\/77787"}],"wp:attachment":[{"href":"https:\/\/www.enerjigazetesi.ist\/en\/wp-json\/wp\/v2\/media?parent=77786"}],"wp:term":[{"taxonomy":"category","embeddable":true,"href":"https:\/\/www.enerjigazetesi.ist\/en\/wp-json\/wp\/v2\/categories?post=77786"},{"taxonomy":"post_tag","embeddable":true,"href":"https:\/\/www.enerjigazetesi.ist\/en\/wp-json\/wp\/v2\/tags?post=77786"}],"curies":[{"name":"wp","href":"https:\/\/api.w.org\/{rel}","templated":true}]}}