{"id":77764,"date":"2018-08-19T16:42:36","date_gmt":"2018-08-19T13:42:36","guid":{"rendered":"https:\/\/www.enerjigazetesi.ist\/?p=77764"},"modified":"2018-08-19T16:42:36","modified_gmt":"2018-08-19T13:42:36","slug":"avrupa-birliginde-karbon-izin-fiyatlari-artis-gosterdi","status":"publish","type":"post","link":"https:\/\/www.enerjigazetesi.ist\/en\/avrupa-birliginde-karbon-izin-fiyatlari-artis-gosterdi\/","title":{"rendered":"(Turkish) Avrupa Birli\u011fi\u2019nde Karbon \u0130zin Fiyatlar\u0131 Art\u0131\u015f G\u00f6sterdi"},"content":{"rendered":"<p class=\"qtranxs-available-languages-message qtranxs-available-languages-message-en\">Sorry, this entry is only available in <a href=\"https:\/\/www.enerjigazetesi.ist\/tr\/wp-json\/wp\/v2\/posts\/77764\" class=\"qtranxs-available-language-link qtranxs-available-language-link-tr\" title=\"Turkish\">Turkish<\/a>. For the sake of viewer convenience, the content is shown below in the alternative language. You may click the link to switch the active language.<\/p><p><strong>\u00a0Avrupa Birli\u011fi\u2019nde karbon izin\u00a0fiyatlar\u0131 son 10 y\u0131l\u0131n en y\u00fcksek seviyesine ula\u015ft\u0131.<\/strong><\/p>\n<p><img loading=\"lazy\" class=\"alignright size-medium wp-image-77767\" src=\"https:\/\/www.enerjigazetesi.ist\/wp-content\/uploads\/2018\/08\/karbon-ayak-izini-azaltmanin-10-kolay-yolu_24-300x183.jpg\" alt=\"\" width=\"300\" height=\"183\" srcset=\"https:\/\/www.enerjigazetesi.ist\/wp-content\/uploads\/2018\/08\/karbon-ayak-izini-azaltmanin-10-kolay-yolu_24-300x183.jpg 300w, https:\/\/www.enerjigazetesi.ist\/wp-content\/uploads\/2018\/08\/karbon-ayak-izini-azaltmanin-10-kolay-yolu_24-500x305.jpg 500w, https:\/\/www.enerjigazetesi.ist\/wp-content\/uploads\/2018\/08\/karbon-ayak-izini-azaltmanin-10-kolay-yolu_24-80x50.jpg 80w, https:\/\/www.enerjigazetesi.ist\/wp-content\/uploads\/2018\/08\/karbon-ayak-izini-azaltmanin-10-kolay-yolu_24.jpg 654w\" sizes=\"(max-width: 300px) 100vw, 300px\" \/>Avrupa Birli\u011fi&#8217;nde karbon i\u00e7in fiyatlar, arz\u0131n azalmas\u0131n\u0131n etkisiyle son 10 y\u0131l\u0131n en y\u00fcksek seviyesini g\u00f6rd\u00fc.<\/p>\n<p>Avrupa Birli\u011fi&#8217;nin Emisyon Al\u0131m-Sat\u0131m Sistemi (ETS) \u00fczerinden i\u015flem g\u00f6ren karbon sal\u0131m fiyatlar\u0131 Aral\u0131k 2018 tarihindeki teslimatta d\u00fcn 18,28 euro\/tona kadar \u00e7\u0131karken fiyatlar 2006 y\u0131l\u0131nda ise 30 euro\/tona kadar y\u00fckselmi\u015fti.<\/p>","protected":false},"excerpt":{"rendered":"<p>Sorry, this entry is only available in Turkish. For the sake of viewer convenience, the content is shown below in the alternative language. You may click the link to switch the active language.\u00a0Avrupa Birli\u011fi\u2019nde karbon izin\u00a0fiyatlar\u0131 son 10 y\u0131l\u0131n en y\u00fcksek seviyesine ula\u015ft\u0131. Avrupa Birli\u011fi&#8217;nde karbon i\u00e7in fiyatlar, arz\u0131n azalmas\u0131n\u0131n etkisiyle son 10 y\u0131l\u0131n en [&hellip;]<\/p>\n","protected":false},"author":1,"featured_media":77767,"comment_status":"open","ping_status":"open","sticky":false,"template":"","format":"standard","meta":[],"categories":[53,52],"tags":[2132,67,1009,26559,38908,38907,793],"views":703,"_links":{"self":[{"href":"https:\/\/www.enerjigazetesi.ist\/en\/wp-json\/wp\/v2\/posts\/77764"}],"collection":[{"href":"https:\/\/www.enerjigazetesi.ist\/en\/wp-json\/wp\/v2\/posts"}],"about":[{"href":"https:\/\/www.enerjigazetesi.ist\/en\/wp-json\/wp\/v2\/types\/post"}],"author":[{"embeddable":true,"href":"https:\/\/www.enerjigazetesi.ist\/en\/wp-json\/wp\/v2\/users\/1"}],"replies":[{"embeddable":true,"href":"https:\/\/www.enerjigazetesi.ist\/en\/wp-json\/wp\/v2\/comments?post=77764"}],"version-history":[{"count":1,"href":"https:\/\/www.enerjigazetesi.ist\/en\/wp-json\/wp\/v2\/posts\/77764\/revisions"}],"predecessor-version":[{"id":77768,"href":"https:\/\/www.enerjigazetesi.ist\/en\/wp-json\/wp\/v2\/posts\/77764\/revisions\/77768"}],"wp:featuredmedia":[{"embeddable":true,"href":"https:\/\/www.enerjigazetesi.ist\/en\/wp-json\/wp\/v2\/media\/77767"}],"wp:attachment":[{"href":"https:\/\/www.enerjigazetesi.ist\/en\/wp-json\/wp\/v2\/media?parent=77764"}],"wp:term":[{"taxonomy":"category","embeddable":true,"href":"https:\/\/www.enerjigazetesi.ist\/en\/wp-json\/wp\/v2\/categories?post=77764"},{"taxonomy":"post_tag","embeddable":true,"href":"https:\/\/www.enerjigazetesi.ist\/en\/wp-json\/wp\/v2\/tags?post=77764"}],"curies":[{"name":"wp","href":"https:\/\/api.w.org\/{rel}","templated":true}]}}